{"id":11717871,"date":"2021-08-30T11:24:00","date_gmt":"2021-08-30T15:24:00","guid":{"rendered":"http:\/\/www.corumbaonline.com.br\/news\/?p=11717871"},"modified":"2021-08-30T12:43:13","modified_gmt":"2021-08-30T16:43:13","slug":"media-movel-de-novos-casos-de-covid-fica-abaixo-de-300-pela-primeira-vez-no-ano","status":"publish","type":"post","link":"https:\/\/www.corumbaonline.com.br\/news\/media-movel-de-novos-casos-de-covid-fica-abaixo-de-300-pela-primeira-vez-no-ano\/","title":{"rendered":"M\u00e9dia m\u00f3vel de novos casos de Covid fica abaixo de 300 pela primeira vez no ano"},"content":{"rendered":"<p><span data-uw-styling-context=\"true\">Com 64 novos casos de Covid-19 confirmados nesta segunda-feira (30), Mato Grosso do Sul contabiliza 368.309 infectados desde o in\u00edcio da pandemia. Pela primeira vez no ano o boletim epidemiol\u00f3gico mostra m\u00e9dia m\u00f3vel de novos casos abaixo de 300.\u00a0<\/span><\/p>\n<p><span data-uw-styling-context=\"true\">O indicador aponta que na \u00faltima semana foram confirmados 281 novos casos por dia em Mato Grosso do Sul. Vale lembrar que o recorde hist\u00f3rico, alcan\u00e7ado no dia 8 de junho, foi de 2.003 casos registrados em um \u00fanico dia.\u00a0 A taxa de cont\u00e1gio dos \u00faltimos 14 dias vem se mantendo entre 0.88 e 0.86. Neste in\u00edcio de semana esse indicador ficou em 0.87.<\/span><\/p>\n<div id=\"gallery-1\" class=\"gallery galleryid-367266 gallery-columns-2 gallery-size-medium\">\n<figure class=\"gallery-item\">\n<div class=\"gallery-icon landscape\"><a href=\"http:\/\/www.ms.gov.br\/wp-content\/uploads\/sites\/150\/2021\/08\/m%C3%A9dia-movel.jpg\"><img loading=\"lazy\" decoding=\"async\" class=\"attachment-medium size-medium\" src=\"http:\/\/www.ms.gov.br\/wp-content\/uploads\/sites\/150\/2021\/08\/m%C3%A9dia-movel-300x235.jpg\" sizes=\"auto, (max-width: 300px) 100vw, 300px\" srcset=\"http:\/\/www.ms.gov.br\/wp-content\/uploads\/sites\/150\/2021\/08\/m\u00e9dia-movel-300x235.jpg 300w, http:\/\/www.ms.gov.br\/wp-content\/uploads\/sites\/150\/2021\/08\/m\u00e9dia-movel-307x240.jpg 307w, http:\/\/www.ms.gov.br\/wp-content\/uploads\/sites\/150\/2021\/08\/m\u00e9dia-movel.jpg 767w\" alt=\"\" width=\"300\" height=\"235\" \/><\/a><\/div>\n<\/figure>\n<figure class=\"gallery-item\">\n<div class=\"gallery-icon landscape\"><a href=\"http:\/\/www.ms.gov.br\/wp-content\/uploads\/sites\/150\/2021\/08\/taxa-contagio-1.jpg\"><img loading=\"lazy\" decoding=\"async\" class=\"attachment-medium size-medium\" src=\"http:\/\/www.ms.gov.br\/wp-content\/uploads\/sites\/150\/2021\/08\/taxa-contagio-1-300x235.jpg\" sizes=\"auto, (max-width: 300px) 100vw, 300px\" srcset=\"http:\/\/www.ms.gov.br\/wp-content\/uploads\/sites\/150\/2021\/08\/taxa-contagio-1-300x235.jpg 300w, http:\/\/www.ms.gov.br\/wp-content\/uploads\/sites\/150\/2021\/08\/taxa-contagio-1-307x240.jpg 307w, http:\/\/www.ms.gov.br\/wp-content\/uploads\/sites\/150\/2021\/08\/taxa-contagio-1.jpg 767w\" alt=\"\" width=\"300\" height=\"235\" \/><\/a><\/div>\n<\/figure>\n<\/div>\n<p><span data-uw-styling-context=\"true\">Nas \u00faltimas 24 horas a Secretaria de Estado de Sa\u00fade confirmou mais 8 \u00f3bitos pela doen\u00e7a no Estado, sendo 5 de Campo Grande, 2 de Tr\u00eas Lagoas e 1 de \u00c1gua Clara. A m\u00e9dia m\u00f3vel de \u00f3bitos est\u00e1 em 12,6. Com a atualiza\u00e7\u00e3o, o total de mortes desde o in\u00edcio da pandemia no Estado chega a 9.364.\u00a0<\/span><\/p>\n<p><span data-uw-styling-context=\"true\">De 2.524 casos ativos atualmente no Estado, 266 s\u00e3o pacientes internados em leitos cl\u00ednicos (113) e de UTI (153). Conforme o gr\u00e1fico da evolu\u00e7\u00e3o de pacientes internados, houve um pequeno aumento de pacientes internados nos \u00faltimos dois dias.\u00a0<\/span><\/p>\n<p><span data-uw-styling-context=\"true\">A mesma tend\u00eancia de leve aumento \u00e9 percebida na taxa de ocupa\u00e7\u00e3o leitos SUS\/UTI da macrorregi\u00e3o de Dourados que est\u00e1 em 49%. As macrorregi\u00f5es de Dourados e de Corumb\u00e1 mantiveram estabilidade com 56% e 33%, respectivamente. Tr\u00eas Lagoas apresenta tend\u00eancia de queda com 48%.\u00a0<\/span><\/p>\n<p><span data-uw-styling-context=\"true\">Al\u00e9m dos casos ativos, existem 21 amostras em an\u00e1lise no Laborat\u00f3rio Central (Lacen) e outros 1.837 casos sem encerramento pelos munic\u00edpios.\u00a0<\/span><\/p>\n<div id=\"gallery-2\" class=\"gallery galleryid-367266 gallery-columns-2 gallery-size-medium\">\n<figure class=\"gallery-item\">\n<div class=\"gallery-icon landscape\"><a href=\"http:\/\/www.ms.gov.br\/wp-content\/uploads\/sites\/150\/2021\/08\/interna%C3%A7%C3%B5es-1.jpg\"><img loading=\"lazy\" decoding=\"async\" class=\"attachment-medium size-medium\" src=\"http:\/\/www.ms.gov.br\/wp-content\/uploads\/sites\/150\/2021\/08\/interna%C3%A7%C3%B5es-1-300x235.jpg\" sizes=\"auto, (max-width: 300px) 100vw, 300px\" srcset=\"http:\/\/www.ms.gov.br\/wp-content\/uploads\/sites\/150\/2021\/08\/interna\u00e7\u00f5es-1-300x235.jpg 300w, http:\/\/www.ms.gov.br\/wp-content\/uploads\/sites\/150\/2021\/08\/interna\u00e7\u00f5es-1-307x240.jpg 307w, http:\/\/www.ms.gov.br\/wp-content\/uploads\/sites\/150\/2021\/08\/interna\u00e7\u00f5es-1.jpg 767w\" alt=\"\" width=\"300\" height=\"235\" \/><\/a><\/div>\n<\/figure>\n<figure class=\"gallery-item\">\n<div class=\"gallery-icon landscape\"><a href=\"http:\/\/www.ms.gov.br\/wp-content\/uploads\/sites\/150\/2021\/08\/ocupa%C3%A7%C3%A3o-leitos-1.jpg\"><img loading=\"lazy\" decoding=\"async\" class=\"attachment-medium size-medium\" src=\"http:\/\/www.ms.gov.br\/wp-content\/uploads\/sites\/150\/2021\/08\/ocupa%C3%A7%C3%A3o-leitos-1-300x235.jpg\" sizes=\"auto, (max-width: 300px) 100vw, 300px\" srcset=\"http:\/\/www.ms.gov.br\/wp-content\/uploads\/sites\/150\/2021\/08\/ocupa\u00e7\u00e3o-leitos-1-300x235.jpg 300w, http:\/\/www.ms.gov.br\/wp-content\/uploads\/sites\/150\/2021\/08\/ocupa\u00e7\u00e3o-leitos-1-307x240.jpg 307w, http:\/\/www.ms.gov.br\/wp-content\/uploads\/sites\/150\/2021\/08\/ocupa\u00e7\u00e3o-leitos-1.jpg 767w\" alt=\"\" width=\"300\" height=\"235\" \/><\/a><\/div>\n<\/figure>\n<\/div>\n<p><span data-uw-styling-context=\"true\">A vacina\u00e7\u00e3o segue avan\u00e7ando no Estado, e at\u00e9 a manh\u00e3 desta segunda-feira, 73,17% da popula\u00e7\u00e3o total de Mato Grosso do Sul j\u00e1 havia recebido uma dose da vacina, e 43,84% j\u00e1 haviam conclu\u00eddo o ciclo vacinal com as duas doses ou dose \u00fanica.\u00a0<\/span><\/p>\n<p><span data-uw-styling-context=\"true\">No \u00faltimo s\u00e1bado (28) a Secretaria de Estado de Sa\u00fade (SES) encerrou a semana epidemiol\u00f3gica n\u00b0 34 que registrou 2.388 novos casos, 89 \u00f3bitos e taxa de cont\u00e1gio de 0.87. No comparativo com a semana anterior, foram 458 casos a menos, por\u00e9m, um \u00f3bito a mais. Ainda assim, no comparativo com as quatro \u00faltimas semanas, a tend\u00eancia \u00e9 de queda \u00e0 estabilidade.<\/span><\/p>\n<div id=\"gallery-3\" class=\"gallery galleryid-367266 gallery-columns-2 gallery-size-medium\">\n<figure class=\"gallery-item\">\n<div class=\"gallery-icon landscape\"><a href=\"http:\/\/www.ms.gov.br\/wp-content\/uploads\/sites\/150\/2021\/08\/fechamento-semana-epidemiologica.jpg\"><img loading=\"lazy\" decoding=\"async\" class=\"attachment-medium size-medium\" src=\"http:\/\/www.ms.gov.br\/wp-content\/uploads\/sites\/150\/2021\/08\/fechamento-semana-epidemiologica-300x235.jpg\" sizes=\"auto, (max-width: 300px) 100vw, 300px\" srcset=\"http:\/\/www.ms.gov.br\/wp-content\/uploads\/sites\/150\/2021\/08\/fechamento-semana-epidemiologica-300x235.jpg 300w, http:\/\/www.ms.gov.br\/wp-content\/uploads\/sites\/150\/2021\/08\/fechamento-semana-epidemiologica-307x240.jpg 307w, http:\/\/www.ms.gov.br\/wp-content\/uploads\/sites\/150\/2021\/08\/fechamento-semana-epidemiologica.jpg 767w\" alt=\"\" width=\"300\" height=\"235\" \/><\/a><\/div>\n<\/figure>\n<figure class=\"gallery-item\">\n<div class=\"gallery-icon landscape\"><a href=\"http:\/\/www.ms.gov.br\/wp-content\/uploads\/sites\/150\/2021\/08\/fechamento-semana-epidemiologica-obitos.jpg\"><img loading=\"lazy\" decoding=\"async\" class=\"attachment-medium size-medium\" src=\"http:\/\/www.ms.gov.br\/wp-content\/uploads\/sites\/150\/2021\/08\/fechamento-semana-epidemiologica-obitos-300x235.jpg\" sizes=\"auto, (max-width: 300px) 100vw, 300px\" srcset=\"http:\/\/www.ms.gov.br\/wp-content\/uploads\/sites\/150\/2021\/08\/fechamento-semana-epidemiologica-obitos-300x235.jpg 300w, http:\/\/www.ms.gov.br\/wp-content\/uploads\/sites\/150\/2021\/08\/fechamento-semana-epidemiologica-obitos-307x240.jpg 307w, http:\/\/www.ms.gov.br\/wp-content\/uploads\/sites\/150\/2021\/08\/fechamento-semana-epidemiologica-obitos.jpg 767w\" alt=\"\" width=\"300\" height=\"235\" \/><\/a><\/div>\n<\/figure>\n<\/div>\n<p><span data-uw-styling-context=\"true\">\u201cTudo isso \u00e9 muito positivo, mas n\u00f3s ainda n\u00e3o temos a variante Delta confirmada no nosso Estado. Mas ao redor tem v\u00e1rios estados que est\u00e3o com a variante Delta. O que n\u00f3s observamos \u00e9 que em menos de uma semana, houve um salto nos casos de superlota\u00e7\u00e3o de hospitais. E com isso, logicamente a situa\u00e7\u00e3o da sa\u00fade se agravou\u201d, alertou a secret\u00e1ria-adjunta da SES, Crhistinne Maymone.\u00a0<\/span><\/p>\n<p><span data-uw-styling-context=\"true\">Confira\u00a0<strong><a href=\"http:\/\/www.ms.gov.br\/wp-content\/uploads\/sites\/150\/2021\/08\/Boletim-Epidemiol%C3%B3gico-COVID-19-2021.08.30.pdf\" data-uw-styling-context=\"true\">aqui<\/a><\/strong>\u00a0o detalhamento do boletim epidemiol\u00f3gico desta segunda-feira, 30 de agosto de 2021.\u00a0<\/span><\/p>\n","protected":false},"excerpt":{"rendered":"<p>Com 64 novos casos de Covid-19 confirmados nesta segunda-feira (30), Mato Grosso do Sul contabiliza&#8230;<\/p>\n","protected":false},"author":13,"featured_media":11707876,"comment_status":"closed","ping_status":"closed","sticky":false,"template":"","format":"standard","meta":{"footnotes":""},"categories":[116,8,21],"tags":[],"class_list":["post-11717871","post","type-post","status-publish","format-standard","has-post-thumbnail","hentry","category-coronavirus","category-destaque","category-saude"],"_links":{"self":[{"href":"https:\/\/www.corumbaonline.com.br\/news\/wp-json\/wp\/v2\/posts\/11717871","targetHints":{"allow":["GET"]}}],"collection":[{"href":"https:\/\/www.corumbaonline.com.br\/news\/wp-json\/wp\/v2\/posts"}],"about":[{"href":"https:\/\/www.corumbaonline.com.br\/news\/wp-json\/wp\/v2\/types\/post"}],"author":[{"embeddable":true,"href":"https:\/\/www.corumbaonline.com.br\/news\/wp-json\/wp\/v2\/users\/13"}],"replies":[{"embeddable":true,"href":"https:\/\/www.corumbaonline.com.br\/news\/wp-json\/wp\/v2\/comments?post=11717871"}],"version-history":[{"count":1,"href":"https:\/\/www.corumbaonline.com.br\/news\/wp-json\/wp\/v2\/posts\/11717871\/revisions"}],"predecessor-version":[{"id":11717872,"href":"https:\/\/www.corumbaonline.com.br\/news\/wp-json\/wp\/v2\/posts\/11717871\/revisions\/11717872"}],"wp:featuredmedia":[{"embeddable":true,"href":"https:\/\/www.corumbaonline.com.br\/news\/wp-json\/wp\/v2\/media\/11707876"}],"wp:attachment":[{"href":"https:\/\/www.corumbaonline.com.br\/news\/wp-json\/wp\/v2\/media?parent=11717871"}],"wp:term":[{"taxonomy":"category","embeddable":true,"href":"https:\/\/www.corumbaonline.com.br\/news\/wp-json\/wp\/v2\/categories?post=11717871"},{"taxonomy":"post_tag","embeddable":true,"href":"https:\/\/www.corumbaonline.com.br\/news\/wp-json\/wp\/v2\/tags?post=11717871"}],"curies":[{"name":"wp","href":"https:\/\/api.w.org\/{rel}","templated":true}]}}