{"id":11717873,"date":"2021-08-31T08:00:00","date_gmt":"2021-08-31T12:00:00","guid":{"rendered":"http:\/\/www.corumbaonline.com.br\/news\/?p=11717873"},"modified":"2021-08-31T10:03:07","modified_gmt":"2021-08-31T14:03:07","slug":"corumba-amanhece-com-sol-e-ceu-aberto-29","status":"publish","type":"post","link":"https:\/\/www.corumbaonline.com.br\/news\/corumba-amanhece-com-sol-e-ceu-aberto-29\/","title":{"rendered":"Corumb\u00e1 amanhece com sol e c\u00e9u aberto"},"content":{"rendered":"<p style=\"box-sizing: border-box; margin-bottom: 2em; font-size: 16px; line-height: 1.8em; text-align: justify; color: #212529; font-family: 'Open Sans', sans-serif;\"><span style=\"box-sizing: border-box;\">Embora tenha registrado um pouco de chuva e temperaturas agrad\u00e1veis, o m\u00eas de agosto termina nesta ter\u00e7a-feira (31) com tempo firme e sem chuvas em Mato Grosso do Sul. O Centro de Monitoramento do Tempo e do Clima (Cemtec) explica que um sistema de alta press\u00e3o est\u00e1 atuando e favorece movimentos subsidentes (fluxo de ar de cima para baixo), que dificultam a forma\u00e7\u00e3o de nebulosidade.<\/span><\/p>\n<figure id=\"attachment_367297\" class=\"wp-caption alignright\" style=\"box-sizing: border-box; max-width: 96%; height: auto; margin-top: 5px; margin-bottom: 20px; margin-left: 20px; background-image: initial; background-position: initial; background-size: initial; background-repeat: initial; background-attachment: initial; background-origin: initial; background-clip: initial; border: 1px solid #f0f0f0; padding: 15px 3px 10px; text-align: center; color: #212529; font-family: 'Open Sans', sans-serif; font-size: 16px; width: 300px;\"><img loading=\"lazy\" decoding=\"async\" class=\"wp-image-367297 size-medium\" style=\"box-sizing: border-box; vertical-align: middle; border-width: 0px; max-width: 98.5%; margin: 0px; padding: 0px; width: auto;\" src=\"http:\/\/www.ms.gov.br\/wp-content\/uploads\/sites\/150\/2021\/08\/CHUVA-AGOSTO-CEMADEN-300x249.png\" sizes=\"auto, (max-width: 300px) 100vw, 300px\" srcset=\"http:\/\/www.ms.gov.br\/wp-content\/uploads\/sites\/150\/2021\/08\/CHUVA-AGOSTO-CEMADEN-300x249.png 300w, http:\/\/www.ms.gov.br\/wp-content\/uploads\/sites\/150\/2021\/08\/CHUVA-AGOSTO-CEMADEN-289x240.png 289w, http:\/\/www.ms.gov.br\/wp-content\/uploads\/sites\/150\/2021\/08\/CHUVA-AGOSTO-CEMADEN.png 302w\" alt=\"\" width=\"300\" height=\"249\" \/><figcaption class=\"wp-caption-text\" style=\"box-sizing: border-box;\">Acumulado de chuva registrado entre os dias 26 a 29 de agosto. Dados do CEMADEN<\/figcaption><\/figure>\n<p style=\"box-sizing: border-box; margin-top: 0px; margin-bottom: 2em; font-size: 16px; line-height: 1.8em; text-align: justify; color: #212529; font-family: 'Open Sans', sans-serif;\"><span style=\"box-sizing: border-box;\">A baixa nebulosidade possibilita a eleva\u00e7\u00e3o das temperaturas e derrubam os n\u00edveis de umidade relativa do ar, que podem atingir valores entre 10-35%, principalmente nas regi\u00f5es pantaneira, centro-norte e leste.\u00a0<\/span><\/p>\n<p style=\"box-sizing: border-box; margin-top: 0px; margin-bottom: 2em; font-size: 16px; line-height: 1.8em; text-align: justify; color: #212529; font-family: 'Open Sans', sans-serif;\"><span style=\"box-sizing: border-box;\">Para aliviar o desconforto provocado pelo tempo seco, as principais recomenda\u00e7\u00f5es s\u00e3o: tomar bastante \u00e1gua, umidificar ambientes com aparelhos ou toalhas molhadas, e evitar exposi\u00e7\u00e3o ao sol nos hor\u00e1rios mais quentes e secos do dia.\u00a0<\/span><\/p>\n<p style=\"box-sizing: border-box; margin-top: 0px; margin-bottom: 2em; font-size: 16px; line-height: 1.8em; text-align: justify; color: #212529; font-family: 'Open Sans', sans-serif;\"><span style=\"box-sizing: border-box;\">As temperaturas v\u00e3o subir gradativamente no Estado ao longo da semana, podendo atingir o pico de calor, acima de 35\u00b0C em todas as \u00e1reas, a partir de quinta-feira (02).<\/span><\/p>\n<p>A ter\u00e7a-feira come\u00e7ou com sol e c\u00e9u aberto em Corumb\u00e1. A temperatura \u00e9 de 27\u00b0C e a umidade relativa do ar est\u00e1 em 51% e pode registrar m\u00ednima de 16% no decorrer do per\u00edodo. A temperatura m\u00e1xima prevista para hoje \u00e9 de 35 graus Celsius.<\/p>\n<p style=\"box-sizing: border-box; margin-top: 0px; margin-bottom: 2em; font-size: 16px; line-height: 1.8em; text-align: justify; color: #212529; font-family: 'Open Sans', sans-serif;\"><img loading=\"lazy\" decoding=\"async\" class=\"alignnone wp-image-367230 size-full\" style=\"box-sizing: border-box; vertical-align: middle; margin: 5px 20px 20px 0px;\" src=\"http:\/\/www.ms.gov.br\/wp-content\/uploads\/sites\/150\/2021\/08\/mapa-tempo-31-agosto.jpg\" sizes=\"auto, (max-width: 728px) 100vw, 728px\" srcset=\"http:\/\/www.ms.gov.br\/wp-content\/uploads\/sites\/150\/2021\/08\/mapa-tempo-31-agosto.jpg 728w, http:\/\/www.ms.gov.br\/wp-content\/uploads\/sites\/150\/2021\/08\/mapa-tempo-31-agosto-300x226.jpg 300w, http:\/\/www.ms.gov.br\/wp-content\/uploads\/sites\/150\/2021\/08\/mapa-tempo-31-agosto-318x240.jpg 318w\" alt=\"\" width=\"728\" height=\"549\" \/><\/p>\n<p style=\"box-sizing: border-box; margin-top: 0px; margin-bottom: 2em; font-size: 16px; line-height: 1.8em; text-align: justify; color: #212529; font-family: 'Open Sans', sans-serif;\"><em style=\"box-sizing: border-box;\">Mireli Obando, Subcom<\/em><\/p>\n","protected":false},"excerpt":{"rendered":"<p>Embora tenha registrado um pouco de chuva e temperaturas agrad\u00e1veis, o m\u00eas de agosto termina&#8230;<\/p>\n","protected":false},"author":6,"featured_media":0,"comment_status":"closed","ping_status":"closed","sticky":false,"template":"","format":"standard","meta":{"footnotes":""},"categories":[17],"tags":[],"class_list":["post-11717873","post","type-post","status-publish","format-standard","hentry","category-meio-ambiente"],"_links":{"self":[{"href":"https:\/\/www.corumbaonline.com.br\/news\/wp-json\/wp\/v2\/posts\/11717873","targetHints":{"allow":["GET"]}}],"collection":[{"href":"https:\/\/www.corumbaonline.com.br\/news\/wp-json\/wp\/v2\/posts"}],"about":[{"href":"https:\/\/www.corumbaonline.com.br\/news\/wp-json\/wp\/v2\/types\/post"}],"author":[{"embeddable":true,"href":"https:\/\/www.corumbaonline.com.br\/news\/wp-json\/wp\/v2\/users\/6"}],"replies":[{"embeddable":true,"href":"https:\/\/www.corumbaonline.com.br\/news\/wp-json\/wp\/v2\/comments?post=11717873"}],"version-history":[{"count":1,"href":"https:\/\/www.corumbaonline.com.br\/news\/wp-json\/wp\/v2\/posts\/11717873\/revisions"}],"predecessor-version":[{"id":11717874,"href":"https:\/\/www.corumbaonline.com.br\/news\/wp-json\/wp\/v2\/posts\/11717873\/revisions\/11717874"}],"wp:attachment":[{"href":"https:\/\/www.corumbaonline.com.br\/news\/wp-json\/wp\/v2\/media?parent=11717873"}],"wp:term":[{"taxonomy":"category","embeddable":true,"href":"https:\/\/www.corumbaonline.com.br\/news\/wp-json\/wp\/v2\/categories?post=11717873"},{"taxonomy":"post_tag","embeddable":true,"href":"https:\/\/www.corumbaonline.com.br\/news\/wp-json\/wp\/v2\/tags?post=11717873"}],"curies":[{"name":"wp","href":"https:\/\/api.w.org\/{rel}","templated":true}]}}