{"id":11717882,"date":"2021-08-31T08:42:00","date_gmt":"2021-08-31T12:42:00","guid":{"rendered":"http:\/\/www.corumbaonline.com.br\/news\/?p=11717882"},"modified":"2021-08-31T10:29:36","modified_gmt":"2021-08-31T14:29:36","slug":"ifms-abre-consulta-sobre-politica-de-prevencao-e-enfrentamento-ao-assedio","status":"publish","type":"post","link":"https:\/\/www.corumbaonline.com.br\/news\/ifms-abre-consulta-sobre-politica-de-prevencao-e-enfrentamento-ao-assedio\/","title":{"rendered":"IFMS abre consulta sobre Pol\u00edtica de preven\u00e7\u00e3o e enfrentamento ao ass\u00e9dio"},"content":{"rendered":"<p>O Instituto Federal de Mato Grosso do Sul (IFMS) est\u00e1 com participa\u00e7\u00e3o aberta \u00e0 minuta da \u201cPol\u00edtica de preven\u00e7\u00e3o e enfrentamento ao ass\u00e9dio moral e sexual\u201d. As contribui\u00e7\u00f5es podem ser feitas por estudantes, servidores e p\u00fablico externo at\u00e9 13 de setembro.<\/p>\n<p>A minuta disp\u00f5e sobre a preven\u00e7\u00e3o, registro e tr\u00e2mite de den\u00fancias, bem como o acolhimento da\/do denunciante. Nela est\u00e3o descritas:<\/p>\n<ul>\n<li>situa\u00e7\u00f5es que podem configurar ass\u00e9dio moral;<\/li>\n<li>situa\u00e7\u00f5es que podem configurar ass\u00e9dio sexual;<\/li>\n<li>como ser\u00e1 implementada a pol\u00edtica na reitoria e nos campi;<\/li>\n<li>medidas de preven\u00e7\u00e3o;<\/li>\n<li>procedimentos para acolhimento dos envolvidos; e<\/li>\n<li>puni\u00e7\u00e3o \u00e0 pr\u00e1tica de ass\u00e9dio moral e sexual.<\/li>\n<\/ul>\n<p>A consulta \u00e9 de responsabilidade de uma comiss\u00e3o institucional designada para essa finalidade. A presidente da comiss\u00e3o, Taline Costa, que atua como psic\u00f3loga na institui\u00e7\u00e3o, explica que pol\u00edtica surgiu da necessidade de esclarecer o caminho a ser seguido ap\u00f3s a den\u00fancia, bem como prestar o acolhimento aos denunciantes.<\/p>\n<p>\u201cPara realiza\u00e7\u00e3o de um acolhimento efetivo e resolutivo, definiu-se pela cria\u00e7\u00e3o de uma normativa que permitisse explicitar os fluxos e a necessidade de trabalhar o tema com car\u00e1ter formativo\u201d.<\/p>\n<p>A minuta ent\u00e3o foi elaborada pela comiss\u00e3o, passando pelo Col\u00e9gio de Dirigentes (Codir) do Instituto Federal, e chegando aos campi. As sugest\u00f5es apresentadas foram recebidas e ainda houve prazo superior a um m\u00eas para contribui\u00e7\u00f5es coletivas de diferentes categorias (docentes, t\u00e9cnico-administrativos e movimento estudantil).<\/p>\n<p>\u201cUma pol\u00edtica como esta \u00e9 um marco pois define o olhar institucional para o tema que \u00e9 de enfrentamento, define os procedimentos a serem seguidos e norteia a institui\u00e7\u00e3o em seu papel de forma\u00e7\u00e3o e conscientiza\u00e7\u00e3o a respeito\u201d, destaca Taline.<\/p>\n<p>\u201cA pol\u00edtica foi criada pelas necessidades apresentadas pela nossa comunidade, dessa forma a participa\u00e7\u00e3o dela \u00e9 imprescind\u00edvel, pois garante que de fato a normativa reflita as demandas que enfrentamos\u201d, complementa.<\/p>\n<p><strong>Como participar<\/strong>\u00a0\u2013 O formul\u00e1rio para participa\u00e7\u00e3o est\u00e1 dispon\u00edvel na<a href=\"http:\/\/www.ifms.edu.br:9000\/lists\/lt.php?tid=KxkEVgRZV1YAUUsCVQAETlAEVwROWwBaVRsJBAVXVgRXBwxUUg4fA1RQBwYGUwROUFYDAU4NXAhVG1lfUwdPVFcHUFBSXVdUUwBXH1ICAwYCUlcDTghaXAYbDFZQBk8JVlZUH1AKVgBWAgNWVAIABw\" target=\"_blank\" rel=\"noopener noreferrer\">\u00a0p\u00e1gina de Enfrentamento ao Ass\u00e9dio<\/a>, no espa\u00e7o para participa\u00e7\u00e3o social dentro do IFMS.<\/p>\n<p>Ao acessar o\u00a0<em>link<\/em>\u00a0para contribui\u00e7\u00f5es, \u00e9 necess\u00e1rio informar o n\u00famero do CPF. Depois veem o preenchimento dos dados de identifica\u00e7\u00e3o (nome,\u00a0<em>e-mail<\/em>, munic\u00edpio e rela\u00e7\u00e3o com a institui\u00e7\u00e3o), todos s\u00e3o obrigat\u00f3rios.<\/p>\n<p>Antes de contribuir, \u00e9 poss\u00edvel ver ou baixar a minuta. Na sequ\u00eancia \u00e9 a vez de contribuir informando a a\u00e7\u00e3o (adi\u00e7\u00e3o ou remo\u00e7\u00e3o de item), n\u00famero da p\u00e1gina, item e descri\u00e7\u00e3o, al\u00e9m da justificativa, que deve ter no m\u00e1ximo tr\u00eas mil caracteres.<\/p>\n<p>Tamb\u00e9m \u00e9 poss\u00edvel sugerir um novo texto, com no m\u00e1ximo tr\u00eas mil caracteres. O participante deve ainda informar que leu e concorda com o regulamento da consulta.<\/p>\n<p>A garantia de participa\u00e7\u00e3o \u00e9 o recebimento do protocolo, portanto, caso n\u00e3o receba o\u00a0<em>e-mail<\/em>\u00a0de confirma\u00e7\u00e3o com os dados e o n\u00famero de protocolo, \u00e9 necess\u00e1rio entrar em contato atrav\u00e9s do correio eletr\u00f4nico abaixo.<\/p>\n<p>No endere\u00e7o est\u00e3o dispon\u00edveis ainda o regulamento e a legisla\u00e7\u00e3o utilizada para embasar a minuta.<\/p>\n<p><strong>Realiza\u00e7\u00e3o<\/strong>\u00a0\u2013 A operacionaliza\u00e7\u00e3o da consulta \u00e9 responsabilidade da Comiss\u00e3o do Regulamento de Preven\u00e7\u00e3o e Enfrentamento aos Ass\u00e9dios Moral e Sexual, composta por servidores do Instituto Federal e membros do Conselho Superior (Cosup) da institui\u00e7\u00e3o.<\/p>\n<p>A compila\u00e7\u00e3o e resposta \u00e0s contribui\u00e7\u00f5es tamb\u00e9m ser\u00e1 elaborada pela comiss\u00e3o, levando em considera\u00e7\u00e3o aspectos t\u00e9cnicos e legais. O relat\u00f3rio dos trabalhos, bem como os documentos elaborados, ser\u00e3o apresentados \u00e0 Diretoria de Gest\u00e3o de Pessoas (Digep) do IFMS at\u00e9 o m\u00eas de outubro.<\/p>\n<p>Ap\u00f3s a verifica\u00e7\u00e3o, os membros representantes do Cosup dever\u00e3o relatar o processo para avalia\u00e7\u00e3o do colegiado.<\/p>\n","protected":false},"excerpt":{"rendered":"<p>O Instituto Federal de Mato Grosso do Sul (IFMS) est\u00e1 com participa\u00e7\u00e3o aberta \u00e0 minuta&#8230;<\/p>\n","protected":false},"author":9,"featured_media":0,"comment_status":"closed","ping_status":"closed","sticky":false,"template":"","format":"standard","meta":{"footnotes":""},"categories":[10],"tags":[],"class_list":["post-11717882","post","type-post","status-publish","format-standard","hentry","category-educacao"],"_links":{"self":[{"href":"https:\/\/www.corumbaonline.com.br\/news\/wp-json\/wp\/v2\/posts\/11717882","targetHints":{"allow":["GET"]}}],"collection":[{"href":"https:\/\/www.corumbaonline.com.br\/news\/wp-json\/wp\/v2\/posts"}],"about":[{"href":"https:\/\/www.corumbaonline.com.br\/news\/wp-json\/wp\/v2\/types\/post"}],"author":[{"embeddable":true,"href":"https:\/\/www.corumbaonline.com.br\/news\/wp-json\/wp\/v2\/users\/9"}],"replies":[{"embeddable":true,"href":"https:\/\/www.corumbaonline.com.br\/news\/wp-json\/wp\/v2\/comments?post=11717882"}],"version-history":[{"count":1,"href":"https:\/\/www.corumbaonline.com.br\/news\/wp-json\/wp\/v2\/posts\/11717882\/revisions"}],"predecessor-version":[{"id":11717883,"href":"https:\/\/www.corumbaonline.com.br\/news\/wp-json\/wp\/v2\/posts\/11717882\/revisions\/11717883"}],"wp:attachment":[{"href":"https:\/\/www.corumbaonline.com.br\/news\/wp-json\/wp\/v2\/media?parent=11717882"}],"wp:term":[{"taxonomy":"category","embeddable":true,"href":"https:\/\/www.corumbaonline.com.br\/news\/wp-json\/wp\/v2\/categories?post=11717882"},{"taxonomy":"post_tag","embeddable":true,"href":"https:\/\/www.corumbaonline.com.br\/news\/wp-json\/wp\/v2\/tags?post=11717882"}],"curies":[{"name":"wp","href":"https:\/\/api.w.org\/{rel}","templated":true}]}}