{"id":11717890,"date":"2021-08-31T09:34:00","date_gmt":"2021-08-31T13:34:00","guid":{"rendered":"http:\/\/www.corumbaonline.com.br\/news\/?p=11717890"},"modified":"2021-08-31T10:41:09","modified_gmt":"2021-08-31T14:41:09","slug":"caixa-conclui-hoje-pagamento-da-quinta-parcela-do-auxilio-emergencial","status":"publish","type":"post","link":"https:\/\/www.corumbaonline.com.br\/news\/caixa-conclui-hoje-pagamento-da-quinta-parcela-do-auxilio-emergencial\/","title":{"rendered":"Caixa conclui hoje pagamento da quinta parcela do aux\u00edlio emergencial"},"content":{"rendered":"<p>Trabalhadores informais nascidos em dezembro recebem\u00a0hoje\u00a0(31) a\u00a0quinta\u00a0parcela da nova rodada do aux\u00edlio emergencial. Tamb\u00e9m\u00a0recebem a\u00a0quinta\u00a0parcela nesta ter\u00e7a-feira os participantes no Bolsa Fam\u00edlia com N\u00famero de Inscri\u00e7\u00e3o Social (NIS) de final 0.<img decoding=\"async\" src=\"https:\/\/agenciabrasil.ebc.com.br\/ebc.png?id=1420063&amp;o=node\" \/><img decoding=\"async\" src=\"https:\/\/agenciabrasil.ebc.com.br\/ebc.gif?id=1420063&amp;o=node\" \/><\/p>\n<p>Com os dep\u00f3sitos de\u00a0hoje, a Caixa Econ\u00f4mica Federal conclui o pagamento da\u00a0quinta\u00a0parcela. As datas da\u00a0<a href=\"https:\/\/agenciabrasil.ebc.com.br\/economia\/noticia\/2021-08\/prorrogacao-do-auxilio-emergencial-comecara-ser-paga-no-dia-18\" target=\"_blank\" rel=\"noopener\">prorroga\u00e7\u00e3o do benef\u00edcio<\/a>\u00a0foram anunciadas h\u00e1 quase tr\u00eas semanas.<\/p>\n<p>O benef\u00edcio\u00a0tem\u00a0parcelas de R$ 150 a R$ 375, dependendo da fam\u00edlia. O pagamento tamb\u00e9m ser\u00e1 feito a inscritos no Cadastro \u00danico de Programas Sociais do Governo Federal (Cad\u00danico) nascidos no mesmo m\u00eas.<\/p>\n<p>O dinheiro \u00e9 depositado nas contas poupan\u00e7a digitais e pode ser movimentado pelo aplicativo Caixa Tem. Somente de duas a tr\u00eas semanas ap\u00f3s o dep\u00f3sito, o dinheiro poder\u00e1 ser sacado em esp\u00e9cie ou transferido para uma conta-corrente.<\/p>\n<p>Ao todo, 45,6 milh\u00f5es de brasileiros est\u00e3o sendo beneficiados pela nova rodada do aux\u00edlio emergencial. O aux\u00edlio \u00e9 pago apenas a quem recebia o benef\u00edcio em dezembro de 2020. Tamb\u00e9m \u00e9 necess\u00e1rio cumprir outros requisitos para\u00a0ter\u00a0direito \u00e0 nova rodada.<\/p>\n<div class=\"dnd-widget-wrapper context-cheio_8colunas type-image\">\n<div class=\"dnd-atom-rendered\">\n<div class=\"shadow overflow-hidden rounded-lg d-block zoom-on-hover-sm shadow-hover w-100\"><img decoding=\"async\" class=\"flex-fill img-cover\" title=\"Fonte: Minist\u00e9rio da Cidadania\" src=\"https:\/\/imagens.ebc.com.br\/TyIVeQ26E9lMR2jyF3BMA5jmT38=\/754x0\/smart\/https:\/\/agenciabrasil.ebc.com.br\/sites\/default\/files\/thumbnails\/image\/calendario_de_pagamento_da_quinta_parcela_do_auxilio_emergencial_2021.jpg?itok=t2Lrugu4\" alt=\"Calend\u00e1rio de pagamento da quinta parcela do auxilio emergencial de 2021\" \/><\/div>\n<\/div>\n<div class=\"dnd-caption-wrapper\">\n<div class=\"meta\">Calend\u00e1rio de pagamento da quinta parcela do auxilio emergencial de 2021 &#8211;\u00a0<strong>Fonte: Minist\u00e9rio da Cidadania<\/strong><\/div>\n<\/div>\n<\/div>\n<p>Para os benefici\u00e1rios do Bolsa Fam\u00edlia, o pagamento ocorre de forma distinta. Os inscritos podem sacar diretamente o dinheiro nos dez \u00faltimos dias \u00fateis de cada m\u00eas, com base no d\u00edgito final do NIS.<\/p>\n<p>O pagamento da\u00a0quinta\u00a0parcela aos inscritos no Bolsa Fam\u00edlia come\u00e7ou no \u00faltimo dia 18 e segue at\u00e9\u00a0hoje\u00a0(31). O aux\u00edlio emergencial s\u00f3\u00a0\u00e9\u00a0depositado quando o valor for superior ao benef\u00edcio do programa social.<\/p>\n<p>Em todos os casos, o aux\u00edlio \u00e9 pago apenas a quem recebia o benef\u00edcio em dezembro de 2020. Tamb\u00e9m \u00e9 necess\u00e1rio cumprir outros requisitos para\u00a0ter\u00a0direito \u00e0 nova rodada.<\/p>\n<p>O programa se encerraria em julho, mas foi\u00a0<a href=\"https:\/\/agenciabrasil.ebc.com.br\/politica\/noticia\/2021-07\/governo-prorroga-auxilio-emergencial-por-mais-tres-meses\" target=\"_blank\" rel=\"noopener\">prorrogado at\u00e9 outubro<\/a>, com os mesmos valores para as parcelas.<\/p>\n","protected":false},"excerpt":{"rendered":"<p>Trabalhadores informais nascidos em dezembro recebem\u00a0hoje\u00a0(31) a\u00a0quinta\u00a0parcela da nova rodada do aux\u00edlio emergencial. Tamb\u00e9m\u00a0recebem a\u00a0quinta\u00a0parcela&#8230;<\/p>\n","protected":false},"author":4,"featured_media":0,"comment_status":"closed","ping_status":"closed","sticky":false,"template":"","format":"standard","meta":{"footnotes":""},"categories":[9],"tags":[],"class_list":["post-11717890","post","type-post","status-publish","format-standard","hentry","category-economia"],"_links":{"self":[{"href":"https:\/\/www.corumbaonline.com.br\/news\/wp-json\/wp\/v2\/posts\/11717890","targetHints":{"allow":["GET"]}}],"collection":[{"href":"https:\/\/www.corumbaonline.com.br\/news\/wp-json\/wp\/v2\/posts"}],"about":[{"href":"https:\/\/www.corumbaonline.com.br\/news\/wp-json\/wp\/v2\/types\/post"}],"author":[{"embeddable":true,"href":"https:\/\/www.corumbaonline.com.br\/news\/wp-json\/wp\/v2\/users\/4"}],"replies":[{"embeddable":true,"href":"https:\/\/www.corumbaonline.com.br\/news\/wp-json\/wp\/v2\/comments?post=11717890"}],"version-history":[{"count":1,"href":"https:\/\/www.corumbaonline.com.br\/news\/wp-json\/wp\/v2\/posts\/11717890\/revisions"}],"predecessor-version":[{"id":11717891,"href":"https:\/\/www.corumbaonline.com.br\/news\/wp-json\/wp\/v2\/posts\/11717890\/revisions\/11717891"}],"wp:attachment":[{"href":"https:\/\/www.corumbaonline.com.br\/news\/wp-json\/wp\/v2\/media?parent=11717890"}],"wp:term":[{"taxonomy":"category","embeddable":true,"href":"https:\/\/www.corumbaonline.com.br\/news\/wp-json\/wp\/v2\/categories?post=11717890"},{"taxonomy":"post_tag","embeddable":true,"href":"https:\/\/www.corumbaonline.com.br\/news\/wp-json\/wp\/v2\/tags?post=11717890"}],"curies":[{"name":"wp","href":"https:\/\/api.w.org\/{rel}","templated":true}]}}