{"id":11717899,"date":"2021-08-31T10:13:00","date_gmt":"2021-08-31T14:13:00","guid":{"rendered":"http:\/\/www.corumbaonline.com.br\/news\/?p=11717899"},"modified":"2021-08-31T11:39:02","modified_gmt":"2021-08-31T15:39:02","slug":"limpeza-e-manutencao-de-pracas-publicas-sao-solicitadas-em-sessao-da-camara","status":"publish","type":"post","link":"https:\/\/www.corumbaonline.com.br\/news\/limpeza-e-manutencao-de-pracas-publicas-sao-solicitadas-em-sessao-da-camara\/","title":{"rendered":"Limpeza e manuten\u00e7\u00e3o de pra\u00e7as p\u00fablicas s\u00e3o solicitadas em sess\u00e3o da C\u00e2mara"},"content":{"rendered":"<p>A realiza\u00e7\u00e3o de servi\u00e7os de limpeza e manuten\u00e7\u00e3o das pra\u00e7as p\u00fablicas e campos de futebol de Corumb\u00e1 \u00e9 o que est\u00e1 pedindo o vereador Elinho Junior, para dotar estes espa\u00e7os de boas condi\u00e7\u00f5es de uso da comunidade corumbaense.<\/p>\n<p>A solicita\u00e7\u00e3o foi feita por meio de requerimento em car\u00e1ter de urg\u00eancia ao secret\u00e1rio de Infraestrutura e Servi\u00e7os P\u00fablicos, Luiz Fernando Moreira, com c\u00f3pia ao diretor da Funda\u00e7\u00e3o de Esportes de Corumb\u00e1 (Funec), Luciano Silva.<\/p>\n<p>Elinho citou que, com a abertura desses espa\u00e7os para uso da comunidade, \u00e9 preciso que todos estejam em perfeitas condi\u00e7\u00f5es para atividades esportivas e de lazer que, por muito tempo, devido \u00e0 pandemia da Covid-19, ficaram fechados como forma de evitar a dissemina\u00e7\u00e3o do v\u00edrus na cidade.<\/p>\n","protected":false},"excerpt":{"rendered":"<p>A realiza\u00e7\u00e3o de servi\u00e7os de limpeza e manuten\u00e7\u00e3o das pra\u00e7as p\u00fablicas e campos de futebol&#8230;<\/p>\n","protected":false},"author":63,"featured_media":0,"comment_status":"closed","ping_status":"closed","sticky":false,"template":"","format":"standard","meta":{"footnotes":""},"categories":[19],"tags":[],"class_list":["post-11717899","post","type-post","status-publish","format-standard","hentry","category-politica"],"_links":{"self":[{"href":"https:\/\/www.corumbaonline.com.br\/news\/wp-json\/wp\/v2\/posts\/11717899","targetHints":{"allow":["GET"]}}],"collection":[{"href":"https:\/\/www.corumbaonline.com.br\/news\/wp-json\/wp\/v2\/posts"}],"about":[{"href":"https:\/\/www.corumbaonline.com.br\/news\/wp-json\/wp\/v2\/types\/post"}],"author":[{"embeddable":true,"href":"https:\/\/www.corumbaonline.com.br\/news\/wp-json\/wp\/v2\/users\/63"}],"replies":[{"embeddable":true,"href":"https:\/\/www.corumbaonline.com.br\/news\/wp-json\/wp\/v2\/comments?post=11717899"}],"version-history":[{"count":1,"href":"https:\/\/www.corumbaonline.com.br\/news\/wp-json\/wp\/v2\/posts\/11717899\/revisions"}],"predecessor-version":[{"id":11717900,"href":"https:\/\/www.corumbaonline.com.br\/news\/wp-json\/wp\/v2\/posts\/11717899\/revisions\/11717900"}],"wp:attachment":[{"href":"https:\/\/www.corumbaonline.com.br\/news\/wp-json\/wp\/v2\/media?parent=11717899"}],"wp:term":[{"taxonomy":"category","embeddable":true,"href":"https:\/\/www.corumbaonline.com.br\/news\/wp-json\/wp\/v2\/categories?post=11717899"},{"taxonomy":"post_tag","embeddable":true,"href":"https:\/\/www.corumbaonline.com.br\/news\/wp-json\/wp\/v2\/tags?post=11717899"}],"curies":[{"name":"wp","href":"https:\/\/api.w.org\/{rel}","templated":true}]}}