{"id":11717909,"date":"2021-08-31T11:17:00","date_gmt":"2021-08-31T15:17:00","guid":{"rendered":"http:\/\/www.corumbaonline.com.br\/news\/?p=11717909"},"modified":"2021-08-31T15:54:14","modified_gmt":"2021-08-31T19:54:14","slug":"agosto-registra-menor-numero-de-mortes-e-casos-por-covid-no-ano-em-ms","status":"publish","type":"post","link":"https:\/\/www.corumbaonline.com.br\/news\/agosto-registra-menor-numero-de-mortes-e-casos-por-covid-no-ano-em-ms\/","title":{"rendered":"Agosto registra menor n\u00famero de mortes e casos por covid no ano em MS"},"content":{"rendered":"<p data-uw-styling-context=\"true\">Agosto termina como o m\u00eas com menor n\u00famero de casos e mortes por covid-19 no ano em Mato Grosso do Sul. Houve uma queda 46% de \u00f3bitos e 38% no n\u00famero de casos em compara\u00e7\u00e3o ao m\u00eas anterior. Os dados tamb\u00e9m refletem nas interna\u00e7\u00f5es, que ca\u00edram 56% em rela\u00e7\u00e3o ao final de julho.<\/p>\n<p data-uw-styling-context=\"true\">Foram 366 mortes devido a doen\u00e7a em agosto. O pior m\u00eas foi abril, quando 1.399 pessoas morreram em decorr\u00eancia do v\u00edrus. Depois aparece junho com 1.317 \u00f3bitos, seguido por maio (1.128), mar\u00e7o (1.101), julho (680), janeiro (573) e fevereiro (414).<\/p>\n<p data-uw-styling-context=\"true\">Este cen\u00e1rio tamb\u00e9m reflete no n\u00famero de casos confirmados da covid-19, que teve redu\u00e7\u00e3o de 38% em rela\u00e7\u00e3o ao m\u00eas anterior, com 12.619 em agosto e 20.551 em julho. O pior foi em junho, quando se chegou a 44.686 casos. Segundo os especialistas esta queda tem rela\u00e7\u00e3o direta com a vacina\u00e7\u00e3o da popula\u00e7\u00e3o.<\/p>\n<p data-uw-styling-context=\"true\">Estes dados tamb\u00e9m mostram a situa\u00e7\u00e3o dos hospitais do Estado, que neste final de agosto registram 250 pessoas internadas em fun\u00e7\u00e3o da doen\u00e7a, o que representa 56% a menos que em 31 de julho, quando eram 571 pacientes nestas condi\u00e7\u00f5es. Um dos fatores \u00e9 a taxa de cont\u00e1gio que se mant\u00e9m abaixo de 0,90 desde 15 de julho, estando neste final de agosto em 0,87.<\/p>\n<p><strong><img loading=\"lazy\" decoding=\"async\" class=\"alignnone wp-image-367488 size-full\" src=\"http:\/\/www.ms.gov.br\/wp-content\/uploads\/sites\/150\/2021\/08\/gr%C3%A1fico-mortes-agosto.jpg\" sizes=\"auto, (max-width: 666px) 100vw, 666px\" srcset=\"http:\/\/www.ms.gov.br\/wp-content\/uploads\/sites\/150\/2021\/08\/gr\u00e1fico-mortes-agosto.jpg 666w, http:\/\/www.ms.gov.br\/wp-content\/uploads\/sites\/150\/2021\/08\/gr\u00e1fico-mortes-agosto-300x188.jpg 300w, http:\/\/www.ms.gov.br\/wp-content\/uploads\/sites\/150\/2021\/08\/gr\u00e1fico-mortes-agosto-350x219.jpg 350w\" alt=\"\" width=\"666\" height=\"417\" \/><\/strong><\/p>\n<p><strong data-uw-styling-context=\"true\">Vacina\u00e7\u00e3o<\/strong><\/p>\n<p data-uw-styling-context=\"true\">Principal motivo para redu\u00e7\u00e3o de casos e mortes, a vacina\u00e7\u00e3o em Mato Grosso do Sul segue em destaque nacional, com a lideran\u00e7a do ranking entre os estados na aplica\u00e7\u00e3o da primeira e segunda dose. Tamb\u00e9m mant\u00e9m a log\u00edstica de entregar os imunizantes em menos de 12 horas nas 79 cidades.<\/p>\n<p data-uw-styling-context=\"true\"><img loading=\"lazy\" decoding=\"async\" class=\"size-medium wp-image-341449 alignright\" src=\"http:\/\/www.ms.gov.br\/wp-content\/uploads\/sites\/150\/2021\/02\/Vacina%C3%A7%C3%A3o-contra-Covid-19-Foto-Edemir-Rodrigues-2-300x166.jpg\" sizes=\"auto, (max-width: 300px) 100vw, 300px\" srcset=\"http:\/\/www.ms.gov.br\/wp-content\/uploads\/sites\/150\/2021\/02\/Vacina\u00e7\u00e3o-contra-Covid-19-Foto-Edemir-Rodrigues-2-300x166.jpg 300w, http:\/\/www.ms.gov.br\/wp-content\/uploads\/sites\/150\/2021\/02\/Vacina\u00e7\u00e3o-contra-Covid-19-Foto-Edemir-Rodrigues-2.jpg 768w, http:\/\/www.ms.gov.br\/wp-content\/uploads\/sites\/150\/2021\/02\/Vacina\u00e7\u00e3o-contra-Covid-19-Foto-Edemir-Rodrigues-2-350x194.jpg 350w\" alt=\"\" width=\"300\" height=\"166\" \/>O Estado j\u00e1 disp\u00f5e de 73% da popula\u00e7\u00e3o vacinada ao menos com a primeira dose. Quando se leva em conta o p\u00fablico adulto, este percentual chega a 92%. Nesta faixa et\u00e1ria 59% das pessoas completaram o ciclo de imuniza\u00e7\u00e3o (dose \u00fanica ou segunda dose). Ao todo j\u00e1 foram mais de 3 milh\u00f5es de doses aplicadas.<\/p>\n<p data-uw-styling-context=\"true\">O governador Reinaldo Azambuja incentivou os munic\u00edpios a promover \u201cmutir\u00f5es\u201d de vacina\u00e7\u00e3o, com o lema \u201cvacina no bra\u00e7o e n\u00e3o na geladeira\u201d e ainda pediu \u00e0 popula\u00e7\u00e3o que completasse o ciclo de imuniza\u00e7\u00e3o, tomando a segunda dose, assim que chegasse sua vez no calend\u00e1rio definido pelas cidades.<\/p>\n","protected":false},"excerpt":{"rendered":"<p>Agosto termina como o m\u00eas com menor n\u00famero de casos e mortes por covid-19 no&#8230;<\/p>\n","protected":false},"author":13,"featured_media":11717910,"comment_status":"closed","ping_status":"closed","sticky":false,"template":"","format":"standard","meta":{"footnotes":""},"categories":[116,8,21],"tags":[],"class_list":["post-11717909","post","type-post","status-publish","format-standard","has-post-thumbnail","hentry","category-coronavirus","category-destaque","category-saude"],"_links":{"self":[{"href":"https:\/\/www.corumbaonline.com.br\/news\/wp-json\/wp\/v2\/posts\/11717909","targetHints":{"allow":["GET"]}}],"collection":[{"href":"https:\/\/www.corumbaonline.com.br\/news\/wp-json\/wp\/v2\/posts"}],"about":[{"href":"https:\/\/www.corumbaonline.com.br\/news\/wp-json\/wp\/v2\/types\/post"}],"author":[{"embeddable":true,"href":"https:\/\/www.corumbaonline.com.br\/news\/wp-json\/wp\/v2\/users\/13"}],"replies":[{"embeddable":true,"href":"https:\/\/www.corumbaonline.com.br\/news\/wp-json\/wp\/v2\/comments?post=11717909"}],"version-history":[{"count":1,"href":"https:\/\/www.corumbaonline.com.br\/news\/wp-json\/wp\/v2\/posts\/11717909\/revisions"}],"predecessor-version":[{"id":11717911,"href":"https:\/\/www.corumbaonline.com.br\/news\/wp-json\/wp\/v2\/posts\/11717909\/revisions\/11717911"}],"wp:featuredmedia":[{"embeddable":true,"href":"https:\/\/www.corumbaonline.com.br\/news\/wp-json\/wp\/v2\/media\/11717910"}],"wp:attachment":[{"href":"https:\/\/www.corumbaonline.com.br\/news\/wp-json\/wp\/v2\/media?parent=11717909"}],"wp:term":[{"taxonomy":"category","embeddable":true,"href":"https:\/\/www.corumbaonline.com.br\/news\/wp-json\/wp\/v2\/categories?post=11717909"},{"taxonomy":"post_tag","embeddable":true,"href":"https:\/\/www.corumbaonline.com.br\/news\/wp-json\/wp\/v2\/tags?post=11717909"}],"curies":[{"name":"wp","href":"https:\/\/api.w.org\/{rel}","templated":true}]}}