{"id":11718254,"date":"2021-09-14T11:26:00","date_gmt":"2021-09-14T15:26:00","guid":{"rendered":"http:\/\/www.corumbaonline.com.br\/news\/?p=11718254"},"modified":"2021-09-14T13:29:09","modified_gmt":"2021-09-14T17:29:09","slug":"ses-autoriza-aplicacao-da-segunda-dose-da-pfizer-para-quem-tomou-astrazeneca-e-coronavac","status":"publish","type":"post","link":"https:\/\/www.corumbaonline.com.br\/news\/ses-autoriza-aplicacao-da-segunda-dose-da-pfizer-para-quem-tomou-astrazeneca-e-coronavac\/","title":{"rendered":"SES autoriza aplica\u00e7\u00e3o da segunda dose da Pfizer para quem tomou Astrazeneca e Coronavac"},"content":{"rendered":"<p data-uw-styling-context=\"true\">O Governo do Estado, por meio da Secretaria de Estado de Sa\u00fade (SES), autorizou os munic\u00edpios a realizarem a chamada intercambialidade de vacinas contra a Covid-19. Assim, quem tomou a primeira dose do imunizante da Astrazeneca ou da Coronavac poder\u00e1 receber a segunda dose com a vacina da Pfizer, desde que respeitados os prazos definidos entre as aplica\u00e7\u00f5es.<\/p>\n<p data-uw-styling-context=\"true\">A autoriza\u00e7\u00e3o est\u00e1\u00a0publicada na Resolu\u00e7\u00e3o Ad \/Referendum N.\u00ba 208, da SES e da Comiss\u00e3o Intergestores Bipartite (CIB), que re\u00fane os secret\u00e1rios municipais de Sa\u00fade dos 79 munic\u00edpios\u00a0e t\u00e9cnicos estaduais.\u00a0Os munic\u00edpios est\u00e3o autorizados a realizar a intercambialidade de doses a partir dos lotes da Pfizer que chegaram ao Estado na segunda-feira (13) e ser\u00e3o distribu\u00eddos aos munic\u00edpios nesta ter\u00e7a-feira.<\/p>\n<p data-uw-styling-context=\"true\">Segundo o secret\u00e1rio estadual de Sa\u00fade Geraldo Resende estudos recentes apontam a efic\u00e1cia da intercambialidade de vacinas contra a Covid-19. \u201cTemos constata\u00e7\u00f5es cient\u00edficas de que essa medida apresenta seguran\u00e7a e pode levar ao aumento da resposta imunol\u00f3gica das pessoas\u201d, constata.<\/p>\n<p data-uw-styling-context=\"true\">Outra justificativa para a aprova\u00e7\u00e3o da intercambialidade foi o atraso no envio, pelo Minist\u00e9rio da Sa\u00fade, de lotes de Astrazeneca, devido \u00e0 falta de Ingrediente Farmac\u00eautico Ativo (IFA) para produ\u00e7\u00e3o de doses pela Funda\u00e7\u00e3o Oswaldo Cruz (Fiocruz). \u201cPara n\u00e3o atrasar o calend\u00e1rio vacinal, autorizamos os munic\u00edpios aplicarem a D2 da Pfizer nas pessoas que tomaram a primeira dose da Astrazeneca e da Coronavac, e que precisam completar o esquema vacinal\u201d, explica o secret\u00e1rio.<\/p>\n<p data-uw-styling-context=\"true\">A intercambialidade entre as vacinas tamb\u00e9m foi liberada pelo Minist\u00e9rio da Sa\u00fade por meio da nota t\u00e9cnica n\u00ba6\/2021, quando n\u00e3o for poss\u00edvel aplicar a segunda dose com o imunizante do mesmo fabricante. A segunda dose dever\u00e1 ser administrada no intervalo previamente definido, respeitando o intervalo adotado para o imunizante utilizado na primeira dose.<\/p>\n<p>Distribui\u00e7\u00e3o<\/p>\n<p data-uw-styling-context=\"true\">A distribui\u00e7\u00e3o das vacinas da Pfizer, de acordo com a Resolu\u00e7\u00e3o, ser\u00e1 feita desta forma: 64% do quantitativo das doses ser\u00e3o para aplica\u00e7\u00e3o da segunda dose para as pessoas que receberam a primeira dose da Astrazeneca e Coronavac e est\u00e3o em atraso; 16% ser\u00e3o para dose de refor\u00e7o (D3) em idosos e imunossuprimidos; 16% ser\u00e3o destinados aplica\u00e7\u00e3o da primeira dose (D1) em adolescentes; 2% ser\u00e3o para terceira dose em idosos e imunossuprimidos ind\u00edgenas aldeados; 2% ser\u00e3o para a primeira em adolescentes ind\u00edgenas aldeados.\u00a0 Ainda de acordo com a autoriza\u00e7\u00e3o t\u00e9cnica,\u00a0devido\u00a0\u00e0\u00a0necessidade\u00a0de\u00a0atingir\u00a0com\u00a0a\u00a0maior\u00a0brevidade\u00a0poss\u00edvel\u00a0a\u00a0imunidade\u00a0coletiva\u00a0em\u00a0todo\u00a0o\u00a0territ\u00f3rio\u00a0estadual,\u00a0como\u00a0medida\u00a0de\u00a0mitiga\u00e7\u00e3o\u00a0\u00a0\u00a0contra\u00a0a\u00a0variante\u00a0Delta\u00a0do\u00a0Coronav\u00edrus, os\u00a0munic\u00edpios\u00a0dever\u00e3o\u00a0seguir os\u00a0seguintes\u00a0per\u00edodos\u00a0de\u00a0aprazamentos: 21\u00a0dias\u00a0a\u00a012\u00a0semanas\u00a0para\u00a0a\u00a0vacina\u00a0Pfizer; oito a\u00a0duas\u00a0semanas\u00a0para\u00a0a\u00a0vacina Astrazeneca;\u00a0e\u00a014\u00a0a\u00a028\u00a0dias\u00a0para\u00a0a\u00a0vacina\u00a0Coronavac.<\/p>\n<p data-uw-styling-context=\"true\">\u201cO munic\u00edpio que deixar de atualizar as distor\u00e7\u00f5es entre o SI-PNI e o e-Vacine MS, os quais dever\u00e3o estar consoantes entre si; que n\u00e3o realizar a\u00a0vacina\u00e7\u00e3o em qualquer s\u00e1bado, domingo ou feriado no decorrer do m\u00eas, desde que possua doses para tal ou deixar de seguir qualquer decis\u00e3o da\u00a0Comiss\u00e3o\u00a0Intergestores\u00a0Bipartite\u00a0referente\u00a0\u00e0\u00a0campanha\u00a0de\u00a0vacina\u00e7\u00e3o\u00a0contra\u00a0a\u00a0Covid-19,\u00a0n\u00e3o\u00a0receber\u00e1,\u00a0no\u00a0m\u00eas\u00a0subsequente,\u00a0o\u00a0incentivo\u00a0financeiro\u00a0previsto\u00a0pela\u00a0Resolu\u00e7\u00e3o\u00a0n\u00ba\u00a033\/SES\/MS, datada\u00a0de\u00a021\u00a0de\u00a0junho\u00a0de\u00a02021\u201d, finaliza a Resolu\u00e7\u00e3o assinada pelo secret\u00e1rio estadual de Sa\u00fade Geraldo Resende e pelo presidente do Conselho de Secret\u00e1rios Municipais de Sa\u00fade (Cosems), Rog\u00e9rio Leite.<\/p>\n","protected":false},"excerpt":{"rendered":"<p>O Governo do Estado, por meio da Secretaria de Estado de Sa\u00fade (SES), autorizou os&#8230;<\/p>\n","protected":false},"author":13,"featured_media":11718205,"comment_status":"closed","ping_status":"closed","sticky":false,"template":"","format":"standard","meta":{"footnotes":""},"categories":[116,8,21],"tags":[],"class_list":["post-11718254","post","type-post","status-publish","format-standard","has-post-thumbnail","hentry","category-coronavirus","category-destaque","category-saude"],"_links":{"self":[{"href":"https:\/\/www.corumbaonline.com.br\/news\/wp-json\/wp\/v2\/posts\/11718254","targetHints":{"allow":["GET"]}}],"collection":[{"href":"https:\/\/www.corumbaonline.com.br\/news\/wp-json\/wp\/v2\/posts"}],"about":[{"href":"https:\/\/www.corumbaonline.com.br\/news\/wp-json\/wp\/v2\/types\/post"}],"author":[{"embeddable":true,"href":"https:\/\/www.corumbaonline.com.br\/news\/wp-json\/wp\/v2\/users\/13"}],"replies":[{"embeddable":true,"href":"https:\/\/www.corumbaonline.com.br\/news\/wp-json\/wp\/v2\/comments?post=11718254"}],"version-history":[{"count":1,"href":"https:\/\/www.corumbaonline.com.br\/news\/wp-json\/wp\/v2\/posts\/11718254\/revisions"}],"predecessor-version":[{"id":11718255,"href":"https:\/\/www.corumbaonline.com.br\/news\/wp-json\/wp\/v2\/posts\/11718254\/revisions\/11718255"}],"wp:featuredmedia":[{"embeddable":true,"href":"https:\/\/www.corumbaonline.com.br\/news\/wp-json\/wp\/v2\/media\/11718205"}],"wp:attachment":[{"href":"https:\/\/www.corumbaonline.com.br\/news\/wp-json\/wp\/v2\/media?parent=11718254"}],"wp:term":[{"taxonomy":"category","embeddable":true,"href":"https:\/\/www.corumbaonline.com.br\/news\/wp-json\/wp\/v2\/categories?post=11718254"},{"taxonomy":"post_tag","embeddable":true,"href":"https:\/\/www.corumbaonline.com.br\/news\/wp-json\/wp\/v2\/tags?post=11718254"}],"curies":[{"name":"wp","href":"https:\/\/api.w.org\/{rel}","templated":true}]}}