{"id":11718267,"date":"2021-09-15T08:21:00","date_gmt":"2021-09-15T12:21:00","guid":{"rendered":"http:\/\/www.corumbaonline.com.br\/news\/?p=11718267"},"modified":"2021-09-15T09:35:33","modified_gmt":"2021-09-15T13:35:33","slug":"setembro-ja-apresenta-queda-de-56-nas-mortes-por-covid-em-relacao-a-agosto","status":"publish","type":"post","link":"https:\/\/www.corumbaonline.com.br\/news\/setembro-ja-apresenta-queda-de-56-nas-mortes-por-covid-em-relacao-a-agosto\/","title":{"rendered":"Setembro j\u00e1 apresenta queda de 56% nas mortes por Covid em rela\u00e7\u00e3o a agosto"},"content":{"rendered":"<p data-uw-styling-context=\"true\">Mato Grosso do Sul tem em setembro uma queda de 56% no n\u00famero de mortes por Covid-19, na compara\u00e7\u00e3o com o mesmo per\u00edodo de agosto. O cen\u00e1rio positivo segue junto com a amplia\u00e7\u00e3o da vacina\u00e7\u00e3o no Estado, que j\u00e1 chegou a 93% da popula\u00e7\u00e3o adulta ao menos com a primeira dose.<\/p>\n<p data-uw-styling-context=\"true\">Segundo dados do boletim da Secretaria Estadual de Sa\u00fade (SES), neste m\u00eas, at\u00e9 o dia 14, foram 73 mortes registradas por Covid-19 no Estado. Neste mesmo per\u00edodo de agosto foram 168 \u00f3bitos devido a doen\u00e7a.<\/p>\n<p data-uw-styling-context=\"true\">A redu\u00e7\u00e3o chega a 63% quando se compara os casos registrados da doen\u00e7a em setembro. Neste m\u00eas j\u00e1 s\u00e3o 2.464 ocorr\u00eancias, enquanto em agosto (mesmo per\u00edodo) foram confirmados 6.770 casos. Este quadro tem reflexo direto nas interna\u00e7\u00f5es nos hospitais, tendo agora 167 pacientes, contra 401 do m\u00eas passado.<\/p>\n<p data-uw-styling-context=\"true\">A queda nos indicadores da Covid no Estado come\u00e7a a partir de julho e segue em decl\u00ednio de casos e mortes em agosto e setembro. A taxa de cont\u00e1gio da doen\u00e7a est\u00e1 abaixo de 0,90 desde 15 de julho, estando agora em 0,84, o que significa que a cada 100 pessoas com Covid, elas transmitem a doen\u00e7a para outras 84.<\/p>\n<p data-uw-styling-context=\"true\">Apesar da queda no n\u00famero de casos, a secret\u00e1ria-adjunta da SES, Crhistinne Maymone, pondera que \u00e9 preciso ficar em alerta em fun\u00e7\u00e3o da variante Delta, que j\u00e1 foi identificada em Mato Grosso do Sul. &#8220;Essa variante que j\u00e1 est\u00e1 em circula\u00e7\u00e3o no Estado possui transmiss\u00e3o muito superior as demais variantes, h\u00e1 estudos que indicam que ela \u00e9 6 vezes mais transmiss\u00edvel\u201d.<\/p>\n<p><strong><img loading=\"lazy\" decoding=\"async\" class=\"alignnone wp-image-369547 size-full\" src=\"http:\/\/www.ms.gov.br\/wp-content\/uploads\/sites\/150\/2021\/09\/%C3%B3bitos-grafico-setembro.jpg\" sizes=\"auto, (max-width: 660px) 100vw, 660px\" srcset=\"http:\/\/www.ms.gov.br\/wp-content\/uploads\/sites\/150\/2021\/09\/\u00f3bitos-grafico-setembro.jpg 660w, http:\/\/www.ms.gov.br\/wp-content\/uploads\/sites\/150\/2021\/09\/\u00f3bitos-grafico-setembro-300x182.jpg 300w, http:\/\/www.ms.gov.br\/wp-content\/uploads\/sites\/150\/2021\/09\/\u00f3bitos-grafico-setembro-350x213.jpg 350w\" alt=\"\" width=\"660\" height=\"401\" \/><\/strong><\/p>\n<p><strong data-uw-styling-context=\"true\">Vacina\u00e7\u00e3o<\/strong><\/p>\n<p data-uw-styling-context=\"true\">Mato Grosso do Sul segue como destaque na vacina\u00e7\u00e3o nacional contra a Covid-19, liderando o ranking entre os estados na aplica\u00e7\u00e3o da primeira e segunda dose. Um dos fatores \u00e9 a distribui\u00e7\u00e3o dos imunizantes em menos de 12 horas para os 79 munic\u00edpios do Estado.<\/p>\n<p data-uw-styling-context=\"true\">Segundo dados do Vacin\u00f4metro, o Estado j\u00e1 vacinou ao menos com a primeira dose 74% da popula\u00e7\u00e3o. Se levar em conta o p\u00fablico adulto o percentual chega a 93%. Ainda neste grupo (adulto) j\u00e1 s\u00e3o 67% com a imuniza\u00e7\u00e3o completa (segunda dose e dose \u00fanica). Ao todo j\u00e1 s\u00e3o 3,1 milh\u00f5es doses aplicadas.<\/p>\n<p data-uw-styling-context=\"true\">O Estado tamb\u00e9m j\u00e1 vacinou mais de 162 mil jovens de 12 a 17 anos e aplicou a dose de refor\u00e7o em mais de 32 mil idosos. Desde o in\u00edcio da imuniza\u00e7\u00e3o o governador Reinaldo Azambuja incentivou os munic\u00edpios a fazerem \u201cmutir\u00f5es\u201d de vacina\u00e7\u00e3o, com o lema \u201cvacina no bra\u00e7o e n\u00e3o na geladeira\u201d.<\/p>\n","protected":false},"excerpt":{"rendered":"<p>Mato Grosso do Sul tem em setembro uma queda de 56% no n\u00famero de mortes&#8230;<\/p>\n","protected":false},"author":13,"featured_media":11717055,"comment_status":"closed","ping_status":"closed","sticky":false,"template":"","format":"standard","meta":{"footnotes":""},"categories":[116,21],"tags":[],"class_list":["post-11718267","post","type-post","status-publish","format-standard","has-post-thumbnail","hentry","category-coronavirus","category-saude"],"_links":{"self":[{"href":"https:\/\/www.corumbaonline.com.br\/news\/wp-json\/wp\/v2\/posts\/11718267","targetHints":{"allow":["GET"]}}],"collection":[{"href":"https:\/\/www.corumbaonline.com.br\/news\/wp-json\/wp\/v2\/posts"}],"about":[{"href":"https:\/\/www.corumbaonline.com.br\/news\/wp-json\/wp\/v2\/types\/post"}],"author":[{"embeddable":true,"href":"https:\/\/www.corumbaonline.com.br\/news\/wp-json\/wp\/v2\/users\/13"}],"replies":[{"embeddable":true,"href":"https:\/\/www.corumbaonline.com.br\/news\/wp-json\/wp\/v2\/comments?post=11718267"}],"version-history":[{"count":1,"href":"https:\/\/www.corumbaonline.com.br\/news\/wp-json\/wp\/v2\/posts\/11718267\/revisions"}],"predecessor-version":[{"id":11718268,"href":"https:\/\/www.corumbaonline.com.br\/news\/wp-json\/wp\/v2\/posts\/11718267\/revisions\/11718268"}],"wp:featuredmedia":[{"embeddable":true,"href":"https:\/\/www.corumbaonline.com.br\/news\/wp-json\/wp\/v2\/media\/11717055"}],"wp:attachment":[{"href":"https:\/\/www.corumbaonline.com.br\/news\/wp-json\/wp\/v2\/media?parent=11718267"}],"wp:term":[{"taxonomy":"category","embeddable":true,"href":"https:\/\/www.corumbaonline.com.br\/news\/wp-json\/wp\/v2\/categories?post=11718267"},{"taxonomy":"post_tag","embeddable":true,"href":"https:\/\/www.corumbaonline.com.br\/news\/wp-json\/wp\/v2\/tags?post=11718267"}],"curies":[{"name":"wp","href":"https:\/\/api.w.org\/{rel}","templated":true}]}}