{"id":11718275,"date":"2021-09-15T08:57:00","date_gmt":"2021-09-15T12:57:00","guid":{"rendered":"http:\/\/www.corumbaonline.com.br\/news\/?p=11718275"},"modified":"2021-09-15T10:34:50","modified_gmt":"2021-09-15T14:34:50","slug":"governo-inicia-nesta-quarta-feira-pagamento-de-auxilio-aos-profissionais-de-turismo","status":"publish","type":"post","link":"https:\/\/www.corumbaonline.com.br\/news\/governo-inicia-nesta-quarta-feira-pagamento-de-auxilio-aos-profissionais-de-turismo\/","title":{"rendered":"Governo inicia nesta quarta-feira pagamento de aux\u00edlio aos profissionais de turismo"},"content":{"rendered":"<p data-uw-styling-context=\"true\">O governo do Estado inicia nesta quarta-feira (15) o pagamento de aux\u00edlio aos profissionais do turismo, que tiveram preju\u00edzos durante a pandemia do coronav\u00edrus. Eles ser\u00e3o beneficiados por meio do programa \u201cIncentiva+MS Turismo\u201d, que vai repassar a ajuda financeira em seis parcelas no valor de R$ 1 mil.<\/p>\n<p data-uw-styling-context=\"true\">\u201cCome\u00e7a nesta quarta-feira o pagamento aos beneficiados do programa, no primeiro lote daqueles que est\u00e3o aptos a receber o aux\u00edlio. Este apoio vai ajudar muito principalmente ao microempreendedor que precisa pagar contas atrasadas ou comprar insumos\u201d, descreveu o diretor-presidente da Fundtur (Funda\u00e7\u00e3o de Turismo de Mato Grosso do Sul), Bruno Wendling.<\/p>\n<p data-uw-styling-context=\"true\">O diretor destaca que o aux\u00edlio pago pelo Estado \u00e9 um \u201calento\u201d para categoria que teve muitas dificuldades e preju\u00edzos durante a pandemia. \u201cFoi um dos setores mais afetados em fun\u00e7\u00e3o das restri\u00e7\u00f5es, em um per\u00edodo de 1 ano e meio. Este apoio do governo vai ajudar e refor\u00e7a esta retomada das atividades\u201d, ponderou.<\/p>\n<p data-uw-styling-context=\"true\">O governador Reinaldo Azambuja destacou que o aux\u00edlio financeiro \u00e9 uma forma de ajudar este setor importante na economia do Estado. \u201cNossa inten\u00e7\u00e3o \u00e9 ajudar estes profissionais. Lan\u00e7amos este programa para retomada da economia, estendendo as m\u00e3os aos setores mais atingidos pela pandemia\u201d.<\/p>\n<p><strong data-uw-styling-context=\"true\">Programa<\/strong><\/p>\n<p data-uw-styling-context=\"true\">Ao todo s\u00e3o 609 contemplados nesta primeira etapa do programa. Wendling confirmou que a partir do dia 21 de setembro v\u00e3o ser novamente abertas as inscri\u00e7\u00f5es para a inclus\u00e3o de novos profissionais. \u201cVamos reabrir as inscri\u00e7\u00f5es com as mesmas condi\u00e7\u00f5es deste primeiro grupo, que v\u00e3o seguir at\u00e9 5 de outubro\u201d.<\/p>\n<p data-uw-styling-context=\"true\">Podem participar do programa guias de turismo, microempreendedores individuais e microempresas do setor do turismo. Assim como restaurantes, bares, estabelecimentos especializados em servir bebidas, lanchonetes, casas de ch\u00e1, de sucos e similares. \u00a0Servi\u00e7os ambulantes de alimenta\u00e7\u00e3o, operadores tur\u00edsticos, ag\u00eancias de viagens, servi\u00e7o de organiza\u00e7\u00e3o de feiras, congressos, exposi\u00e7\u00f5es e festas.<\/p>\n<p data-uw-styling-context=\"true\">O programa voltado ao turismo foi lan\u00e7ado com parte do pacote de investimentos do Estado chamado \u201cRetomada MS\u201d, que prev\u00ea o aporte financeiro de R$ 763 milh\u00f5es para ajudar setores que foram prejudicados com a pandemia. Neste projeto est\u00e3o os eixos de aux\u00edlio financeiro, medidas fiscais e microcr\u00e9dito orientado.<\/p>\n","protected":false},"excerpt":{"rendered":"<p>O governo do Estado inicia nesta quarta-feira (15) o pagamento de aux\u00edlio aos profissionais do&#8230;<\/p>\n","protected":false},"author":13,"featured_media":0,"comment_status":"closed","ping_status":"closed","sticky":false,"template":"","format":"standard","meta":{"footnotes":""},"categories":[9,23],"tags":[],"class_list":["post-11718275","post","type-post","status-publish","format-standard","hentry","category-economia","category-turismo"],"_links":{"self":[{"href":"https:\/\/www.corumbaonline.com.br\/news\/wp-json\/wp\/v2\/posts\/11718275","targetHints":{"allow":["GET"]}}],"collection":[{"href":"https:\/\/www.corumbaonline.com.br\/news\/wp-json\/wp\/v2\/posts"}],"about":[{"href":"https:\/\/www.corumbaonline.com.br\/news\/wp-json\/wp\/v2\/types\/post"}],"author":[{"embeddable":true,"href":"https:\/\/www.corumbaonline.com.br\/news\/wp-json\/wp\/v2\/users\/13"}],"replies":[{"embeddable":true,"href":"https:\/\/www.corumbaonline.com.br\/news\/wp-json\/wp\/v2\/comments?post=11718275"}],"version-history":[{"count":1,"href":"https:\/\/www.corumbaonline.com.br\/news\/wp-json\/wp\/v2\/posts\/11718275\/revisions"}],"predecessor-version":[{"id":11718276,"href":"https:\/\/www.corumbaonline.com.br\/news\/wp-json\/wp\/v2\/posts\/11718275\/revisions\/11718276"}],"wp:attachment":[{"href":"https:\/\/www.corumbaonline.com.br\/news\/wp-json\/wp\/v2\/media?parent=11718275"}],"wp:term":[{"taxonomy":"category","embeddable":true,"href":"https:\/\/www.corumbaonline.com.br\/news\/wp-json\/wp\/v2\/categories?post=11718275"},{"taxonomy":"post_tag","embeddable":true,"href":"https:\/\/www.corumbaonline.com.br\/news\/wp-json\/wp\/v2\/tags?post=11718275"}],"curies":[{"name":"wp","href":"https:\/\/api.w.org\/{rel}","templated":true}]}}