{"id":11718310,"date":"2021-09-15T12:00:00","date_gmt":"2021-09-15T16:00:00","guid":{"rendered":"http:\/\/www.corumbaonline.com.br\/news\/?p=11718310"},"modified":"2021-09-15T12:44:45","modified_gmt":"2021-09-15T16:44:45","slug":"com-237-novos-casos-de-covid-e-7-obitos-ms-segue-com-tendencia-de-estabilidade","status":"publish","type":"post","link":"https:\/\/www.corumbaonline.com.br\/news\/com-237-novos-casos-de-covid-e-7-obitos-ms-segue-com-tendencia-de-estabilidade\/","title":{"rendered":"Com 237 novos casos de Covid e 7 \u00f3bitos, MS segue com tend\u00eancia de estabilidade"},"content":{"rendered":"<p><span data-uw-styling-context=\"true\">Mato Grosso do Sul confirmou mais 237 casos e 7 mortes em decorr\u00eancia da Covid-19. As informa\u00e7\u00f5es s\u00e3o do Boletim Epidemiol\u00f3gico Covid apresentado nesta quarta-feira (15).\u00a0\u00a0<\/span><\/p>\n<p><span data-uw-styling-context=\"true\">Os \u00f3bitos registrados s\u00e3o de sul-mato-grossenses com idades entre 49 a 82 anos que residiam em Campo Grande (5), Anast\u00e1cio (1) e Nioaque (1). A taxa de letalidade est\u00e1 em 2,6% e a m\u00e9dia m\u00f3vel est\u00e1 em 6,4.\u00a0<\/span><\/p>\n<p><img loading=\"lazy\" decoding=\"async\" class=\"alignnone wp-image-369696 size-full\" src=\"http:\/\/www.ms.gov.br\/wp-content\/uploads\/sites\/150\/2021\/09\/taxa-contagio.png\" sizes=\"auto, (max-width: 767px) 100vw, 767px\" srcset=\"http:\/\/www.ms.gov.br\/wp-content\/uploads\/sites\/150\/2021\/09\/taxa-contagio.png 767w, http:\/\/www.ms.gov.br\/wp-content\/uploads\/sites\/150\/2021\/09\/taxa-contagio-300x235.png 300w, http:\/\/www.ms.gov.br\/wp-content\/uploads\/sites\/150\/2021\/09\/taxa-contagio-307x240.png 307w\" alt=\"\" width=\"767\" height=\"600\" \/><\/p>\n<p><span data-uw-styling-context=\"true\">Os novos casos foram registrados em sua maioria em Campo Grande (165), Dourados (10), Sidrol\u00e2ndia (9) e Corumb\u00e1 (6). A m\u00e9dia m\u00f3vel indica que o Estado confirmou cerca de 134,4 novos casos di\u00e1rios na \u00faltima semana. A taxa de cont\u00e1gio se manteve em 0.84 pelo quinto dia seguido.\u00a0\u00a0<\/span><\/p>\n<p><span data-uw-styling-context=\"true\">Atualmente Mato Grosso do Sul conta com 159 casos internados, sendo 63 em leitos cl\u00ednicos e 96 em leitos de UTI. A fila de espera por um leito SRAG\/Covid conta com 3 pacientes na Central de Regula\u00e7\u00e3o de Campo Grande e 3 na de Dourados.\u00a0<\/span><\/p>\n<p><span data-uw-styling-context=\"true\">A taxa de ocupa\u00e7\u00e3o global de leitos por macrorregi\u00e3o \u00e9 de 50% em Campo Grande, 60% em Dourados, 44% em Tr\u00eas Lagoas, e 59% em Corumb\u00e1. Apenas Dourados apresentou ligeira eleva\u00e7\u00e3o nas \u00faltimas 24 horas.\u00a0<\/span><\/p>\n<div id=\"gallery-1\" class=\"gallery galleryid-369686 gallery-columns-3 gallery-size-medium\">\n<figure class=\"gallery-item\">\n<div class=\"gallery-icon landscape\"><a href=\"http:\/\/www.ms.gov.br\/wp-content\/uploads\/sites\/150\/2021\/09\/cenario-geral.png\"><img loading=\"lazy\" decoding=\"async\" class=\"attachment-medium size-medium\" src=\"http:\/\/www.ms.gov.br\/wp-content\/uploads\/sites\/150\/2021\/09\/cenario-geral-300x235.png\" sizes=\"auto, (max-width: 300px) 100vw, 300px\" srcset=\"http:\/\/www.ms.gov.br\/wp-content\/uploads\/sites\/150\/2021\/09\/cenario-geral-300x235.png 300w, http:\/\/www.ms.gov.br\/wp-content\/uploads\/sites\/150\/2021\/09\/cenario-geral-307x240.png 307w, http:\/\/www.ms.gov.br\/wp-content\/uploads\/sites\/150\/2021\/09\/cenario-geral.png 767w\" alt=\"\" width=\"300\" height=\"235\" \/><\/a><\/div>\n<\/figure>\n<figure class=\"gallery-item\">\n<div class=\"gallery-icon landscape\"><a href=\"http:\/\/www.ms.gov.br\/wp-content\/uploads\/sites\/150\/2021\/09\/medias-moveis.png\"><img loading=\"lazy\" decoding=\"async\" class=\"attachment-medium size-medium\" src=\"http:\/\/www.ms.gov.br\/wp-content\/uploads\/sites\/150\/2021\/09\/medias-moveis-300x235.png\" sizes=\"auto, (max-width: 300px) 100vw, 300px\" srcset=\"http:\/\/www.ms.gov.br\/wp-content\/uploads\/sites\/150\/2021\/09\/medias-moveis-300x235.png 300w, http:\/\/www.ms.gov.br\/wp-content\/uploads\/sites\/150\/2021\/09\/medias-moveis-307x240.png 307w, http:\/\/www.ms.gov.br\/wp-content\/uploads\/sites\/150\/2021\/09\/medias-moveis.png 767w\" alt=\"\" width=\"300\" height=\"235\" \/><\/a><\/div>\n<\/figure>\n<figure class=\"gallery-item\">\n<div class=\"gallery-icon landscape\"><a href=\"http:\/\/www.ms.gov.br\/wp-content\/uploads\/sites\/150\/2021\/09\/interna%C3%A7%C3%B5es-4.png\"><img loading=\"lazy\" decoding=\"async\" class=\"attachment-medium size-medium\" src=\"http:\/\/www.ms.gov.br\/wp-content\/uploads\/sites\/150\/2021\/09\/interna%C3%A7%C3%B5es-4-300x235.png\" sizes=\"auto, (max-width: 300px) 100vw, 300px\" srcset=\"http:\/\/www.ms.gov.br\/wp-content\/uploads\/sites\/150\/2021\/09\/interna\u00e7\u00f5es-4-300x235.png 300w, http:\/\/www.ms.gov.br\/wp-content\/uploads\/sites\/150\/2021\/09\/interna\u00e7\u00f5es-4-307x240.png 307w, http:\/\/www.ms.gov.br\/wp-content\/uploads\/sites\/150\/2021\/09\/interna\u00e7\u00f5es-4.png 767w\" alt=\"\" width=\"300\" height=\"235\" \/><\/a><\/div>\n<\/figure>\n<\/div>\n<p><span data-uw-styling-context=\"true\">O avan\u00e7ado processo de imuniza\u00e7\u00e3o de Mato Grosso do Sul, que j\u00e1 atinge 50% da popula\u00e7\u00e3o geral, \u00e9 um dos principais respons\u00e1veis pela desacelera\u00e7\u00e3o dos indicadores da Covid no Estado.\u00a0\u00a0<\/span><\/p>\n<p><span data-uw-styling-context=\"true\">Ainda assim, os gestores da sa\u00fade refor\u00e7am diariamente a import\u00e2ncia da popula\u00e7\u00e3o mesmo vacinada, manter o uso da m\u00e1scara, higiene das m\u00e3os, uso de \u00e1lcool gel e distanciamento social.\u00a0<\/span><\/p>\n<p><span data-uw-styling-context=\"true\">Com diversas estrat\u00e9gias e atuando em parceria com os 79 munic\u00edpios para acelerar o processo de vacina\u00e7\u00e3o, a meta do secret\u00e1rio de sa\u00fade, Geraldo Resende \u00e9 transformar Mato Grosso do Sul no primeiro estado do Pa\u00eds a atingir a imunidade coletiva.\u00a0<\/span><\/p>\n<p><span data-uw-styling-context=\"true\">Confira\u00a0<strong><a href=\"http:\/\/www.ms.gov.br\/wp-content\/uploads\/sites\/150\/2021\/09\/Boletim-Epidemiol%C3%B3gico-COVID-19-2021.09.15.pdf\" data-uw-styling-context=\"true\">aqui<\/a><\/strong>\u00a0o detalhamento do Boletim Epidemiol\u00f3gico Covid desta quarta-feira, 15 de setembro.\u00a0<\/span><\/p>\n","protected":false},"excerpt":{"rendered":"<p>Mato Grosso do Sul confirmou mais 237 casos e 7 mortes em decorr\u00eancia da Covid-19&#8230;.<\/p>\n","protected":false},"author":13,"featured_media":11717047,"comment_status":"closed","ping_status":"closed","sticky":false,"template":"","format":"standard","meta":{"footnotes":""},"categories":[116,8,21],"tags":[],"class_list":["post-11718310","post","type-post","status-publish","format-standard","has-post-thumbnail","hentry","category-coronavirus","category-destaque","category-saude"],"_links":{"self":[{"href":"https:\/\/www.corumbaonline.com.br\/news\/wp-json\/wp\/v2\/posts\/11718310","targetHints":{"allow":["GET"]}}],"collection":[{"href":"https:\/\/www.corumbaonline.com.br\/news\/wp-json\/wp\/v2\/posts"}],"about":[{"href":"https:\/\/www.corumbaonline.com.br\/news\/wp-json\/wp\/v2\/types\/post"}],"author":[{"embeddable":true,"href":"https:\/\/www.corumbaonline.com.br\/news\/wp-json\/wp\/v2\/users\/13"}],"replies":[{"embeddable":true,"href":"https:\/\/www.corumbaonline.com.br\/news\/wp-json\/wp\/v2\/comments?post=11718310"}],"version-history":[{"count":1,"href":"https:\/\/www.corumbaonline.com.br\/news\/wp-json\/wp\/v2\/posts\/11718310\/revisions"}],"predecessor-version":[{"id":11718311,"href":"https:\/\/www.corumbaonline.com.br\/news\/wp-json\/wp\/v2\/posts\/11718310\/revisions\/11718311"}],"wp:featuredmedia":[{"embeddable":true,"href":"https:\/\/www.corumbaonline.com.br\/news\/wp-json\/wp\/v2\/media\/11717047"}],"wp:attachment":[{"href":"https:\/\/www.corumbaonline.com.br\/news\/wp-json\/wp\/v2\/media?parent=11718310"}],"wp:term":[{"taxonomy":"category","embeddable":true,"href":"https:\/\/www.corumbaonline.com.br\/news\/wp-json\/wp\/v2\/categories?post=11718310"},{"taxonomy":"post_tag","embeddable":true,"href":"https:\/\/www.corumbaonline.com.br\/news\/wp-json\/wp\/v2\/tags?post=11718310"}],"curies":[{"name":"wp","href":"https:\/\/api.w.org\/{rel}","templated":true}]}}