{"id":11718374,"date":"2021-09-17T09:16:00","date_gmt":"2021-09-17T13:16:00","guid":{"rendered":"http:\/\/www.corumbaonline.com.br\/news\/?p=11718374"},"modified":"2021-09-17T09:15:09","modified_gmt":"2021-09-17T13:15:09","slug":"anvisa-diverge-do-ministerio-e-mantem-pfizer-a-adolescentes","status":"publish","type":"post","link":"https:\/\/www.corumbaonline.com.br\/news\/anvisa-diverge-do-ministerio-e-mantem-pfizer-a-adolescentes\/","title":{"rendered":"Anvisa diverge do minist\u00e9rio e mant\u00e9m Pfizer a adolescentes"},"content":{"rendered":"<p>A Ag\u00eancia Nacional de Vigil\u00e2ncia Sanit\u00e1ria (Anvisa) informou na noite desta quinta-feira, 16, investigar uma suspeita de rea\u00e7\u00e3o adversa de uma adolescente, que morreu ap\u00f3s tomar a vacina da Pfizer. Destacou, por\u00e9m, n\u00e3o haver elementos suficientes para estabelecer a conex\u00e3o entre o \u00f3bito e o uso do imunizante. Apesar de o Minist\u00e9rio da Sa\u00fade ter recomendado a suspens\u00e3o da aplica\u00e7\u00e3o da vacina em adolescentes sem comorbidades, o \u00f3rg\u00e3o regulador manteve a libera\u00e7\u00e3o do produto para essa faixa et\u00e1ria.<\/p>\n<p>&#8220;No momento, n\u00e3o h\u00e1 uma rela\u00e7\u00e3o causal definida entre este caso e a administra\u00e7\u00e3o da vacina&#8221;, disse a ag\u00eancia, em nota. &#8220;Os dados recebidos ainda s\u00e3o preliminares e necessitam de aprofundamento para confirmar ou descartar a rela\u00e7\u00e3o causal com a vacina.&#8221; O caso, com uma jovem de 16 anos, ocorreu em S\u00e3o Bernardo do Campo, na Grande S\u00e3o Paulo.<\/p>\n<p class=\"text\">&#8220;A Anvisa j\u00e1 iniciou avalia\u00e7\u00e3o e a comunica\u00e7\u00e3o com outras autoridades p\u00fablicas e adotar\u00e1 todas as a\u00e7\u00f5es necess\u00e1rias para a r\u00e1pida conclus\u00e3o da investiga\u00e7\u00e3o. Entretanto, com os dados dispon\u00edveis at\u00e9 o momento, n\u00e3o existem evid\u00eancias que subsidiem ou demandem altera\u00e7\u00f5es nas condi\u00e7\u00f5es aprovadas para a vacina&#8221;, acrescentou a ag\u00eancia. O imunizante da Pfizer \u00e9 o \u00fanico aprovado para adolescentes de 12 a 17 anos no Brasil.<\/p>\n<p class=\"text\">Parte das cidades, como Salvador e Natal, j\u00e1 mandou parar a imuniza\u00e7\u00e3o nessa faixa et\u00e1ria. J\u00e1 a capital paulista, por exemplo, informou que n\u00e3o vai suspender. O ministro da Sa\u00fade, Marcelo Queiroga, afirmou, em entrevista coletiva, que os adolescentes sem comorbidades que tomaram a 1.\u00aa dose, por ora, n\u00e3o voltem para a 2.\u00aa aplica\u00e7\u00e3o. J\u00e1 aqueles com comorbidade devem concluir o esquema vacinal.<\/p>\n","protected":false},"excerpt":{"rendered":"<p>A Ag\u00eancia Nacional de Vigil\u00e2ncia Sanit\u00e1ria (Anvisa) informou na noite desta quinta-feira, 16, investigar uma&#8230;<\/p>\n","protected":false},"author":11,"featured_media":0,"comment_status":"closed","ping_status":"closed","sticky":false,"template":"","format":"standard","meta":{"footnotes":""},"categories":[116,21],"tags":[],"class_list":["post-11718374","post","type-post","status-publish","format-standard","hentry","category-coronavirus","category-saude"],"_links":{"self":[{"href":"https:\/\/www.corumbaonline.com.br\/news\/wp-json\/wp\/v2\/posts\/11718374","targetHints":{"allow":["GET"]}}],"collection":[{"href":"https:\/\/www.corumbaonline.com.br\/news\/wp-json\/wp\/v2\/posts"}],"about":[{"href":"https:\/\/www.corumbaonline.com.br\/news\/wp-json\/wp\/v2\/types\/post"}],"author":[{"embeddable":true,"href":"https:\/\/www.corumbaonline.com.br\/news\/wp-json\/wp\/v2\/users\/11"}],"replies":[{"embeddable":true,"href":"https:\/\/www.corumbaonline.com.br\/news\/wp-json\/wp\/v2\/comments?post=11718374"}],"version-history":[{"count":1,"href":"https:\/\/www.corumbaonline.com.br\/news\/wp-json\/wp\/v2\/posts\/11718374\/revisions"}],"predecessor-version":[{"id":11718375,"href":"https:\/\/www.corumbaonline.com.br\/news\/wp-json\/wp\/v2\/posts\/11718374\/revisions\/11718375"}],"wp:attachment":[{"href":"https:\/\/www.corumbaonline.com.br\/news\/wp-json\/wp\/v2\/media?parent=11718374"}],"wp:term":[{"taxonomy":"category","embeddable":true,"href":"https:\/\/www.corumbaonline.com.br\/news\/wp-json\/wp\/v2\/categories?post=11718374"},{"taxonomy":"post_tag","embeddable":true,"href":"https:\/\/www.corumbaonline.com.br\/news\/wp-json\/wp\/v2\/tags?post=11718374"}],"curies":[{"name":"wp","href":"https:\/\/api.w.org\/{rel}","templated":true}]}}