{"id":11718385,"date":"2021-09-17T11:30:00","date_gmt":"2021-09-17T15:30:00","guid":{"rendered":"http:\/\/www.corumbaonline.com.br\/news\/?p=11718385"},"modified":"2021-09-17T14:57:28","modified_gmt":"2021-09-17T18:57:28","slug":"mato-grosso-do-sul-registrou-2-obitos-nas-ultimas-24-horas","status":"publish","type":"post","link":"https:\/\/www.corumbaonline.com.br\/news\/mato-grosso-do-sul-registrou-2-obitos-nas-ultimas-24-horas\/","title":{"rendered":"Mato Grosso do Sul registrou 2 \u00f3bitos nas ultimas 24 horas"},"content":{"rendered":"<p><span data-uw-styling-context=\"true\">A Covid-19 segue com tend\u00eancia de desacelera\u00e7\u00e3o em Mato Grosso do Sul. Um dos destaques do boletim epidemiol\u00f3gico desta sexta-feira (17) \u00e9 a redu\u00e7\u00e3o do n\u00famero de \u00f3bitos.\u00a0<\/span><\/p>\n<p><span data-uw-styling-context=\"true\">A Secretaria de Estado de Sa\u00fade (SES) anunciou 2 registros no boletim de hoje, sendo um deles ocorrido no m\u00eas de maio e confirmado s\u00f3 agora, pontuou o secret\u00e1rio de sa\u00fade, Geraldo Resende.\u00a0<\/span><\/p>\n<p><img loading=\"lazy\" decoding=\"async\" class=\"alignnone wp-image-370166 size-full\" src=\"http:\/\/www.ms.gov.br\/wp-content\/uploads\/sites\/150\/2021\/09\/cenario.png\" sizes=\"auto, (max-width: 767px) 100vw, 767px\" srcset=\"http:\/\/www.ms.gov.br\/wp-content\/uploads\/sites\/150\/2021\/09\/cenario.png 767w, http:\/\/www.ms.gov.br\/wp-content\/uploads\/sites\/150\/2021\/09\/cenario-300x235.png 300w, http:\/\/www.ms.gov.br\/wp-content\/uploads\/sites\/150\/2021\/09\/cenario-307x240.png 307w\" alt=\"\" width=\"767\" height=\"600\" \/><\/p>\n<p><span data-uw-styling-context=\"true\">A m\u00e9dia m\u00f3vel segue em decr\u00e9scimo e indica que o Estado registrou 5,3 mortes di\u00e1rias na \u00faltima semana. Desde o in\u00edcio da pandemia, 9.492 sul-mato-grossenses perderam a batalha para o v\u00edrus.\u00a0<\/span><\/p>\n<p><span data-uw-styling-context=\"true\">Foram confirmados 137 novos casos nesta sexta-feira, sendo a maioria deles registrados nos munic\u00edpios de Campo Grande (27), Tr\u00eas Lagoas (24) e Dourados (19). A taxa de cont\u00e1gio vem se mantendo com tend\u00eancia de estabilidade com o indicador em 0.84 desde o dia 11 de setembro.\u00a0<\/span><\/p>\n<p><span data-uw-styling-context=\"true\">O n\u00famero de pacientes internados, que est\u00e1 em 149 nesta sexta-feira, tamb\u00e9m apresenta redu\u00e7\u00e3o no comparativo com os \u00faltimos 14 dias. J\u00e1 no comparativo com o n\u00famero recorde de 1.339 registrados h\u00e1 tr\u00eas meses, a redu\u00e7\u00e3o representa mais de 88%.\u00a0<\/span><\/p>\n<div id=\"gallery-1\" class=\"gallery galleryid-370165 gallery-columns-3 gallery-size-medium\">\n<figure class=\"gallery-item\">\n<div class=\"gallery-icon landscape\"><a href=\"http:\/\/www.ms.gov.br\/wp-content\/uploads\/sites\/150\/2021\/09\/media-movel-1.png\"><img loading=\"lazy\" decoding=\"async\" class=\"attachment-medium size-medium\" src=\"http:\/\/www.ms.gov.br\/wp-content\/uploads\/sites\/150\/2021\/09\/media-movel-1-300x235.png\" sizes=\"auto, (max-width: 300px) 100vw, 300px\" srcset=\"http:\/\/www.ms.gov.br\/wp-content\/uploads\/sites\/150\/2021\/09\/media-movel-1-300x235.png 300w, http:\/\/www.ms.gov.br\/wp-content\/uploads\/sites\/150\/2021\/09\/media-movel-1-307x240.png 307w, http:\/\/www.ms.gov.br\/wp-content\/uploads\/sites\/150\/2021\/09\/media-movel-1.png 767w\" alt=\"\" width=\"300\" height=\"235\" \/><\/a><\/div>\n<\/figure>\n<figure class=\"gallery-item\">\n<div class=\"gallery-icon landscape\"><a href=\"http:\/\/www.ms.gov.br\/wp-content\/uploads\/sites\/150\/2021\/09\/internados.png\"><img loading=\"lazy\" decoding=\"async\" class=\"attachment-medium size-medium\" src=\"http:\/\/www.ms.gov.br\/wp-content\/uploads\/sites\/150\/2021\/09\/internados-300x235.png\" sizes=\"auto, (max-width: 300px) 100vw, 300px\" srcset=\"http:\/\/www.ms.gov.br\/wp-content\/uploads\/sites\/150\/2021\/09\/internados-300x235.png 300w, http:\/\/www.ms.gov.br\/wp-content\/uploads\/sites\/150\/2021\/09\/internados-307x240.png 307w, http:\/\/www.ms.gov.br\/wp-content\/uploads\/sites\/150\/2021\/09\/internados.png 767w\" alt=\"\" width=\"300\" height=\"235\" \/><\/a><\/div>\n<\/figure>\n<figure class=\"gallery-item\">\n<div class=\"gallery-icon landscape\"><a href=\"http:\/\/www.ms.gov.br\/wp-content\/uploads\/sites\/150\/2021\/09\/contagio-1.png\"><img loading=\"lazy\" decoding=\"async\" class=\"attachment-medium size-medium\" src=\"http:\/\/www.ms.gov.br\/wp-content\/uploads\/sites\/150\/2021\/09\/contagio-1-300x235.png\" sizes=\"auto, (max-width: 300px) 100vw, 300px\" srcset=\"http:\/\/www.ms.gov.br\/wp-content\/uploads\/sites\/150\/2021\/09\/contagio-1-300x235.png 300w, http:\/\/www.ms.gov.br\/wp-content\/uploads\/sites\/150\/2021\/09\/contagio-1-307x240.png 307w, http:\/\/www.ms.gov.br\/wp-content\/uploads\/sites\/150\/2021\/09\/contagio-1.png 767w\" alt=\"\" width=\"300\" height=\"235\" \/><\/a><\/div>\n<\/figure>\n<\/div>\n<p><span data-uw-styling-context=\"true\">\u201cMostra que esse processo de imuniza\u00e7\u00e3o e outras medidas que tomamos est\u00e1 sendo vitorioso e nosso Estado est\u00e1 dando exemplo de compet\u00eancia e de zelo para todo Pa\u00eds\u201d, afirmou Resende.\u00a0<\/span><\/p>\n<p><span data-uw-styling-context=\"true\">Outro dado que o secret\u00e1rio de sa\u00fade destacou, foi o avan\u00e7o da imuniza\u00e7\u00e3o. Segundo Resende Mato Grosso do Sul est\u00e1 prestes a atingir a imunidade coletiva, com 70% da popula\u00e7\u00e3o vacinada com ao menos uma dose. \u201cUm marco importante\u201d.\u00a0<\/span><\/p>\n<p><img loading=\"lazy\" decoding=\"async\" class=\"alignnone wp-image-370170 size-full\" src=\"http:\/\/www.ms.gov.br\/wp-content\/uploads\/sites\/150\/2021\/09\/vacinometro.png\" sizes=\"auto, (max-width: 767px) 100vw, 767px\" srcset=\"http:\/\/www.ms.gov.br\/wp-content\/uploads\/sites\/150\/2021\/09\/vacinometro.png 767w, http:\/\/www.ms.gov.br\/wp-content\/uploads\/sites\/150\/2021\/09\/vacinometro-300x235.png 300w, http:\/\/www.ms.gov.br\/wp-content\/uploads\/sites\/150\/2021\/09\/vacinometro-307x240.png 307w\" alt=\"\" width=\"767\" height=\"600\" \/><\/p>\n<p><span data-uw-styling-context=\"true\">Outros dados podem ser conferidos no boletim epidemiol\u00f3gico. Fa\u00e7a o download\u00a0<strong><a href=\"http:\/\/www.ms.gov.br\/wp-content\/uploads\/sites\/150\/2021\/09\/Boletim-Epidemiol%C3%B3gico-COVID-19-2021.09.17.pdf\" data-uw-styling-context=\"true\">aqui<\/a><\/strong>.\u00a0<\/span><\/p>\n","protected":false},"excerpt":{"rendered":"<p>A Covid-19 segue com tend\u00eancia de desacelera\u00e7\u00e3o em Mato Grosso do Sul. Um dos destaques&#8230;<\/p>\n","protected":false},"author":13,"featured_media":11717525,"comment_status":"closed","ping_status":"closed","sticky":false,"template":"","format":"standard","meta":{"footnotes":""},"categories":[116,8,21],"tags":[],"class_list":["post-11718385","post","type-post","status-publish","format-standard","has-post-thumbnail","hentry","category-coronavirus","category-destaque","category-saude"],"_links":{"self":[{"href":"https:\/\/www.corumbaonline.com.br\/news\/wp-json\/wp\/v2\/posts\/11718385","targetHints":{"allow":["GET"]}}],"collection":[{"href":"https:\/\/www.corumbaonline.com.br\/news\/wp-json\/wp\/v2\/posts"}],"about":[{"href":"https:\/\/www.corumbaonline.com.br\/news\/wp-json\/wp\/v2\/types\/post"}],"author":[{"embeddable":true,"href":"https:\/\/www.corumbaonline.com.br\/news\/wp-json\/wp\/v2\/users\/13"}],"replies":[{"embeddable":true,"href":"https:\/\/www.corumbaonline.com.br\/news\/wp-json\/wp\/v2\/comments?post=11718385"}],"version-history":[{"count":1,"href":"https:\/\/www.corumbaonline.com.br\/news\/wp-json\/wp\/v2\/posts\/11718385\/revisions"}],"predecessor-version":[{"id":11718386,"href":"https:\/\/www.corumbaonline.com.br\/news\/wp-json\/wp\/v2\/posts\/11718385\/revisions\/11718386"}],"wp:featuredmedia":[{"embeddable":true,"href":"https:\/\/www.corumbaonline.com.br\/news\/wp-json\/wp\/v2\/media\/11717525"}],"wp:attachment":[{"href":"https:\/\/www.corumbaonline.com.br\/news\/wp-json\/wp\/v2\/media?parent=11718385"}],"wp:term":[{"taxonomy":"category","embeddable":true,"href":"https:\/\/www.corumbaonline.com.br\/news\/wp-json\/wp\/v2\/categories?post=11718385"},{"taxonomy":"post_tag","embeddable":true,"href":"https:\/\/www.corumbaonline.com.br\/news\/wp-json\/wp\/v2\/tags?post=11718385"}],"curies":[{"name":"wp","href":"https:\/\/api.w.org\/{rel}","templated":true}]}}