{"id":11718389,"date":"2021-09-17T11:47:00","date_gmt":"2021-09-17T15:47:00","guid":{"rendered":"http:\/\/www.corumbaonline.com.br\/news\/?p=11718389"},"modified":"2021-09-17T15:01:49","modified_gmt":"2021-09-17T19:01:49","slug":"cidade-empreendedora-inicia-qualificacao-profissional-com-cursos-gratuitos-em-corumba","status":"publish","type":"post","link":"https:\/\/www.corumbaonline.com.br\/news\/cidade-empreendedora-inicia-qualificacao-profissional-com-cursos-gratuitos-em-corumba\/","title":{"rendered":"Cidade Empreendedora inicia qualifica\u00e7\u00e3o profissional com cursos gratuitos em Corumb\u00e1"},"content":{"rendered":"<p>O prefeito Marcelo Iunes acompanhou nesta sexta-feira, 17 de setembro, o in\u00edcio dos cursos promovidos pela carreta do programa Cidade Empreendedora. A primeira qualifica\u00e7\u00e3o oferecida pela parceria da Prefeitura de Corumb\u00e1 em conjunto com o Sebrae\/MS \u00e9 a de Costura. A carreta est\u00e1 estacionada ao lado do gin\u00e1sio Poliesportivo Luc\u00edlio de Medeiros, localizado na rua Porto Carreiro, n\u00ba 1000.<\/p>\n<p>\u201cEssa parceria conv\u00eanio com o Sebrae\/MS est\u00e1 sendo de grande valia. Tenho certeza que os corumbaenses v\u00e3o ganhar com isso. Assim como os empres\u00e1rios e comerciantes v\u00e3o ganhar tamb\u00e9m porque ter\u00e3o pessoas qualificadas que v\u00e3o poder entrar no mercado de trabalho. A cidade que quer se desenvolver tem que gerar emprego, tem que ter emprego para movimentar o com\u00e9rcio e fomentar a economia da nossa cidade\u201d, disse o prefeito Marcelo Iunes na abertura do curso de Costura.<\/p>\n<p>\u201cNossa miss\u00e3o \u00e9 fazer com que nosso munic\u00edpio continue crescendo e se desenvolvendo. Estamos trabalhando bastante e para isso contamos com o apoio do nosso parceiro, que \u00e9 o governador Reinaldo Azambuja, e tamb\u00e9m do secret\u00e1rio Eduardo Riedel (de Estado de Infraestrutura) para trazermos mais a\u00e7\u00f5es e investimentos que permitam gerar mais emprego e renda para a popula\u00e7\u00e3o de Corumb\u00e1\u201d, disse o chefe do Executivo Municipal.<\/p>\n<p>Titular da pasta que gerencia as a\u00e7\u00f5es do programa Cidade Empreendedora, o secret\u00e1rio Municipal de Desenvolvimento Econ\u00f4mico e Sustent\u00e1vel, C\u00e1ssio Augusto da Costa Marques, destacou que o curso d\u00e1 tamb\u00e9m o suporte t\u00e9cnico aos participantes. \u201cH\u00e1 muita gente trabalhando nessa \u00e1rea aqui em Corumb\u00e1 na \u00e1rea de confec\u00e7\u00e3o. Ent\u00e3o, o curso traz suporte t\u00e9cnico, com todo equipamento necess\u00e1rio para aperfei\u00e7oamento dessa m\u00e3o-de-obra. A ideia \u00e9 dar todo o suporte a esse pequeno empreendedor para que consiga prosperar. N\u00e3o s\u00f3 essa parte de qualifica\u00e7\u00e3o profissional, mas toda uma assessoria empresarial\u201d, disse.<\/p>\n<p>Felipe Mendes da Silva, analista de relacionamento do Sebrae\/MS, explicou como funcionar\u00e1 a din\u00e2mica da carreta com os cursos de qualifica\u00e7\u00e3o. \u201cNa parte da manh\u00e3 e na parte da tarde vai trabalhar justamente essa quest\u00e3o da costura e a parte t\u00e9cnica. Nos dias 17 e 18 dessa semana e depois nos dias 20, para no dia 21 de setembro, retomando de 22 a 24 teremos o curso de Costura. Depois, teremos outros cursos. A cada vem uma carreta com tem\u00e1tica diferente\u201d, completou.<\/p>\n<p><strong>Cronograma em Corumb\u00e1\u00a0 \u00a0 \u00a0 \u00a0 \u00a0 \u00a0<\/strong><\/p>\n<p>Com capacita\u00e7\u00f5es de 8 horas\/aula voltadas para \u00e1rea de Costura, a primeira carreta permanece na cidade a partir desta sexta-feira (17) at\u00e9 o dia 24 de setembro e oferece os seguintes cursos: Introdu\u00e7\u00e3o a Modelagem de Lingerie; T\u00e9cnicas de Cria\u00e7\u00e3o de Cole\u00e7\u00e3o; Fundamentos de Precifica\u00e7\u00e3o de Produtos T\u00eaxtil; Conserto e Customiza\u00e7\u00e3o de Roupas; No\u00e7\u00f5es de Confec\u00e7\u00e3o de Enxoval Para Beb\u00eas; e Fundamentos de Modelagem B\u00e1sica.<\/p>\n<p>A carreta da Panifica\u00e7\u00e3o permanece, no munic\u00edpio, entre 22 e 28 de outubro, com os cursos de Fundamentos B\u00e1sicos de Panifica\u00e7\u00e3o; Introdu\u00e7\u00e3o a Fabrica\u00e7\u00e3o de Produtos de Panifica\u00e7\u00e3o e Confeitaria; Introdu\u00e7\u00e3o a Fabrica\u00e7\u00e3o de Panettone; Introdu\u00e7\u00e3o a Fabrica\u00e7\u00e3o de Cucas Alem\u00e3s; Introdu\u00e7\u00e3o a Fabrica\u00e7\u00e3o de P\u00e3es Doces; e Introdu\u00e7\u00e3o a T\u00e9cnicas de Culin\u00e1ria na Cozinha Industrial. Os cursos oferecidos por esta unidade m\u00f3vel ter\u00e3o dura\u00e7\u00e3o de 8 horas\/aula.<\/p>\n<p>J\u00e1 a carreta da Transforma\u00e7\u00e3o Digital estar\u00e1 na cidade do dia 11 a 14 de dezembro, com as seguintes capacita\u00e7\u00f5es: Introdu\u00e7\u00e3o ao marketing digital para o empreendedor; Introdu\u00e7\u00e3o aos fundamentos de gest\u00e3o de m\u00eddias; Uso da Internet para alavancar seu neg\u00f3cio; Gest\u00e3o de atendimento para Whatsapp; e Novas tecnologias \u2013 realidade aumentada. A dura\u00e7\u00e3o de cada capacita\u00e7\u00e3o \u00e9 de 4 horas\/aula.<\/p>\n<p>Por fim, entre 13 e 15 de dezembro, a carreta da Redu\u00e7\u00e3o de Desperd\u00edcio oferece um curso que busca sensibilizar o empres\u00e1rio de como \u00e9 poss\u00edvel, atrav\u00e9s de ferramentas de qualidade e de gest\u00e3o, reduzir desperd\u00edcio de \u00e1gua, energia e insumos, otimizando o processo produtivo. No caso das duas unidades m\u00f3veis, as capacita\u00e7\u00f5es oferecidas t\u00eam 4 horas\/aula.<\/p>\n<p>Os cursos ser\u00e3o oferecidos de segunda-feira a s\u00e1bado, no per\u00edodo da manh\u00e3 das 8h \u00e0s 12h, e \u00e0 tarde, das 13h30 \u00e0s 17h30, de acordo com carga hor\u00e1ria de cada capacita\u00e7\u00e3o. Interessados em participar devem fazer a inscri\u00e7\u00e3o pr\u00e9via na Secretaria de Desenvolvimento Econ\u00f4mico e Sustent\u00e1vel, das 7h30 \u00e0s 13h30, localizada na rua Cuiab\u00e1, n\u00ba1333. Para d\u00favidas e informa\u00e7\u00f5es, entre em contato pelo telefone (67) 3907-5185.\u00a0 Mais informa\u00e7\u00f5es sobre o programa Cidade Empreendedora podem ser obtidas por meio do n\u00famero 0800 570 0800.<\/p>\n<div id=\"gallery-1\" class=\"gallery galleryid-118404 gallery-columns-3 gallery-size-large\">\n<figure class=\"gallery-item\">\n<div class=\"gallery-icon landscape\"><a role=\"link\" href=\"https:\/\/www.corumba.ms.gov.br\/foto-gisele-ribeiro-12-8\/\"><img loading=\"lazy\" decoding=\"async\" class=\"attachment-large size-large\" src=\"https:\/\/www.corumba.ms.gov.br\/wp-content\/uploads\/2021\/09\/Foto-Gisele-Ribeiro-12.jpg\" sizes=\"auto, (max-width: 1024px) 100vw, 1024px\" srcset=\"https:\/\/www.corumba.ms.gov.br\/wp-content\/uploads\/2021\/09\/Foto-Gisele-Ribeiro-12.jpg 1024w, https:\/\/www.corumba.ms.gov.br\/wp-content\/uploads\/2021\/09\/Foto-Gisele-Ribeiro-12-300x200.jpg 300w, https:\/\/www.corumba.ms.gov.br\/wp-content\/uploads\/2021\/09\/Foto-Gisele-Ribeiro-12-768x512.jpg 768w\" alt=\"\" width=\"1024\" height=\"683\" aria-describedby=\"gallery-1-118395\" \/><\/a><\/div><figcaption id=\"gallery-1-118395\" class=\"wp-caption-text gallery-caption\">Foto: Gisele Ribeiro\/PMC<\/figcaption><\/figure>\n<figure class=\"gallery-item\">\n<div class=\"gallery-icon landscape\"><a role=\"link\" href=\"https:\/\/www.corumba.ms.gov.br\/foto-gisele-ribeiro-11-13\/\"><img loading=\"lazy\" decoding=\"async\" class=\"attachment-large size-large\" src=\"https:\/\/www.corumba.ms.gov.br\/wp-content\/uploads\/2021\/09\/Foto-Gisele-Ribeiro-11.jpg\" sizes=\"auto, (max-width: 1024px) 100vw, 1024px\" srcset=\"https:\/\/www.corumba.ms.gov.br\/wp-content\/uploads\/2021\/09\/Foto-Gisele-Ribeiro-11.jpg 1024w, https:\/\/www.corumba.ms.gov.br\/wp-content\/uploads\/2021\/09\/Foto-Gisele-Ribeiro-11-300x200.jpg 300w, https:\/\/www.corumba.ms.gov.br\/wp-content\/uploads\/2021\/09\/Foto-Gisele-Ribeiro-11-768x512.jpg 768w\" alt=\"\" width=\"1024\" height=\"683\" aria-describedby=\"gallery-1-118394\" \/><\/a><\/div><figcaption id=\"gallery-1-118394\" class=\"wp-caption-text gallery-caption\">Foto: Gisele Ribeiro\/PMC<\/figcaption><\/figure>\n<figure class=\"gallery-item\">\n<div class=\"gallery-icon landscape\"><a role=\"link\" href=\"https:\/\/www.corumba.ms.gov.br\/foto-gisele-ribeiro-10-11\/\"><img loading=\"lazy\" decoding=\"async\" class=\"attachment-large size-large\" src=\"https:\/\/www.corumba.ms.gov.br\/wp-content\/uploads\/2021\/09\/Foto-Gisele-Ribeiro-10.jpg\" sizes=\"auto, (max-width: 1024px) 100vw, 1024px\" srcset=\"https:\/\/www.corumba.ms.gov.br\/wp-content\/uploads\/2021\/09\/Foto-Gisele-Ribeiro-10.jpg 1024w, https:\/\/www.corumba.ms.gov.br\/wp-content\/uploads\/2021\/09\/Foto-Gisele-Ribeiro-10-300x200.jpg 300w, https:\/\/www.corumba.ms.gov.br\/wp-content\/uploads\/2021\/09\/Foto-Gisele-Ribeiro-10-768x512.jpg 768w\" alt=\"\" width=\"1024\" height=\"683\" aria-describedby=\"gallery-1-118393\" \/><\/a><\/div><figcaption id=\"gallery-1-118393\" class=\"wp-caption-text gallery-caption\">Foto: Gisele Ribeiro\/PMC<\/figcaption><\/figure>\n<figure class=\"gallery-item\">\n<div class=\"gallery-icon landscape\"><a role=\"link\" href=\"https:\/\/www.corumba.ms.gov.br\/foto-gisele-ribeiro-9-9\/\"><img loading=\"lazy\" decoding=\"async\" class=\"attachment-large size-large\" src=\"https:\/\/www.corumba.ms.gov.br\/wp-content\/uploads\/2021\/09\/Foto-Gisele-Ribeiro-9-1.jpg\" sizes=\"auto, (max-width: 1024px) 100vw, 1024px\" srcset=\"https:\/\/www.corumba.ms.gov.br\/wp-content\/uploads\/2021\/09\/Foto-Gisele-Ribeiro-9-1.jpg 1024w, https:\/\/www.corumba.ms.gov.br\/wp-content\/uploads\/2021\/09\/Foto-Gisele-Ribeiro-9-1-300x200.jpg 300w, https:\/\/www.corumba.ms.gov.br\/wp-content\/uploads\/2021\/09\/Foto-Gisele-Ribeiro-9-1-768x512.jpg 768w\" alt=\"\" width=\"1024\" height=\"683\" aria-describedby=\"gallery-1-118392\" \/><\/a><\/div><figcaption id=\"gallery-1-118392\" class=\"wp-caption-text gallery-caption\">Foto: Gisele Ribeiro\/PMC<\/figcaption><\/figure>\n<figure class=\"gallery-item\">\n<div class=\"gallery-icon landscape\"><a role=\"link\" href=\"https:\/\/www.corumba.ms.gov.br\/foto-gisele-ribeiro-8-10\/\"><img loading=\"lazy\" decoding=\"async\" class=\"attachment-large size-large\" src=\"https:\/\/www.corumba.ms.gov.br\/wp-content\/uploads\/2021\/09\/Foto-Gisele-Ribeiro-8.jpg\" sizes=\"auto, (max-width: 1024px) 100vw, 1024px\" srcset=\"https:\/\/www.corumba.ms.gov.br\/wp-content\/uploads\/2021\/09\/Foto-Gisele-Ribeiro-8.jpg 1024w, https:\/\/www.corumba.ms.gov.br\/wp-content\/uploads\/2021\/09\/Foto-Gisele-Ribeiro-8-300x200.jpg 300w, https:\/\/www.corumba.ms.gov.br\/wp-content\/uploads\/2021\/09\/Foto-Gisele-Ribeiro-8-768x512.jpg 768w\" alt=\"\" width=\"1024\" height=\"683\" aria-describedby=\"gallery-1-118391\" \/><\/a><\/div><figcaption id=\"gallery-1-118391\" class=\"wp-caption-text gallery-caption\">Foto: Gisele Ribeiro\/PMC<\/figcaption><\/figure>\n<figure class=\"gallery-item\">\n<div class=\"gallery-icon landscape\"><a role=\"link\" href=\"https:\/\/www.corumba.ms.gov.br\/foto-gisele-ribeiro-7-14\/\"><img loading=\"lazy\" decoding=\"async\" class=\"attachment-large size-large\" src=\"https:\/\/www.corumba.ms.gov.br\/wp-content\/uploads\/2021\/09\/Foto-Gisele-Ribeiro-7.jpg\" sizes=\"auto, (max-width: 1024px) 100vw, 1024px\" srcset=\"https:\/\/www.corumba.ms.gov.br\/wp-content\/uploads\/2021\/09\/Foto-Gisele-Ribeiro-7.jpg 1024w, https:\/\/www.corumba.ms.gov.br\/wp-content\/uploads\/2021\/09\/Foto-Gisele-Ribeiro-7-300x200.jpg 300w, https:\/\/www.corumba.ms.gov.br\/wp-content\/uploads\/2021\/09\/Foto-Gisele-Ribeiro-7-768x512.jpg 768w\" alt=\"\" width=\"1024\" height=\"683\" aria-describedby=\"gallery-1-118390\" \/><\/a><\/div><figcaption id=\"gallery-1-118390\" class=\"wp-caption-text gallery-caption\">Foto: Gisele Ribeiro\/PMC<\/figcaption><\/figure>\n<figure class=\"gallery-item\">\n<div class=\"gallery-icon landscape\"><a role=\"link\" href=\"https:\/\/www.corumba.ms.gov.br\/foto-gisele-ribeiro-6-10\/\"><img loading=\"lazy\" decoding=\"async\" class=\"attachment-large size-large\" src=\"https:\/\/www.corumba.ms.gov.br\/wp-content\/uploads\/2021\/09\/Foto-Gisele-Ribeiro-6.jpg\" sizes=\"auto, (max-width: 1024px) 100vw, 1024px\" srcset=\"https:\/\/www.corumba.ms.gov.br\/wp-content\/uploads\/2021\/09\/Foto-Gisele-Ribeiro-6.jpg 1024w, https:\/\/www.corumba.ms.gov.br\/wp-content\/uploads\/2021\/09\/Foto-Gisele-Ribeiro-6-300x200.jpg 300w, https:\/\/www.corumba.ms.gov.br\/wp-content\/uploads\/2021\/09\/Foto-Gisele-Ribeiro-6-768x512.jpg 768w\" alt=\"\" width=\"1024\" height=\"683\" aria-describedby=\"gallery-1-118389\" \/><\/a><\/div><figcaption id=\"gallery-1-118389\" class=\"wp-caption-text gallery-caption\">Foto: Gisele Ribeiro\/PMC<\/figcaption><\/figure>\n<figure class=\"gallery-item\">\n<div class=\"gallery-icon landscape\"><a role=\"link\" href=\"https:\/\/www.corumba.ms.gov.br\/foto-gisele-ribeiro-5-16\/\"><img loading=\"lazy\" decoding=\"async\" class=\"attachment-large size-large\" src=\"https:\/\/www.corumba.ms.gov.br\/wp-content\/uploads\/2021\/09\/Foto-Gisele-Ribeiro-5.jpg\" sizes=\"auto, (max-width: 1024px) 100vw, 1024px\" srcset=\"https:\/\/www.corumba.ms.gov.br\/wp-content\/uploads\/2021\/09\/Foto-Gisele-Ribeiro-5.jpg 1024w, https:\/\/www.corumba.ms.gov.br\/wp-content\/uploads\/2021\/09\/Foto-Gisele-Ribeiro-5-300x200.jpg 300w, https:\/\/www.corumba.ms.gov.br\/wp-content\/uploads\/2021\/09\/Foto-Gisele-Ribeiro-5-768x512.jpg 768w\" alt=\"\" width=\"1024\" height=\"683\" aria-describedby=\"gallery-1-118388\" \/><\/a><\/div><figcaption id=\"gallery-1-118388\" class=\"wp-caption-text gallery-caption\">Foto: Gisele Ribeiro\/PMC<\/figcaption><\/figure>\n<figure class=\"gallery-item\">\n<div class=\"gallery-icon landscape\"><a role=\"link\" href=\"https:\/\/www.corumba.ms.gov.br\/foto-gisele-ribeiro-4-18\/\"><img loading=\"lazy\" decoding=\"async\" class=\"attachment-large size-large\" src=\"https:\/\/www.corumba.ms.gov.br\/wp-content\/uploads\/2021\/09\/Foto-Gisele-Ribeiro-4.jpg\" sizes=\"auto, (max-width: 1024px) 100vw, 1024px\" srcset=\"https:\/\/www.corumba.ms.gov.br\/wp-content\/uploads\/2021\/09\/Foto-Gisele-Ribeiro-4.jpg 1024w, https:\/\/www.corumba.ms.gov.br\/wp-content\/uploads\/2021\/09\/Foto-Gisele-Ribeiro-4-300x200.jpg 300w, https:\/\/www.corumba.ms.gov.br\/wp-content\/uploads\/2021\/09\/Foto-Gisele-Ribeiro-4-768x512.jpg 768w\" alt=\"\" width=\"1024\" height=\"683\" aria-describedby=\"gallery-1-118387\" \/><\/a><\/div><figcaption id=\"gallery-1-118387\" class=\"wp-caption-text gallery-caption\">Foto: Gisele Ribeiro\/PMC<\/figcaption><\/figure>\n<figure class=\"gallery-item\">\n<div class=\"gallery-icon landscape\"><a role=\"link\" href=\"https:\/\/www.corumba.ms.gov.br\/foto-gisele-ribeiro-3-19\/\"><img loading=\"lazy\" decoding=\"async\" class=\"attachment-large size-large\" src=\"https:\/\/www.corumba.ms.gov.br\/wp-content\/uploads\/2021\/09\/Foto-Gisele-Ribeiro-3.jpg\" sizes=\"auto, (max-width: 1024px) 100vw, 1024px\" srcset=\"https:\/\/www.corumba.ms.gov.br\/wp-content\/uploads\/2021\/09\/Foto-Gisele-Ribeiro-3.jpg 1024w, https:\/\/www.corumba.ms.gov.br\/wp-content\/uploads\/2021\/09\/Foto-Gisele-Ribeiro-3-300x200.jpg 300w, https:\/\/www.corumba.ms.gov.br\/wp-content\/uploads\/2021\/09\/Foto-Gisele-Ribeiro-3-768x512.jpg 768w\" alt=\"\" width=\"1024\" height=\"683\" aria-describedby=\"gallery-1-118386\" \/><\/a><\/div><figcaption id=\"gallery-1-118386\" class=\"wp-caption-text gallery-caption\">Foto: Gisele Ribeiro\/PMC<\/figcaption><\/figure>\n<figure class=\"gallery-item\">\n<div class=\"gallery-icon landscape\"><a role=\"link\" href=\"https:\/\/www.corumba.ms.gov.br\/foto-gisele-ribeiro-2-16\/\"><img loading=\"lazy\" decoding=\"async\" class=\"attachment-large size-large\" src=\"https:\/\/www.corumba.ms.gov.br\/wp-content\/uploads\/2021\/09\/Foto-Gisele-Ribeiro-2.jpg\" sizes=\"auto, (max-width: 1024px) 100vw, 1024px\" srcset=\"https:\/\/www.corumba.ms.gov.br\/wp-content\/uploads\/2021\/09\/Foto-Gisele-Ribeiro-2.jpg 1024w, https:\/\/www.corumba.ms.gov.br\/wp-content\/uploads\/2021\/09\/Foto-Gisele-Ribeiro-2-300x200.jpg 300w, https:\/\/www.corumba.ms.gov.br\/wp-content\/uploads\/2021\/09\/Foto-Gisele-Ribeiro-2-768x512.jpg 768w\" alt=\"\" width=\"1024\" height=\"683\" aria-describedby=\"gallery-1-118385\" \/><\/a><\/div><figcaption id=\"gallery-1-118385\" class=\"wp-caption-text gallery-caption\">Foto: Gisele Ribeiro\/PMC<\/figcaption><\/figure>\n<figure class=\"gallery-item\">\n<div class=\"gallery-icon landscape\"><a role=\"link\" href=\"https:\/\/www.corumba.ms.gov.br\/foto-gisele-ribeiro-1-20\/\"><img loading=\"lazy\" decoding=\"async\" class=\"attachment-large size-large\" src=\"https:\/\/www.corumba.ms.gov.br\/wp-content\/uploads\/2021\/09\/Foto-Gisele-Ribeiro-1.jpg\" sizes=\"auto, (max-width: 1024px) 100vw, 1024px\" srcset=\"https:\/\/www.corumba.ms.gov.br\/wp-content\/uploads\/2021\/09\/Foto-Gisele-Ribeiro-1.jpg 1024w, https:\/\/www.corumba.ms.gov.br\/wp-content\/uploads\/2021\/09\/Foto-Gisele-Ribeiro-1-300x200.jpg 300w, https:\/\/www.corumba.ms.gov.br\/wp-content\/uploads\/2021\/09\/Foto-Gisele-Ribeiro-1-768x512.jpg 768w\" alt=\"In\u00edcio curso cidade empreendedora\" width=\"1024\" height=\"683\" aria-describedby=\"gallery-1-118384\" \/><\/a><\/div><figcaption id=\"gallery-1-118384\" class=\"wp-caption-text gallery-caption\">Foto-Gisele Ribeiro<\/figcaption><\/figure>\n<\/div>\n","protected":false},"excerpt":{"rendered":"<p>O prefeito Marcelo Iunes acompanhou nesta sexta-feira, 17 de setembro, o in\u00edcio dos cursos promovidos&#8230;<\/p>\n","protected":false},"author":70,"featured_media":11718390,"comment_status":"closed","ping_status":"closed","sticky":false,"template":"","format":"standard","meta":{"footnotes":""},"categories":[14],"tags":[],"class_list":["post-11718389","post","type-post","status-publish","format-standard","has-post-thumbnail","hentry","category-geral"],"_links":{"self":[{"href":"https:\/\/www.corumbaonline.com.br\/news\/wp-json\/wp\/v2\/posts\/11718389","targetHints":{"allow":["GET"]}}],"collection":[{"href":"https:\/\/www.corumbaonline.com.br\/news\/wp-json\/wp\/v2\/posts"}],"about":[{"href":"https:\/\/www.corumbaonline.com.br\/news\/wp-json\/wp\/v2\/types\/post"}],"author":[{"embeddable":true,"href":"https:\/\/www.corumbaonline.com.br\/news\/wp-json\/wp\/v2\/users\/70"}],"replies":[{"embeddable":true,"href":"https:\/\/www.corumbaonline.com.br\/news\/wp-json\/wp\/v2\/comments?post=11718389"}],"version-history":[{"count":1,"href":"https:\/\/www.corumbaonline.com.br\/news\/wp-json\/wp\/v2\/posts\/11718389\/revisions"}],"predecessor-version":[{"id":11718391,"href":"https:\/\/www.corumbaonline.com.br\/news\/wp-json\/wp\/v2\/posts\/11718389\/revisions\/11718391"}],"wp:featuredmedia":[{"embeddable":true,"href":"https:\/\/www.corumbaonline.com.br\/news\/wp-json\/wp\/v2\/media\/11718390"}],"wp:attachment":[{"href":"https:\/\/www.corumbaonline.com.br\/news\/wp-json\/wp\/v2\/media?parent=11718389"}],"wp:term":[{"taxonomy":"category","embeddable":true,"href":"https:\/\/www.corumbaonline.com.br\/news\/wp-json\/wp\/v2\/categories?post=11718389"},{"taxonomy":"post_tag","embeddable":true,"href":"https:\/\/www.corumbaonline.com.br\/news\/wp-json\/wp\/v2\/tags?post=11718389"}],"curies":[{"name":"wp","href":"https:\/\/api.w.org\/{rel}","templated":true}]}}