{"id":11718394,"date":"2021-09-17T15:00:00","date_gmt":"2021-09-17T19:00:00","guid":{"rendered":"http:\/\/www.corumbaonline.com.br\/news\/?p=11718394"},"modified":"2021-09-17T15:15:28","modified_gmt":"2021-09-17T19:15:28","slug":"243-anos-de-corumba-prefeito-marcelo-iunes-anuncia-mais-de-r-94-milhoes-em-obras","status":"publish","type":"post","link":"https:\/\/www.corumbaonline.com.br\/news\/243-anos-de-corumba-prefeito-marcelo-iunes-anuncia-mais-de-r-94-milhoes-em-obras\/","title":{"rendered":"243 Anos de Corumb\u00e1: Prefeito Marcelo Iunes anuncia mais de R$ 94 milh\u00f5es em obras"},"content":{"rendered":"<p>O prefeito Marcelo Iunes anunciou nesta sexta-feira, 17 de setembro, um pacote de obras or\u00e7ado em R$ 94.383.440,44 (noventa e quatro milh\u00f5es, trezentos e oitenta e tr\u00eas mil, quatrocentos e quarenta reais e quarenta e quatro centavos). S\u00e3o mais de 50 a\u00e7\u00f5es nas \u00e1reas de infraestrutura urbana, sa\u00fade, educa\u00e7\u00e3o, assist\u00eancia social, esporte e lazer.<\/p>\n<p>O ato de governo, realizado nesta manh\u00e3 no Centro de Conven\u00e7\u00f5es do Pantanal e seguindo todos os protocolos de biosseguran\u00e7a contra a Covid-19, contou com a presen\u00e7a do vice-prefeito Dirceu Migu\u00e9is Pinto, secret\u00e1rios e diretores-presidentes do Executivo municipal, do presidente do Legislativo Municipal, Roberto Fa\u00e7anha, e diversos vereadores.<\/p>\n<p>Na \u00e1rea da Sa\u00fade, o prefeito Marcelo Iunes anunciou autoriza\u00e7\u00e3o de licita\u00e7\u00e3o para constru\u00e7\u00e3o do segundo piso do Centro de Especialidades M\u00e9dicas, onde um conv\u00eanio com o Governo do Estado assegurou o investimento de R$ 1,3 milh\u00e3o. O prefeito tamb\u00e9m anunciou a constru\u00e7\u00e3o de uma Unidade B\u00e1sica de Sa\u00fade da Fam\u00edlia (UBSF) no bairro Cristo Redentor, or\u00e7ada em R$ 1 milh\u00e3o de recursos pr\u00f3prios da Prefeitura (CFEM).<\/p>\n<p>No Tamarineiro I, a Prefeitura de Corumb\u00e1 vai investir R$ 400 mil para constru\u00e7\u00e3o de um ponto de apoio para a UBSF existente no local. J\u00e1 o assentamento Taquaral receber\u00e1 investimento de R$ 800 mil para constru\u00e7\u00e3o de uma nova Unidade de Sa\u00fade. No assentamento Mato Grande, na regi\u00e3o de Maria Coelho, sert\u00e3o aplicados R$ 450 mil na reforma completa do pr\u00e9dio da UBSF.<\/p>\n<p>Na regi\u00e3o urbana, a USBF Simone Flores, no Guat\u00f3s, ter\u00e1 R$ 200 mil para reforma e reparos, enquanto na UBS Paulo Maissato, na Nova Corumb\u00e1, ser\u00e3o executadas obras or\u00e7adas em R$ 600 mil. Todas as obras nas UBS ser\u00e3o executadas com recursos pr\u00f3prios. J\u00e1 com recursos federais e contrapartida da Prefeitura, ser\u00e1 constru\u00eddo o Centro de Aten\u00e7\u00e3o Psicossocial do CAPS Ad 3, no valor de R$ 2 milh\u00f5es.<\/p>\n<p>Na \u00e1rea da Infraestrutura, o prefeito Marcelo Iunes anunciou o investimento de R$ 1,4 milh\u00e3o de recursos pr\u00f3prios no lajotamento de 12 alamedas. O bairro Previsul e Industrial receber\u00e1 5 quadras de asfalto (CBUq), no valor total de R$ 1,5 milh\u00e3o, recursos pr\u00f3prios do Fonplata. No Jatobazinho (5 quadras) e Guat\u00f3s (4 quadras) ser\u00e3o aplicados R$ 5 milh\u00f5es em pavimenta\u00e7\u00e3o, sendo R$ 3,8 milh\u00f5es de emenda federal e R$ 1,2 milh\u00e3o de recursos pr\u00f3prios.<\/p>\n<p>Marcelo Iunes ainda assinou a autoriza\u00e7\u00e3o para licita\u00e7\u00e3o de pavimenta\u00e7\u00e3o de 17 quadras e 26 alamedas no Guat\u00f3s, outro conv\u00eanio com o Governo do Estado no valor de R$ 4,5 milh\u00f5es. Ainda com apoio do governador Reinaldo Azambuja, ser\u00e3o investidos R$ 8 milh\u00f5es na troca de lajotas por asfalto em 14 quadras no Centro da cidade.<\/p>\n<p>Em drenagem e pavimenta\u00e7\u00e3o no Jardim dos Estados, uma emenda federal de R$ 1,5 milh\u00e3o vai assegurar a drenagem e pavimenta\u00e7\u00e3o Ruas S\u00e3o Paulo entre Marechal Floriano at\u00e9 Rep\u00fablica do Paraguai e Rua Alan Kardec entre Dom Pedro II e Minas Gerais. Na galeria da Rua Firmo de Matos, o Executivo vai aplicar R$ 3,5 milh\u00e3o tamb\u00e9m de emenda federal. A galeria da Cabral ter\u00e1 recurso Estadual.<\/p>\n<p>Na reforma da quadra e requalifica\u00e7\u00e3o da \u00e1rea para implanta\u00e7\u00e3o de pra\u00e7a para esporte e lazer do bairro Guarani, o prefeito anunciou R$ 800 mil em recursos pr\u00f3prios. Outra obra muito aguardada pelos moradores e anunciada pelo prefeito foi a cobertura da galeria na rua 15 de Novembro, sendo R$ 500 mil em recursos pr\u00f3prios e R$ 500 mil da senadora Soraya Thronicke, conseguida com o apoio do vereador Daniel Brambilla.<\/p>\n<p>Marcelo Iunes ainda assegurou a pavimenta\u00e7\u00e3o de 50 quadras em diversos bairros da cidade, onde ser\u00e3o aplicados R$ 10 milh\u00f5es da bancada federal e outros R$ 10 milh\u00f5es do Governo Federal. Ainda com o apoio da bancada federal, no valor de R$ 6 milh\u00f5es, a Prefeitura vai executar dois setores do Distrito Tur\u00edstico, obra que vai deixar o Porto Geral de Corumb\u00e1 ainda mais bonito.<\/p>\n<p>Outro R$ 1,5 milh\u00e3o ser\u00e1 investido na reforma da quadra e requalifica\u00e7\u00e3o da \u00e1rea para implanta\u00e7\u00e3o de mais 5 pra\u00e7as de pequeno porte no Conjunto Casa Nova. No Padre Ernesto Sassida, ser\u00e3o R$ 1,2 milh\u00e3o, recurso do Governo do Estado, na reforma da quadra e requalifica\u00e7\u00e3o da \u00e1rea para implanta\u00e7\u00e3o de pra\u00e7a para esporte e lazer. Na reforma da quadra e requalifica\u00e7\u00e3o da \u00e1rea para implanta\u00e7\u00e3o de pra\u00e7a para esporte e lazer do bairro Previsul, o prefeito destinou R$ 800 mil.<\/p>\n<p>No Aeroporto, ser\u00e3o R$ 1 milh\u00e3o para uma ampla e moderna quadra poliesportiva. J\u00e1 na constru\u00e7\u00e3o de subesta\u00e7\u00e3o de energia el\u00e9trica na igreja Nossa Senhora da Candel\u00e1ria, com capacidade de 112,5 kva, classe 15kv, ser\u00e3o R$ 400 mil de recursos pr\u00f3prios do Executivo. Tamb\u00e9m, com recursos pr\u00f3prios, via Fonplata, o prefeito autorizou a licita\u00e7\u00e3o da reforma da cacimba Da Sa\u00fade, um investimento de R$ 4 milh\u00f5es.<\/p>\n<p>Outros R$ 2 milh\u00f5es do Fonplata ser\u00e3o aplicados na urbaniza\u00e7\u00e3o do Parque das Jaguatiricas. Mais R$ 350 mil, esse de recursos pr\u00f3prios, ser\u00e3o investidos na constru\u00e7\u00e3o de um Mirante na Prainha do Porto Geral. Outros R$ 400 mil ser\u00e3o usados para implanta\u00e7\u00e3o da Feira Cultural na Esplanada da Nob.<\/p>\n<p>Na \u00e1rea da Educa\u00e7\u00e3o, o prefeito Marcelo Iunes anunciou reforma e amplia\u00e7\u00e3o da escola Jos\u00e9 de Souza Damy, do Tilma Fernandes Veiga, do Luiz Feitosa Rodrigues e Almirante Tamandar\u00e9. Tamb\u00e9m ser\u00e3o realizadas adequa\u00e7\u00f5es na Escola Ercy Cardoso. Todas as a\u00e7\u00f5es est\u00e3o or\u00e7adas em R$ 2 milh\u00f5es.<\/p>\n<p>A Prefeitura tamb\u00e9m dar\u00e1 continuidade aos PSCIP\u2019S (Processo de Seguran\u00e7a Contra Inc\u00eandio e P\u00e2nico) j\u00e1 aprovados e aguardando levantamento in loco para prepara\u00e7\u00e3o do projeto e planilha or\u00e7ament\u00e1ria, para abertura de processo licitat\u00f3rio em 9 unidades de ensino. Marcelo Iunes ainda anunciou a constru\u00e7\u00e3o de escola modelo do FNDE padr\u00e3o III, bairro Padre Ernesto Sassida no valor de 9 milh\u00f5es, uma emenda da deputada estadual Rose Modesto.<\/p>\n<p>O Munic\u00edpio, por meio da Funec, vai aplicar R$ 600 mil no Centro M\u00faltiplo Esportivo Guat\u00f3s. O prefeito tamb\u00e9m determinou abertura de processo para reforma do poliesportivo da Porto Carrero. V\u00e3o ser aplicados R$ 400 mil na obra.<\/p>\n<p>No Meio Ambiente ser\u00e3o investidos R$ 4.251.161,88 na abertura de rua e implanta\u00e7\u00e3o da nova sede da Funda\u00e7\u00e3o de Meio Ambiente do Pantanal. Marcelo Iunes deu autoriza\u00e7\u00e3o para a licita\u00e7\u00e3o. A obra ser\u00e1 executada com recursos do Fundo Municipal do Meio Ambiente e MPE. O prefeito anunciou ainda a autoriza\u00e7\u00e3o para licita\u00e7\u00e3o da Constru\u00e7\u00e3o do CRAS (Centro de Reabilita\u00e7\u00e3o de Animais Silvestres), na rua Gabriel Vandoni de Barros, junto \u00e0 nova sede da Funda\u00e7\u00e3o. Com recursos de R$ 3.000.000,00 numa parceria com o Governo do Estado.<\/p>\n<p>Para a Assist\u00eancia Social, a Prefeitura est\u00e1 investindo R$ 280 mil na Reforma do CRAS I, localizado na rua C\u00e1ceres, no bairro Centro Am\u00e9rica. A obra teve autoriza\u00e7\u00e3o de licita\u00e7\u00e3o assinada pelo prefeito Marcelo Iunes. Tamb\u00e9m teve licita\u00e7\u00e3o autorizada a reforma e manuten\u00e7\u00e3o do CRAS II, que fica na rua Jos\u00e9 B. Maciel. O valor investido \u00e9 de R$ 470 mil.<\/p>\n<p>A Prefeitura vai investir R$ 750.000,00, na reforma e amplia\u00e7\u00e3o da sede da Secretaria Municipal de Assist\u00eancia Social e Cidadania, que fica na rua Dom Aquino, 884, no Centro da cidade. Tamb\u00e9m foi autorizada abertura de processo para investimentos no Centro de Qualifica\u00e7\u00e3o no montante de R$ 200.000,00.<\/p>\n<p>O prefeito Marcelo Iunes autorizou licita\u00e7\u00e3o, no valor de R$ 500 mil, para reforma da Casa do Migrante, na rua Dom Pedro II, no bairro Nossa Senhora de F\u00e1tima. Por fim, Iunes liberou abertura de processo, or\u00e7ado em R$ 300 mil, para reforma e amplia\u00e7\u00e3o do Condom\u00ednio dos Idosos, na rua Jos\u00e9 B. Maciel.<\/p>\n<div id=\"gallery-1\" class=\"gallery galleryid-118397 gallery-columns-3 gallery-size-large\">\n<figure class=\"gallery-item\">\n<div class=\"gallery-icon landscape\"><a role=\"link\" href=\"https:\/\/www.corumba.ms.gov.br\/?attachment_id=118459\"><img loading=\"lazy\" decoding=\"async\" class=\"attachment-large size-large\" src=\"https:\/\/www.corumba.ms.gov.br\/wp-content\/uploads\/2021\/09\/Foto-Rene-Marcio-CarneiroAnuncio-de-Obras-44-1024x683.jpg\" sizes=\"auto, (max-width: 1024px) 100vw, 1024px\" srcset=\"https:\/\/www.corumba.ms.gov.br\/wp-content\/uploads\/2021\/09\/Foto-Rene-Marcio-CarneiroAnuncio-de-Obras-44-1024x683.jpg 1024w, https:\/\/www.corumba.ms.gov.br\/wp-content\/uploads\/2021\/09\/Foto-Rene-Marcio-CarneiroAnuncio-de-Obras-44-300x200.jpg 300w, https:\/\/www.corumba.ms.gov.br\/wp-content\/uploads\/2021\/09\/Foto-Rene-Marcio-CarneiroAnuncio-de-Obras-44-768x512.jpg 768w, https:\/\/www.corumba.ms.gov.br\/wp-content\/uploads\/2021\/09\/Foto-Rene-Marcio-CarneiroAnuncio-de-Obras-44.jpg 1200w\" alt=\"\" width=\"1024\" height=\"683\" aria-describedby=\"gallery-1-118459\" \/><\/a><\/div><figcaption id=\"gallery-1-118459\" class=\"wp-caption-text gallery-caption\">Foto: Ren\u00ea Marcio Carneiro\/PMC<\/figcaption><\/figure>\n<figure class=\"gallery-item\">\n<div class=\"gallery-icon landscape\"><a role=\"link\" href=\"https:\/\/www.corumba.ms.gov.br\/?attachment_id=118458\"><img loading=\"lazy\" decoding=\"async\" class=\"attachment-large size-large\" src=\"https:\/\/www.corumba.ms.gov.br\/wp-content\/uploads\/2021\/09\/Foto-Rene-Marcio-CarneiroAnuncio-de-Obras-43-1024x683.jpg\" sizes=\"auto, (max-width: 1024px) 100vw, 1024px\" srcset=\"https:\/\/www.corumba.ms.gov.br\/wp-content\/uploads\/2021\/09\/Foto-Rene-Marcio-CarneiroAnuncio-de-Obras-43-1024x683.jpg 1024w, https:\/\/www.corumba.ms.gov.br\/wp-content\/uploads\/2021\/09\/Foto-Rene-Marcio-CarneiroAnuncio-de-Obras-43-300x200.jpg 300w, https:\/\/www.corumba.ms.gov.br\/wp-content\/uploads\/2021\/09\/Foto-Rene-Marcio-CarneiroAnuncio-de-Obras-43-768x512.jpg 768w, https:\/\/www.corumba.ms.gov.br\/wp-content\/uploads\/2021\/09\/Foto-Rene-Marcio-CarneiroAnuncio-de-Obras-43.jpg 1200w\" alt=\"\" width=\"1024\" height=\"683\" aria-describedby=\"gallery-1-118458\" \/><\/a><\/div><figcaption id=\"gallery-1-118458\" class=\"wp-caption-text gallery-caption\">Foto: Ren\u00ea Marcio Carneiro\/PMC<\/figcaption><\/figure>\n<figure class=\"gallery-item\">\n<div class=\"gallery-icon landscape\"><a role=\"link\" href=\"https:\/\/www.corumba.ms.gov.br\/?attachment_id=118456\"><img loading=\"lazy\" decoding=\"async\" class=\"attachment-large size-large\" src=\"https:\/\/www.corumba.ms.gov.br\/wp-content\/uploads\/2021\/09\/Foto-Rene-Marcio-CarneiroAnuncio-de-Obras-41-1024x706.jpg\" sizes=\"auto, (max-width: 1024px) 100vw, 1024px\" srcset=\"https:\/\/www.corumba.ms.gov.br\/wp-content\/uploads\/2021\/09\/Foto-Rene-Marcio-CarneiroAnuncio-de-Obras-41-1024x706.jpg 1024w, https:\/\/www.corumba.ms.gov.br\/wp-content\/uploads\/2021\/09\/Foto-Rene-Marcio-CarneiroAnuncio-de-Obras-41-300x207.jpg 300w, https:\/\/www.corumba.ms.gov.br\/wp-content\/uploads\/2021\/09\/Foto-Rene-Marcio-CarneiroAnuncio-de-Obras-41-768x529.jpg 768w, https:\/\/www.corumba.ms.gov.br\/wp-content\/uploads\/2021\/09\/Foto-Rene-Marcio-CarneiroAnuncio-de-Obras-41.jpg 1200w\" alt=\"\" width=\"1024\" height=\"706\" aria-describedby=\"gallery-1-118456\" \/><\/a><\/div><figcaption id=\"gallery-1-118456\" class=\"wp-caption-text gallery-caption\">Foto: Ren\u00ea Marcio Carneiro\/PMC<\/figcaption><\/figure>\n<figure class=\"gallery-item\">\n<div class=\"gallery-icon landscape\"><a role=\"link\" href=\"https:\/\/www.corumba.ms.gov.br\/?attachment_id=118457\"><img loading=\"lazy\" decoding=\"async\" class=\"attachment-large size-large\" src=\"https:\/\/www.corumba.ms.gov.br\/wp-content\/uploads\/2021\/09\/Foto-Rene-Marcio-CarneiroAnuncio-de-Obras-42-1024x683.jpg\" sizes=\"auto, (max-width: 1024px) 100vw, 1024px\" srcset=\"https:\/\/www.corumba.ms.gov.br\/wp-content\/uploads\/2021\/09\/Foto-Rene-Marcio-CarneiroAnuncio-de-Obras-42-1024x683.jpg 1024w, https:\/\/www.corumba.ms.gov.br\/wp-content\/uploads\/2021\/09\/Foto-Rene-Marcio-CarneiroAnuncio-de-Obras-42-300x200.jpg 300w, https:\/\/www.corumba.ms.gov.br\/wp-content\/uploads\/2021\/09\/Foto-Rene-Marcio-CarneiroAnuncio-de-Obras-42-768x512.jpg 768w, https:\/\/www.corumba.ms.gov.br\/wp-content\/uploads\/2021\/09\/Foto-Rene-Marcio-CarneiroAnuncio-de-Obras-42.jpg 1200w\" alt=\"\" width=\"1024\" height=\"683\" aria-describedby=\"gallery-1-118457\" \/><\/a><\/div><figcaption id=\"gallery-1-118457\" class=\"wp-caption-text gallery-caption\">Foto: Ren\u00ea Marcio Carneiro\/PMC<\/figcaption><\/figure>\n<figure class=\"gallery-item\">\n<div class=\"gallery-icon landscape\"><a role=\"link\" href=\"https:\/\/www.corumba.ms.gov.br\/?attachment_id=118448\"><img loading=\"lazy\" decoding=\"async\" class=\"attachment-large size-large\" src=\"https:\/\/www.corumba.ms.gov.br\/wp-content\/uploads\/2021\/09\/Foto-Rene-Marcio-CarneiroAnuncio-de-Obras-33-1024x683.jpg\" sizes=\"auto, (max-width: 1024px) 100vw, 1024px\" srcset=\"https:\/\/www.corumba.ms.gov.br\/wp-content\/uploads\/2021\/09\/Foto-Rene-Marcio-CarneiroAnuncio-de-Obras-33-1024x683.jpg 1024w, https:\/\/www.corumba.ms.gov.br\/wp-content\/uploads\/2021\/09\/Foto-Rene-Marcio-CarneiroAnuncio-de-Obras-33-300x200.jpg 300w, https:\/\/www.corumba.ms.gov.br\/wp-content\/uploads\/2021\/09\/Foto-Rene-Marcio-CarneiroAnuncio-de-Obras-33-768x512.jpg 768w, https:\/\/www.corumba.ms.gov.br\/wp-content\/uploads\/2021\/09\/Foto-Rene-Marcio-CarneiroAnuncio-de-Obras-33.jpg 1200w\" alt=\"\" width=\"1024\" height=\"683\" aria-describedby=\"gallery-1-118448\" \/><\/a><\/div><figcaption id=\"gallery-1-118448\" class=\"wp-caption-text gallery-caption\">Foto: Ren\u00ea Marcio Carneiro\/PMC<\/figcaption><\/figure>\n<figure class=\"gallery-item\">\n<div class=\"gallery-icon landscape\"><a role=\"link\" href=\"https:\/\/www.corumba.ms.gov.br\/?attachment_id=118446\"><img loading=\"lazy\" decoding=\"async\" class=\"attachment-large size-large\" src=\"https:\/\/www.corumba.ms.gov.br\/wp-content\/uploads\/2021\/09\/Foto-Rene-Marcio-CarneiroAnuncio-de-Obras-31-1024x683.jpg\" sizes=\"auto, (max-width: 1024px) 100vw, 1024px\" srcset=\"https:\/\/www.corumba.ms.gov.br\/wp-content\/uploads\/2021\/09\/Foto-Rene-Marcio-CarneiroAnuncio-de-Obras-31-1024x683.jpg 1024w, https:\/\/www.corumba.ms.gov.br\/wp-content\/uploads\/2021\/09\/Foto-Rene-Marcio-CarneiroAnuncio-de-Obras-31-300x200.jpg 300w, https:\/\/www.corumba.ms.gov.br\/wp-content\/uploads\/2021\/09\/Foto-Rene-Marcio-CarneiroAnuncio-de-Obras-31-768x512.jpg 768w, https:\/\/www.corumba.ms.gov.br\/wp-content\/uploads\/2021\/09\/Foto-Rene-Marcio-CarneiroAnuncio-de-Obras-31.jpg 1200w\" alt=\"\" width=\"1024\" height=\"683\" aria-describedby=\"gallery-1-118446\" \/><\/a><\/div><figcaption id=\"gallery-1-118446\" class=\"wp-caption-text gallery-caption\">Foto: Ren\u00ea Marcio Carneiro\/PMC<\/figcaption><\/figure>\n<figure class=\"gallery-item\">\n<div class=\"gallery-icon landscape\"><a role=\"link\" href=\"https:\/\/www.corumba.ms.gov.br\/?attachment_id=118445\"><img loading=\"lazy\" decoding=\"async\" class=\"attachment-large size-large\" src=\"https:\/\/www.corumba.ms.gov.br\/wp-content\/uploads\/2021\/09\/Foto-Rene-Marcio-CarneiroAnuncio-de-Obras-30-1024x683.jpg\" sizes=\"auto, (max-width: 1024px) 100vw, 1024px\" srcset=\"https:\/\/www.corumba.ms.gov.br\/wp-content\/uploads\/2021\/09\/Foto-Rene-Marcio-CarneiroAnuncio-de-Obras-30-1024x683.jpg 1024w, https:\/\/www.corumba.ms.gov.br\/wp-content\/uploads\/2021\/09\/Foto-Rene-Marcio-CarneiroAnuncio-de-Obras-30-300x200.jpg 300w, https:\/\/www.corumba.ms.gov.br\/wp-content\/uploads\/2021\/09\/Foto-Rene-Marcio-CarneiroAnuncio-de-Obras-30-768x512.jpg 768w, https:\/\/www.corumba.ms.gov.br\/wp-content\/uploads\/2021\/09\/Foto-Rene-Marcio-CarneiroAnuncio-de-Obras-30.jpg 1200w\" alt=\"\" width=\"1024\" height=\"683\" aria-describedby=\"gallery-1-118445\" \/><\/a><\/div><figcaption id=\"gallery-1-118445\" class=\"wp-caption-text gallery-caption\">Foto: Ren\u00ea Marcio Carneiro\/PMC<\/figcaption><\/figure>\n<figure class=\"gallery-item\">\n<div class=\"gallery-icon landscape\"><a role=\"link\" href=\"https:\/\/www.corumba.ms.gov.br\/?attachment_id=118443\"><img loading=\"lazy\" decoding=\"async\" class=\"attachment-large size-large\" src=\"https:\/\/www.corumba.ms.gov.br\/wp-content\/uploads\/2021\/09\/Foto-Rene-Marcio-CarneiroAnuncio-de-Obras-28-1024x683.jpg\" sizes=\"auto, (max-width: 1024px) 100vw, 1024px\" srcset=\"https:\/\/www.corumba.ms.gov.br\/wp-content\/uploads\/2021\/09\/Foto-Rene-Marcio-CarneiroAnuncio-de-Obras-28-1024x683.jpg 1024w, https:\/\/www.corumba.ms.gov.br\/wp-content\/uploads\/2021\/09\/Foto-Rene-Marcio-CarneiroAnuncio-de-Obras-28-300x200.jpg 300w, https:\/\/www.corumba.ms.gov.br\/wp-content\/uploads\/2021\/09\/Foto-Rene-Marcio-CarneiroAnuncio-de-Obras-28-768x512.jpg 768w, https:\/\/www.corumba.ms.gov.br\/wp-content\/uploads\/2021\/09\/Foto-Rene-Marcio-CarneiroAnuncio-de-Obras-28.jpg 1200w\" alt=\"\" width=\"1024\" height=\"683\" aria-describedby=\"gallery-1-118443\" \/><\/a><\/div><figcaption id=\"gallery-1-118443\" class=\"wp-caption-text gallery-caption\">Foto: Ren\u00ea Marcio Carneiro\/PMC<\/figcaption><\/figure>\n<figure class=\"gallery-item\">\n<div class=\"gallery-icon landscape\"><a role=\"link\" href=\"https:\/\/www.corumba.ms.gov.br\/?attachment_id=118442\"><img loading=\"lazy\" decoding=\"async\" class=\"attachment-large size-large\" src=\"https:\/\/www.corumba.ms.gov.br\/wp-content\/uploads\/2021\/09\/Foto-Rene-Marcio-CarneiroAnuncio-de-Obras-27-1024x706.jpg\" sizes=\"auto, (max-width: 1024px) 100vw, 1024px\" srcset=\"https:\/\/www.corumba.ms.gov.br\/wp-content\/uploads\/2021\/09\/Foto-Rene-Marcio-CarneiroAnuncio-de-Obras-27-1024x706.jpg 1024w, https:\/\/www.corumba.ms.gov.br\/wp-content\/uploads\/2021\/09\/Foto-Rene-Marcio-CarneiroAnuncio-de-Obras-27-300x207.jpg 300w, https:\/\/www.corumba.ms.gov.br\/wp-content\/uploads\/2021\/09\/Foto-Rene-Marcio-CarneiroAnuncio-de-Obras-27-768x529.jpg 768w, https:\/\/www.corumba.ms.gov.br\/wp-content\/uploads\/2021\/09\/Foto-Rene-Marcio-CarneiroAnuncio-de-Obras-27.jpg 1200w\" alt=\"\" width=\"1024\" height=\"706\" aria-describedby=\"gallery-1-118442\" \/><\/a><\/div><figcaption id=\"gallery-1-118442\" class=\"wp-caption-text gallery-caption\">Foto: Ren\u00ea Marcio Carneiro\/PMC<\/figcaption><\/figure>\n<figure class=\"gallery-item\">\n<div class=\"gallery-icon landscape\"><a role=\"link\" href=\"https:\/\/www.corumba.ms.gov.br\/?attachment_id=118440\"><img loading=\"lazy\" decoding=\"async\" class=\"attachment-large size-large\" src=\"https:\/\/www.corumba.ms.gov.br\/wp-content\/uploads\/2021\/09\/Foto-Rene-Marcio-CarneiroAnuncio-de-Obras-25-1024x683.jpg\" sizes=\"auto, (max-width: 1024px) 100vw, 1024px\" srcset=\"https:\/\/www.corumba.ms.gov.br\/wp-content\/uploads\/2021\/09\/Foto-Rene-Marcio-CarneiroAnuncio-de-Obras-25-1024x683.jpg 1024w, https:\/\/www.corumba.ms.gov.br\/wp-content\/uploads\/2021\/09\/Foto-Rene-Marcio-CarneiroAnuncio-de-Obras-25-300x200.jpg 300w, https:\/\/www.corumba.ms.gov.br\/wp-content\/uploads\/2021\/09\/Foto-Rene-Marcio-CarneiroAnuncio-de-Obras-25-768x512.jpg 768w, https:\/\/www.corumba.ms.gov.br\/wp-content\/uploads\/2021\/09\/Foto-Rene-Marcio-CarneiroAnuncio-de-Obras-25.jpg 1200w\" alt=\"\" width=\"1024\" height=\"683\" aria-describedby=\"gallery-1-118440\" \/><\/a><\/div><figcaption id=\"gallery-1-118440\" class=\"wp-caption-text gallery-caption\">Foto: Ren\u00ea Marcio Carneiro\/PMC<\/figcaption><\/figure>\n<figure class=\"gallery-item\">\n<div class=\"gallery-icon landscape\"><a role=\"link\" href=\"https:\/\/www.corumba.ms.gov.br\/?attachment_id=118432\"><img loading=\"lazy\" decoding=\"async\" class=\"attachment-large size-large\" src=\"https:\/\/www.corumba.ms.gov.br\/wp-content\/uploads\/2021\/09\/Foto-Rene-Marcio-CarneiroAnuncio-de-Obras-16-1024x683.jpg\" sizes=\"auto, (max-width: 1024px) 100vw, 1024px\" srcset=\"https:\/\/www.corumba.ms.gov.br\/wp-content\/uploads\/2021\/09\/Foto-Rene-Marcio-CarneiroAnuncio-de-Obras-16-1024x683.jpg 1024w, https:\/\/www.corumba.ms.gov.br\/wp-content\/uploads\/2021\/09\/Foto-Rene-Marcio-CarneiroAnuncio-de-Obras-16-300x200.jpg 300w, https:\/\/www.corumba.ms.gov.br\/wp-content\/uploads\/2021\/09\/Foto-Rene-Marcio-CarneiroAnuncio-de-Obras-16-768x512.jpg 768w, https:\/\/www.corumba.ms.gov.br\/wp-content\/uploads\/2021\/09\/Foto-Rene-Marcio-CarneiroAnuncio-de-Obras-16.jpg 1200w\" alt=\"\" width=\"1024\" height=\"683\" aria-describedby=\"gallery-1-118432\" \/><\/a><\/div><figcaption id=\"gallery-1-118432\" class=\"wp-caption-text gallery-caption\">Foto: Ren\u00ea Marcio Carneiro\/PMC<\/figcaption><\/figure>\n<figure class=\"gallery-item\">\n<div class=\"gallery-icon landscape\"><a role=\"link\" href=\"https:\/\/www.corumba.ms.gov.br\/?attachment_id=118433\"><img loading=\"lazy\" decoding=\"async\" class=\"attachment-large size-large\" src=\"https:\/\/www.corumba.ms.gov.br\/wp-content\/uploads\/2021\/09\/Foto-Rene-Marcio-CarneiroAnuncio-de-Obras-17-1024x706.jpg\" sizes=\"auto, (max-width: 1024px) 100vw, 1024px\" srcset=\"https:\/\/www.corumba.ms.gov.br\/wp-content\/uploads\/2021\/09\/Foto-Rene-Marcio-CarneiroAnuncio-de-Obras-17-1024x706.jpg 1024w, https:\/\/www.corumba.ms.gov.br\/wp-content\/uploads\/2021\/09\/Foto-Rene-Marcio-CarneiroAnuncio-de-Obras-17-300x207.jpg 300w, https:\/\/www.corumba.ms.gov.br\/wp-content\/uploads\/2021\/09\/Foto-Rene-Marcio-CarneiroAnuncio-de-Obras-17-768x529.jpg 768w, https:\/\/www.corumba.ms.gov.br\/wp-content\/uploads\/2021\/09\/Foto-Rene-Marcio-CarneiroAnuncio-de-Obras-17.jpg 1200w\" alt=\"\" width=\"1024\" height=\"706\" aria-describedby=\"gallery-1-118433\" \/><\/a><\/div><figcaption id=\"gallery-1-118433\" class=\"wp-caption-text gallery-caption\">Foto: Ren\u00ea Marcio Carneiro\/PMC<\/figcaption><\/figure>\n<figure class=\"gallery-item\">\n<div class=\"gallery-icon landscape\"><a role=\"link\" href=\"https:\/\/www.corumba.ms.gov.br\/?attachment_id=118435\"><img loading=\"lazy\" decoding=\"async\" class=\"attachment-large size-large\" src=\"https:\/\/www.corumba.ms.gov.br\/wp-content\/uploads\/2021\/09\/Foto-Rene-Marcio-CarneiroAnuncio-de-Obras-19-1024x683.jpg\" sizes=\"auto, (max-width: 1024px) 100vw, 1024px\" srcset=\"https:\/\/www.corumba.ms.gov.br\/wp-content\/uploads\/2021\/09\/Foto-Rene-Marcio-CarneiroAnuncio-de-Obras-19-1024x683.jpg 1024w, https:\/\/www.corumba.ms.gov.br\/wp-content\/uploads\/2021\/09\/Foto-Rene-Marcio-CarneiroAnuncio-de-Obras-19-300x200.jpg 300w, https:\/\/www.corumba.ms.gov.br\/wp-content\/uploads\/2021\/09\/Foto-Rene-Marcio-CarneiroAnuncio-de-Obras-19-768x512.jpg 768w, https:\/\/www.corumba.ms.gov.br\/wp-content\/uploads\/2021\/09\/Foto-Rene-Marcio-CarneiroAnuncio-de-Obras-19.jpg 1200w\" alt=\"\" width=\"1024\" height=\"683\" aria-describedby=\"gallery-1-118435\" \/><\/a><\/div><figcaption id=\"gallery-1-118435\" class=\"wp-caption-text gallery-caption\">Foto: Ren\u00ea Marcio Carneiro\/PMC<\/figcaption><\/figure>\n<figure class=\"gallery-item\">\n<div class=\"gallery-icon landscape\"><a role=\"link\" href=\"https:\/\/www.corumba.ms.gov.br\/?attachment_id=118439\"><img loading=\"lazy\" decoding=\"async\" class=\"attachment-large size-large\" src=\"https:\/\/www.corumba.ms.gov.br\/wp-content\/uploads\/2021\/09\/Foto-Rene-Marcio-CarneiroAnuncio-de-Obras-23-1024x683.jpg\" sizes=\"auto, (max-width: 1024px) 100vw, 1024px\" srcset=\"https:\/\/www.corumba.ms.gov.br\/wp-content\/uploads\/2021\/09\/Foto-Rene-Marcio-CarneiroAnuncio-de-Obras-23-1024x683.jpg 1024w, https:\/\/www.corumba.ms.gov.br\/wp-content\/uploads\/2021\/09\/Foto-Rene-Marcio-CarneiroAnuncio-de-Obras-23-300x200.jpg 300w, https:\/\/www.corumba.ms.gov.br\/wp-content\/uploads\/2021\/09\/Foto-Rene-Marcio-CarneiroAnuncio-de-Obras-23-768x512.jpg 768w, https:\/\/www.corumba.ms.gov.br\/wp-content\/uploads\/2021\/09\/Foto-Rene-Marcio-CarneiroAnuncio-de-Obras-23.jpg 1200w\" alt=\"\" width=\"1024\" height=\"683\" aria-describedby=\"gallery-1-118439\" \/><\/a><\/div><figcaption id=\"gallery-1-118439\" class=\"wp-caption-text gallery-caption\">Foto: Ren\u00ea Marcio Carneiro\/PMC<\/figcaption><\/figure>\n<figure class=\"gallery-item\">\n<div class=\"gallery-icon landscape\"><a role=\"link\" href=\"https:\/\/www.corumba.ms.gov.br\/?attachment_id=118419\"><img loading=\"lazy\" decoding=\"async\" class=\"attachment-large size-large\" src=\"https:\/\/www.corumba.ms.gov.br\/wp-content\/uploads\/2021\/09\/Foto-Rene-Marcio-CarneiroAnuncio-de-Obras-2-1024x683.jpg\" sizes=\"auto, (max-width: 1024px) 100vw, 1024px\" srcset=\"https:\/\/www.corumba.ms.gov.br\/wp-content\/uploads\/2021\/09\/Foto-Rene-Marcio-CarneiroAnuncio-de-Obras-2-1024x683.jpg 1024w, https:\/\/www.corumba.ms.gov.br\/wp-content\/uploads\/2021\/09\/Foto-Rene-Marcio-CarneiroAnuncio-de-Obras-2-300x200.jpg 300w, https:\/\/www.corumba.ms.gov.br\/wp-content\/uploads\/2021\/09\/Foto-Rene-Marcio-CarneiroAnuncio-de-Obras-2-768x512.jpg 768w, https:\/\/www.corumba.ms.gov.br\/wp-content\/uploads\/2021\/09\/Foto-Rene-Marcio-CarneiroAnuncio-de-Obras-2.jpg 1200w\" alt=\"\" width=\"1024\" height=\"683\" aria-describedby=\"gallery-1-118419\" \/><\/a><\/div><figcaption id=\"gallery-1-118419\" class=\"wp-caption-text gallery-caption\">Foto: Ren\u00ea Marcio Carneiro\/PMC<\/figcaption><\/figure>\n<figure class=\"gallery-item\">\n<div class=\"gallery-icon landscape\"><a role=\"link\" href=\"https:\/\/www.corumba.ms.gov.br\/?attachment_id=118422\"><img loading=\"lazy\" decoding=\"async\" class=\"attachment-large size-large\" src=\"https:\/\/www.corumba.ms.gov.br\/wp-content\/uploads\/2021\/09\/Foto-Rene-Marcio-CarneiroAnuncio-de-Obras-5-1024x683.jpg\" sizes=\"auto, (max-width: 1024px) 100vw, 1024px\" srcset=\"https:\/\/www.corumba.ms.gov.br\/wp-content\/uploads\/2021\/09\/Foto-Rene-Marcio-CarneiroAnuncio-de-Obras-5-1024x683.jpg 1024w, https:\/\/www.corumba.ms.gov.br\/wp-content\/uploads\/2021\/09\/Foto-Rene-Marcio-CarneiroAnuncio-de-Obras-5-300x200.jpg 300w, https:\/\/www.corumba.ms.gov.br\/wp-content\/uploads\/2021\/09\/Foto-Rene-Marcio-CarneiroAnuncio-de-Obras-5-768x512.jpg 768w, https:\/\/www.corumba.ms.gov.br\/wp-content\/uploads\/2021\/09\/Foto-Rene-Marcio-CarneiroAnuncio-de-Obras-5.jpg 1200w\" alt=\"\" width=\"1024\" height=\"683\" aria-describedby=\"gallery-1-118422\" \/><\/a><\/div><figcaption id=\"gallery-1-118422\" class=\"wp-caption-text gallery-caption\">Foto: Ren\u00ea Marcio Carneiro\/PMC<\/figcaption><\/figure>\n<figure class=\"gallery-item\">\n<div class=\"gallery-icon landscape\"><a role=\"link\" href=\"https:\/\/www.corumba.ms.gov.br\/?attachment_id=118418\"><img loading=\"lazy\" decoding=\"async\" class=\"attachment-large size-large\" src=\"https:\/\/www.corumba.ms.gov.br\/wp-content\/uploads\/2021\/09\/Foto-Rene-Marcio-CarneiroAnuncio-de-Obras-1-1024x683.jpg\" sizes=\"auto, (max-width: 1024px) 100vw, 1024px\" srcset=\"https:\/\/www.corumba.ms.gov.br\/wp-content\/uploads\/2021\/09\/Foto-Rene-Marcio-CarneiroAnuncio-de-Obras-1-1024x683.jpg 1024w, https:\/\/www.corumba.ms.gov.br\/wp-content\/uploads\/2021\/09\/Foto-Rene-Marcio-CarneiroAnuncio-de-Obras-1-300x200.jpg 300w, https:\/\/www.corumba.ms.gov.br\/wp-content\/uploads\/2021\/09\/Foto-Rene-Marcio-CarneiroAnuncio-de-Obras-1-768x512.jpg 768w, https:\/\/www.corumba.ms.gov.br\/wp-content\/uploads\/2021\/09\/Foto-Rene-Marcio-CarneiroAnuncio-de-Obras-1.jpg 1200w\" alt=\"\" width=\"1024\" height=\"683\" aria-describedby=\"gallery-1-118418\" \/><\/a><\/div><figcaption id=\"gallery-1-118418\" class=\"wp-caption-text gallery-caption\">Foto: Ren\u00ea Marcio Carneiro\/PMC<\/figcaption><\/figure>\n<figure class=\"gallery-item\">\n<div class=\"gallery-icon portrait\"><a role=\"link\" href=\"https:\/\/www.corumba.ms.gov.br\/?attachment_id=118453\"><img loading=\"lazy\" decoding=\"async\" class=\"attachment-large size-large\" src=\"https:\/\/www.corumba.ms.gov.br\/wp-content\/uploads\/2021\/09\/Foto-Rene-Marcio-CarneiroAnuncio-de-Obras-38.jpg\" sizes=\"auto, (max-width: 620px) 100vw, 620px\" srcset=\"https:\/\/www.corumba.ms.gov.br\/wp-content\/uploads\/2021\/09\/Foto-Rene-Marcio-CarneiroAnuncio-de-Obras-38.jpg 620w, https:\/\/www.corumba.ms.gov.br\/wp-content\/uploads\/2021\/09\/Foto-Rene-Marcio-CarneiroAnuncio-de-Obras-38-207x300.jpg 207w\" alt=\"\" width=\"620\" height=\"900\" aria-describedby=\"gallery-1-118453\" \/><\/a><\/div><figcaption id=\"gallery-1-118453\" class=\"wp-caption-text gallery-caption\">Foto: Ren\u00ea Marcio Carneiro\/PMC<\/figcaption><\/figure>\n<figure class=\"gallery-item\">\n<div class=\"gallery-icon portrait\"><a role=\"link\" href=\"https:\/\/www.corumba.ms.gov.br\/?attachment_id=118449\"><img loading=\"lazy\" decoding=\"async\" class=\"attachment-large size-large\" src=\"https:\/\/www.corumba.ms.gov.br\/wp-content\/uploads\/2021\/09\/Foto-Rene-Marcio-CarneiroAnuncio-de-Obras-34.jpg\" sizes=\"auto, (max-width: 620px) 100vw, 620px\" srcset=\"https:\/\/www.corumba.ms.gov.br\/wp-content\/uploads\/2021\/09\/Foto-Rene-Marcio-CarneiroAnuncio-de-Obras-34.jpg 620w, https:\/\/www.corumba.ms.gov.br\/wp-content\/uploads\/2021\/09\/Foto-Rene-Marcio-CarneiroAnuncio-de-Obras-34-207x300.jpg 207w\" alt=\"\" width=\"620\" height=\"900\" aria-describedby=\"gallery-1-118449\" \/><\/a><\/div><figcaption id=\"gallery-1-118449\" class=\"wp-caption-text gallery-caption\">Foto: Ren\u00ea Marcio Carneiro\/PMC<\/figcaption><\/figure>\n<figure class=\"gallery-item\">\n<div class=\"gallery-icon portrait\"><a role=\"link\" href=\"https:\/\/www.corumba.ms.gov.br\/?attachment_id=118452\"><img loading=\"lazy\" decoding=\"async\" class=\"attachment-large size-large\" src=\"https:\/\/www.corumba.ms.gov.br\/wp-content\/uploads\/2021\/09\/Foto-Rene-Marcio-CarneiroAnuncio-de-Obras-37.jpg\" sizes=\"auto, (max-width: 621px) 100vw, 621px\" srcset=\"https:\/\/www.corumba.ms.gov.br\/wp-content\/uploads\/2021\/09\/Foto-Rene-Marcio-CarneiroAnuncio-de-Obras-37.jpg 621w, https:\/\/www.corumba.ms.gov.br\/wp-content\/uploads\/2021\/09\/Foto-Rene-Marcio-CarneiroAnuncio-de-Obras-37-207x300.jpg 207w\" alt=\"\" width=\"621\" height=\"900\" aria-describedby=\"gallery-1-118452\" \/><\/a><\/div><figcaption id=\"gallery-1-118452\" class=\"wp-caption-text gallery-caption\">Foto: Ren\u00ea Marcio Carneiro\/PMC<\/figcaption><\/figure>\n<\/div>\n","protected":false},"excerpt":{"rendered":"<p>O prefeito Marcelo Iunes anunciou nesta sexta-feira, 17 de setembro, um pacote de obras or\u00e7ado&#8230;<\/p>\n","protected":false},"author":70,"featured_media":11718395,"comment_status":"closed","ping_status":"closed","sticky":false,"template":"","format":"standard","meta":{"footnotes":""},"categories":[122],"tags":[],"class_list":["post-11718394","post","type-post","status-publish","format-standard","has-post-thumbnail","hentry","category-243-anos"],"_links":{"self":[{"href":"https:\/\/www.corumbaonline.com.br\/news\/wp-json\/wp\/v2\/posts\/11718394","targetHints":{"allow":["GET"]}}],"collection":[{"href":"https:\/\/www.corumbaonline.com.br\/news\/wp-json\/wp\/v2\/posts"}],"about":[{"href":"https:\/\/www.corumbaonline.com.br\/news\/wp-json\/wp\/v2\/types\/post"}],"author":[{"embeddable":true,"href":"https:\/\/www.corumbaonline.com.br\/news\/wp-json\/wp\/v2\/users\/70"}],"replies":[{"embeddable":true,"href":"https:\/\/www.corumbaonline.com.br\/news\/wp-json\/wp\/v2\/comments?post=11718394"}],"version-history":[{"count":1,"href":"https:\/\/www.corumbaonline.com.br\/news\/wp-json\/wp\/v2\/posts\/11718394\/revisions"}],"predecessor-version":[{"id":11718396,"href":"https:\/\/www.corumbaonline.com.br\/news\/wp-json\/wp\/v2\/posts\/11718394\/revisions\/11718396"}],"wp:featuredmedia":[{"embeddable":true,"href":"https:\/\/www.corumbaonline.com.br\/news\/wp-json\/wp\/v2\/media\/11718395"}],"wp:attachment":[{"href":"https:\/\/www.corumbaonline.com.br\/news\/wp-json\/wp\/v2\/media?parent=11718394"}],"wp:term":[{"taxonomy":"category","embeddable":true,"href":"https:\/\/www.corumbaonline.com.br\/news\/wp-json\/wp\/v2\/categories?post=11718394"},{"taxonomy":"post_tag","embeddable":true,"href":"https:\/\/www.corumbaonline.com.br\/news\/wp-json\/wp\/v2\/tags?post=11718394"}],"curies":[{"name":"wp","href":"https:\/\/api.w.org\/{rel}","templated":true}]}}