{"id":11718398,"date":"2021-09-18T09:00:00","date_gmt":"2021-09-18T13:00:00","guid":{"rendered":"http:\/\/www.corumbaonline.com.br\/news\/?p=11718398"},"modified":"2021-09-19T10:30:28","modified_gmt":"2021-09-19T14:30:28","slug":"243-anos-de-corumba-prefeito-diz-que-parcerias-e-planejamento-de-gestao-permitiram-investimentos","status":"publish","type":"post","link":"https:\/\/www.corumbaonline.com.br\/news\/243-anos-de-corumba-prefeito-diz-que-parcerias-e-planejamento-de-gestao-permitiram-investimentos\/","title":{"rendered":"243 Anos de Corumb\u00e1: Prefeito diz que parcerias e planejamento de gest\u00e3o permitiram investimentos"},"content":{"rendered":"<p>Ap\u00f3s anunciar um pacote de obras de mais de R$ 94 milh\u00f5es para Corumb\u00e1 nesta sexta-feira, 17 de setembro, o prefeito Marcelo Iunes destacou que s\u00e3o mais de 50 a\u00e7\u00f5es nas \u00e1reas de infraestrutura urbana e rural, sa\u00fade, meio ambiente, educa\u00e7\u00e3o e assist\u00eancia social. De acordo com o chefe do Executivo corumbaense, mesmo com parcerias, grande parte dos investimentos \u00e9 com recursos pr\u00f3prios do Munic\u00edpio.<\/p>\n<p>\u201cS\u00e3o quase 95 milh\u00f5es de reais em obras, a maior parte com recurso do Munic\u00edpio. Temos repasses financeiros do Estado e da Uni\u00e3o, mas a maior parte \u00e9 de recursos do Munic\u00edpio fruto de um trabalho de gest\u00e3o com planejamento e com apoio da C\u00e2mara Municipal. Importante que temos parceria dos vereadores, Assembleia Legislativa, bancada sul-mato-grossense no Congresso Nacional, com deputados e senadores, e, fundamentalmente, do governador Reinaldo Azambuja, que \u00e9 um grande parceiro de Corumb\u00e1, e do secret\u00e1rio de Estado de Infraestrutura, Eduardo Riedel\u201d, disse o prefeito.<\/p>\n<p>\u201cTemos parceria na bancada, com o senador Nelsinho (Trad); Soraya Thronicke; as deputadas federais Rose Modesto e Bia Cavassa; os deputados estaduais Evander (Vendramini), professor Rinaldo (Modesto) e Capit\u00e3o Contar que destinaram recursos para o munic\u00edpio\u201d, nominou o prefeito ao tamb\u00e9m agradecer o apoio dos parlamentares.<\/p>\n<p>Marcelo Iunes ressaltou que sua administra\u00e7\u00e3o trabalha para atrair mais investimentos para o munic\u00edpio. \u201cQueremos trazer um ramal do g\u00e1s boliviano para Corumb\u00e1, com um pre\u00e7o diferenciado, mais atrativo para a cidade. J\u00e1 tem uma empresa, da Bahia, para construir uma usina termel\u00e9trica, mas precisa de pre\u00e7o atrativo [para o g\u00e1s].Tamb\u00e9m trabalhamos para atrairmos um p\u00f3lo minero-sider\u00fargico Corumb\u00e1, mas volto a dizer, precisa de pre\u00e7os atrativos, para isso. Estamos trabalhando com mais afinco na quest\u00e3o da ferrovia e do g\u00e1s, que v\u00e3o gerar mais emprego e renda na cidade\u201d, disse o prefeito.<\/p>\n<p>Com total apoio do Minist\u00e9rio das Rela\u00e7\u00f5es Exteriores (MRE), a Prefeitura de Corumb\u00e1 vai coordenar a integra\u00e7\u00e3o log\u00edstica entre a regi\u00e3o pantaneira e as cidades de Salta, Jujuy e Tucuman, todas localizadas no norte da Argentina.\u00a0A iniciativa visa a viabilidade do acesso ferrovi\u00e1rio ao corredor bioce\u00e2nico ligando Corumb\u00e1 at\u00e9 Antofagasta, no Chile, atrav\u00e9s da Bol\u00edvia e Argentina.<\/p>\n<p>Seguindo com a\u00e7\u00f5es para desenvolvimento da economia corumbaense o prefeito destacou a execu\u00e7\u00e3o do programa Cidade Empreendedora. \u201cTemos nessa parceria com o Sebrae\/MS, o in\u00edcio de cursos de qualifica\u00e7\u00e3o para a nossa popula\u00e7\u00e3o, permitindo que fiquem mais preparadas para o mercado de trabalho. Gerando emprego na cidade, o com\u00e9rcio cresce. Crescendo, vai contratar mais gente e agora, com os cursos, ser\u00e1 pessoal qualificado\u201d, afirmou<\/p>\n<p>Iunes lembrou que os assentamentos rurais tamb\u00e9m t\u00eam perspectivas de desenvolvimento econ\u00f4mico. \u201cTemos cursos de pisciculturas permitindo a cria\u00e7\u00e3o de peixes pelos produtores familiares dos nossos assentamentos. Criamos o PAA Municipal, e trabalhamos o PAA Federal tamb\u00e9m, al\u00e9m do PNAE para a merenda escolar\u201d, disse ao ressaltar os incentivos para este segmento.<\/p>\n<p>Marcelo Iunes enfatizou que a Prefeitura busca a eleva\u00e7\u00e3o dos valores repassados pela Uni\u00e3o \u00e0 Santa Casa de Corumb\u00e1. O montante \u00e9 o mesmo h\u00e1 11 anos, quando foi determinada a interven\u00e7\u00e3o p\u00fablica do hospital. \u201cEstudamos uma solu\u00e7\u00e3o para que o hospital possa receber mais recursos da Uni\u00e3o. Faz 11 anos que \u00e9 o mesmo valor, de 1 milh\u00e3o e 80 mil, mas a demanda \u00e9 muito maior. Estamos encaminhando os dados ao Minist\u00e9rio da Sa\u00fade\u201d, informou o chefe do Executivo Municipal.<\/p>\n<p>O prefeito ressaltou que a pandemia n\u00e3o permitiu fazer uma grande festa para comemorar os 243 anos de funda\u00e7\u00e3o de Corumb\u00e1, mas afirmou que a Prefeitura mant\u00e9m a\u00e7\u00f5es firmes no enfrentamento \u00e0 pandemia. \u201cNossa esperan\u00e7a \u00e9 ver zerar os casos de covid em Corumb\u00e1, j\u00e1 houve diminui\u00e7\u00e3o dos os casos, mas ainda temos interna\u00e7\u00f5es. Infelizmente, tivemos a morte de uma crian\u00e7a recentemente, quero dedicar meus p\u00easames \u00e0 fam\u00edlia\u201d, finalizou.<\/p>\n","protected":false},"excerpt":{"rendered":"<p>Ap\u00f3s anunciar um pacote de obras de mais de R$ 94 milh\u00f5es para Corumb\u00e1 nesta&#8230;<\/p>\n","protected":false},"author":70,"featured_media":11718399,"comment_status":"closed","ping_status":"closed","sticky":false,"template":"","format":"standard","meta":{"footnotes":""},"categories":[122],"tags":[],"class_list":["post-11718398","post","type-post","status-publish","format-standard","has-post-thumbnail","hentry","category-243-anos"],"_links":{"self":[{"href":"https:\/\/www.corumbaonline.com.br\/news\/wp-json\/wp\/v2\/posts\/11718398","targetHints":{"allow":["GET"]}}],"collection":[{"href":"https:\/\/www.corumbaonline.com.br\/news\/wp-json\/wp\/v2\/posts"}],"about":[{"href":"https:\/\/www.corumbaonline.com.br\/news\/wp-json\/wp\/v2\/types\/post"}],"author":[{"embeddable":true,"href":"https:\/\/www.corumbaonline.com.br\/news\/wp-json\/wp\/v2\/users\/70"}],"replies":[{"embeddable":true,"href":"https:\/\/www.corumbaonline.com.br\/news\/wp-json\/wp\/v2\/comments?post=11718398"}],"version-history":[{"count":1,"href":"https:\/\/www.corumbaonline.com.br\/news\/wp-json\/wp\/v2\/posts\/11718398\/revisions"}],"predecessor-version":[{"id":11718400,"href":"https:\/\/www.corumbaonline.com.br\/news\/wp-json\/wp\/v2\/posts\/11718398\/revisions\/11718400"}],"wp:featuredmedia":[{"embeddable":true,"href":"https:\/\/www.corumbaonline.com.br\/news\/wp-json\/wp\/v2\/media\/11718399"}],"wp:attachment":[{"href":"https:\/\/www.corumbaonline.com.br\/news\/wp-json\/wp\/v2\/media?parent=11718398"}],"wp:term":[{"taxonomy":"category","embeddable":true,"href":"https:\/\/www.corumbaonline.com.br\/news\/wp-json\/wp\/v2\/categories?post=11718398"},{"taxonomy":"post_tag","embeddable":true,"href":"https:\/\/www.corumbaonline.com.br\/news\/wp-json\/wp\/v2\/tags?post=11718398"}],"curies":[{"name":"wp","href":"https:\/\/api.w.org\/{rel}","templated":true}]}}