{"id":11718405,"date":"2021-09-18T16:00:00","date_gmt":"2021-09-18T20:00:00","guid":{"rendered":"http:\/\/www.corumbaonline.com.br\/news\/?p=11718405"},"modified":"2021-09-19T11:20:46","modified_gmt":"2021-09-19T15:20:46","slug":"corumba-abre-semana-nacional-do-transito-atividades-vao-ate-dia-24","status":"publish","type":"post","link":"https:\/\/www.corumbaonline.com.br\/news\/corumba-abre-semana-nacional-do-transito-atividades-vao-ate-dia-24\/","title":{"rendered":"Corumb\u00e1 abre Semana Nacional do Tr\u00e2nsito; atividades v\u00e3o at\u00e9 dia 24"},"content":{"rendered":"<p>A Semana Nacional de Tr\u00e2nsito foi aberta neste s\u00e1bado, 18 de setembro, em Corumb\u00e1 com a celebra\u00e7\u00e3o de um ato ecum\u00eanico no p\u00e1tio da Nob, onde s\u00e3o realizadas as aulas pr\u00e1ticas dos centros de forma\u00e7\u00e3o de condutores. Representantes de igrejas cat\u00f3licas, evang\u00e9licas e da doutrina esp\u00edrita se uniram com o intuito de conscientizar a popula\u00e7\u00e3o da import\u00e2ncia do respeito \u00e0s leis de tr\u00e2nsito, medida que, por si s\u00f3, \u00e9 forte instrumento de preven\u00e7\u00e3o aos acidentes.<\/p>\n<p>\u201cCome\u00e7amos com esse culto ecum\u00eanico buscando conscientizar a popula\u00e7\u00e3o da import\u00e2ncia de todos atuarmos corretamente no tr\u00e2nsito. Seguindo as normas do tr\u00e2nsito voc\u00ea est\u00e1 sendo prudente e agindo com seguran\u00e7a. Ao desrespeit\u00e1-las, coloca-se em risco a pr\u00f3pria vida e a vida de muitas outras pessoas\u201d, disse o diretor-presidente da Ag\u00eancia Municipal de Tr\u00e2nsito e Transporte (Agetrat), Paulo Andr\u00e9 de Ara\u00fajo J\u00fanior. Ele representou o prefeito Marcelo Iunes no evento. As atividades v\u00e3o at\u00e9 sexta-feira, 24 de setembro<\/p>\n<p>Assessor-executivo da Agetrat, Jeferson Braga, destacou o car\u00e1ter de orienta\u00e7\u00e3o da campanha. \u201c\u00c9 um evento nacional em que vamos levar essa mensagem de respeito no tr\u00e2nsito para os condutores e para os pedestres. Esperamos colher um bom resultado. Esse bom resultado, para n\u00f3s, \u00e9 a paz do tr\u00e2nsito\u201d, disse.<\/p>\n<p>A Semana Nacional de Tr\u00e2nsito (SNT), conforme disposto no artigo 326 do C\u00f3digo de Tr\u00e2nsito Brasileiro (CTB), \u00e9 comemorada anualmente entre os dias 18 e 25 de setembro. Nesse per\u00edodo, s\u00e3o realizadas a\u00e7\u00f5es em todo o Pa\u00eds com o objetivo de conscientizar todos os envolvidos no dia a dia do tr\u00e2nsito, sejam eles motoristas, passageiros, motociclistas, ciclistas ou pedestres.<\/p>\n<p>A SNT 2021 traz o tema das Campanhas Educativas para este ano: \u201cNo tr\u00e2nsito, sua responsabilidade, salva vidas\u201d. Seguindo tamb\u00e9m as recomenda\u00e7\u00f5es contidas no Plano Nacional de Redu\u00e7\u00e3o de Mortes e Les\u00f5es no Tr\u00e2nsito (PNATRANS) e considerando que os acidentes no tr\u00e2nsito constituem uma das maiores causas de mortes no mundo, a realiza\u00e7\u00e3o da Semana Nacional de Tr\u00e2nsito visa preservar vidas, por meio de a\u00e7\u00f5es de conscientiza\u00e7\u00e3o voltadas para educa\u00e7\u00e3o, engenharia e fiscaliza\u00e7\u00e3o de tr\u00e2nsito. Tais a\u00e7\u00f5es devem contemplar a discuss\u00e3o quest\u00f5es relacionadas a\u0300 infraestrutura vi\u00e1ria brasileira, organiza\u00e7\u00e3o e alinhamento dos \u00f3rg\u00e3os do Sistema Nacional de Tr\u00e2nsito (SNT), mobilidade urbana, conviv\u00eancia pac\u00edfica entre pedestres, ciclistas, motociclistas, entre outros aspectos.<\/p>\n<p>Participaram do ato ecum\u00eanico os vereadores Alexandre Vasconcellos (representou a C\u00e2mara Municipal de Corumb\u00e1), Bira e Genilson Jos\u00e9.<\/p>\n<p>Em Corumb\u00e1, as a\u00e7\u00f5es da Semana Nacional de Tr\u00e2nsito s\u00e3o promovidas pela Prefeitura Municipal, por meio da Ag\u00eancia Municipal de Tr\u00e2nsito e Transporte (Agetrat). Confira o cronograma das atividades.<\/p>\n<p><strong>19 de setembro \u2013 domingo<\/strong><\/p>\n<p>**A\u00e7\u00e3o: Palha\u00e7ada no tr\u00e2nsito<\/p>\n<p>Feira de Domingo<\/p>\n<p>08 horas<\/p>\n<p><strong>20 de setembro \u2013 segunda-feira<\/strong><\/p>\n<p>**A\u00e7\u00e3o: Blitz Educativa dos Animais<\/p>\n<p>Local: Lampi\u00e3o Acesso<\/p>\n<p>07h30<\/p>\n<p><strong>22 de setembro \u2013 quarta-feira<\/strong><\/p>\n<p>** A\u00e7\u00e3o: Blitz Educativa Sem\u00e1foro<\/p>\n<p>Local: Porto Carrero com Major Gama e Edu Rocha com Am\u00e9rica<\/p>\n<p>08 horas<\/p>\n<p><strong>23 de setembro \u2013 quinta-feira<\/strong><\/p>\n<p>**A\u00e7\u00e3o: Orienta\u00e7\u00e3o sobre Carona<\/p>\n<p>Local: Fronteira<\/p>\n<p>08 horas<\/p>\n<p><strong>24 de setembro \u2013 sexta-feira<\/strong><\/p>\n<p>**A\u00e7\u00e3o: Curso Dire\u00e7\u00e3o Defensiva<\/p>\n<p>Local: Audit\u00f3rio da Prefeitura<\/p>\n<p>10 horas<\/p>\n<div id=\"gallery-1\" class=\"gallery galleryid-118581 gallery-columns-3 gallery-size-large\">\n<figure class=\"gallery-item\">\n<div class=\"gallery-icon landscape\"><a role=\"link\" href=\"https:\/\/www.corumba.ms.gov.br\/?attachment_id=118504\"><img loading=\"lazy\" decoding=\"async\" class=\"attachment-large size-large\" src=\"https:\/\/www.corumba.ms.gov.br\/wp-content\/uploads\/2021\/09\/Foto-Rene-Marcio-CarneiroAbertura-da-Semana-do-Transito-AGETRAT-18-1024x683.jpg\" sizes=\"auto, (max-width: 1024px) 100vw, 1024px\" srcset=\"https:\/\/www.corumba.ms.gov.br\/wp-content\/uploads\/2021\/09\/Foto-Rene-Marcio-CarneiroAbertura-da-Semana-do-Transito-AGETRAT-18-1024x683.jpg 1024w, https:\/\/www.corumba.ms.gov.br\/wp-content\/uploads\/2021\/09\/Foto-Rene-Marcio-CarneiroAbertura-da-Semana-do-Transito-AGETRAT-18-300x200.jpg 300w, https:\/\/www.corumba.ms.gov.br\/wp-content\/uploads\/2021\/09\/Foto-Rene-Marcio-CarneiroAbertura-da-Semana-do-Transito-AGETRAT-18-768x512.jpg 768w, https:\/\/www.corumba.ms.gov.br\/wp-content\/uploads\/2021\/09\/Foto-Rene-Marcio-CarneiroAbertura-da-Semana-do-Transito-AGETRAT-18.jpg 1200w\" alt=\"\" width=\"1024\" height=\"683\" aria-describedby=\"gallery-1-118504\"><\/a><\/div><figcaption id=\"gallery-1-118504\" class=\"wp-caption-text gallery-caption\">Foto: Ren\u00ea Marcio Carneiro\/PMC<\/figcaption><\/figure>\n<figure class=\"gallery-item\">\n<div class=\"gallery-icon landscape\"><a role=\"link\" href=\"https:\/\/www.corumba.ms.gov.br\/?attachment_id=118503\"><img loading=\"lazy\" decoding=\"async\" class=\"attachment-large size-large\" src=\"https:\/\/www.corumba.ms.gov.br\/wp-content\/uploads\/2021\/09\/Foto-Rene-Marcio-CarneiroAbertura-da-Semana-do-Transito-AGETRAT-17-1024x683.jpg\" sizes=\"auto, (max-width: 1024px) 100vw, 1024px\" srcset=\"https:\/\/www.corumba.ms.gov.br\/wp-content\/uploads\/2021\/09\/Foto-Rene-Marcio-CarneiroAbertura-da-Semana-do-Transito-AGETRAT-17-1024x683.jpg 1024w, https:\/\/www.corumba.ms.gov.br\/wp-content\/uploads\/2021\/09\/Foto-Rene-Marcio-CarneiroAbertura-da-Semana-do-Transito-AGETRAT-17-300x200.jpg 300w, https:\/\/www.corumba.ms.gov.br\/wp-content\/uploads\/2021\/09\/Foto-Rene-Marcio-CarneiroAbertura-da-Semana-do-Transito-AGETRAT-17-768x512.jpg 768w, https:\/\/www.corumba.ms.gov.br\/wp-content\/uploads\/2021\/09\/Foto-Rene-Marcio-CarneiroAbertura-da-Semana-do-Transito-AGETRAT-17.jpg 1200w\" alt=\"\" width=\"1024\" height=\"683\" aria-describedby=\"gallery-1-118503\"><\/a><\/div><figcaption id=\"gallery-1-118503\" class=\"wp-caption-text gallery-caption\">Foto: Ren\u00ea Marcio Carneiro\/PMC<\/figcaption><\/figure>\n<figure class=\"gallery-item\">\n<div class=\"gallery-icon landscape\"><a role=\"link\" href=\"https:\/\/www.corumba.ms.gov.br\/?attachment_id=118502\"><img loading=\"lazy\" decoding=\"async\" class=\"attachment-large size-large\" src=\"https:\/\/www.corumba.ms.gov.br\/wp-content\/uploads\/2021\/09\/Foto-Rene-Marcio-CarneiroAbertura-da-Semana-do-Transito-AGETRAT-16-1024x683.jpg\" sizes=\"auto, (max-width: 1024px) 100vw, 1024px\" srcset=\"https:\/\/www.corumba.ms.gov.br\/wp-content\/uploads\/2021\/09\/Foto-Rene-Marcio-CarneiroAbertura-da-Semana-do-Transito-AGETRAT-16-1024x683.jpg 1024w, https:\/\/www.corumba.ms.gov.br\/wp-content\/uploads\/2021\/09\/Foto-Rene-Marcio-CarneiroAbertura-da-Semana-do-Transito-AGETRAT-16-300x200.jpg 300w, https:\/\/www.corumba.ms.gov.br\/wp-content\/uploads\/2021\/09\/Foto-Rene-Marcio-CarneiroAbertura-da-Semana-do-Transito-AGETRAT-16-768x512.jpg 768w, https:\/\/www.corumba.ms.gov.br\/wp-content\/uploads\/2021\/09\/Foto-Rene-Marcio-CarneiroAbertura-da-Semana-do-Transito-AGETRAT-16.jpg 1200w\" alt=\"\" width=\"1024\" height=\"683\" aria-describedby=\"gallery-1-118502\"><\/a><\/div><figcaption id=\"gallery-1-118502\" class=\"wp-caption-text gallery-caption\">Foto: Ren\u00ea Marcio Carneiro\/PMC<\/figcaption><\/figure>\n<figure class=\"gallery-item\">\n<div class=\"gallery-icon landscape\"><a role=\"link\" href=\"https:\/\/www.corumba.ms.gov.br\/?attachment_id=118501\"><img loading=\"lazy\" decoding=\"async\" class=\"attachment-large size-large\" src=\"https:\/\/www.corumba.ms.gov.br\/wp-content\/uploads\/2021\/09\/Foto-Rene-Marcio-CarneiroAbertura-da-Semana-do-Transito-AGETRAT-15-1024x683.jpg\" sizes=\"auto, (max-width: 1024px) 100vw, 1024px\" srcset=\"https:\/\/www.corumba.ms.gov.br\/wp-content\/uploads\/2021\/09\/Foto-Rene-Marcio-CarneiroAbertura-da-Semana-do-Transito-AGETRAT-15-1024x683.jpg 1024w, https:\/\/www.corumba.ms.gov.br\/wp-content\/uploads\/2021\/09\/Foto-Rene-Marcio-CarneiroAbertura-da-Semana-do-Transito-AGETRAT-15-300x200.jpg 300w, https:\/\/www.corumba.ms.gov.br\/wp-content\/uploads\/2021\/09\/Foto-Rene-Marcio-CarneiroAbertura-da-Semana-do-Transito-AGETRAT-15-768x512.jpg 768w, https:\/\/www.corumba.ms.gov.br\/wp-content\/uploads\/2021\/09\/Foto-Rene-Marcio-CarneiroAbertura-da-Semana-do-Transito-AGETRAT-15.jpg 1200w\" alt=\"\" width=\"1024\" height=\"683\" aria-describedby=\"gallery-1-118501\"><\/a><\/div><figcaption id=\"gallery-1-118501\" class=\"wp-caption-text gallery-caption\">Foto: Ren\u00ea Marcio Carneiro\/PMC<\/figcaption><\/figure>\n<figure class=\"gallery-item\">\n<div class=\"gallery-icon landscape\"><a role=\"link\" href=\"https:\/\/www.corumba.ms.gov.br\/?attachment_id=118496\"><img loading=\"lazy\" decoding=\"async\" class=\"attachment-large size-large\" src=\"https:\/\/www.corumba.ms.gov.br\/wp-content\/uploads\/2021\/09\/Foto-Rene-Marcio-CarneiroAbertura-da-Semana-do-Transito-AGETRAT-10-1024x706.jpg\" sizes=\"auto, (max-width: 1024px) 100vw, 1024px\" srcset=\"https:\/\/www.corumba.ms.gov.br\/wp-content\/uploads\/2021\/09\/Foto-Rene-Marcio-CarneiroAbertura-da-Semana-do-Transito-AGETRAT-10-1024x706.jpg 1024w, https:\/\/www.corumba.ms.gov.br\/wp-content\/uploads\/2021\/09\/Foto-Rene-Marcio-CarneiroAbertura-da-Semana-do-Transito-AGETRAT-10-300x207.jpg 300w, https:\/\/www.corumba.ms.gov.br\/wp-content\/uploads\/2021\/09\/Foto-Rene-Marcio-CarneiroAbertura-da-Semana-do-Transito-AGETRAT-10-768x529.jpg 768w, https:\/\/www.corumba.ms.gov.br\/wp-content\/uploads\/2021\/09\/Foto-Rene-Marcio-CarneiroAbertura-da-Semana-do-Transito-AGETRAT-10.jpg 1200w\" alt=\"\" width=\"1024\" height=\"706\" aria-describedby=\"gallery-1-118496\"><\/a><\/div><figcaption id=\"gallery-1-118496\" class=\"wp-caption-text gallery-caption\">Foto: Ren\u00ea Marcio Carneiro\/PMC<\/figcaption><\/figure>\n<figure class=\"gallery-item\">\n<div class=\"gallery-icon landscape\"><a role=\"link\" href=\"https:\/\/www.corumba.ms.gov.br\/?attachment_id=118497\"><img loading=\"lazy\" decoding=\"async\" class=\"attachment-large size-large\" src=\"https:\/\/www.corumba.ms.gov.br\/wp-content\/uploads\/2021\/09\/Foto-Rene-Marcio-CarneiroAbertura-da-Semana-do-Transito-AGETRAT-11-1024x683.jpg\" sizes=\"auto, (max-width: 1024px) 100vw, 1024px\" srcset=\"https:\/\/www.corumba.ms.gov.br\/wp-content\/uploads\/2021\/09\/Foto-Rene-Marcio-CarneiroAbertura-da-Semana-do-Transito-AGETRAT-11-1024x683.jpg 1024w, https:\/\/www.corumba.ms.gov.br\/wp-content\/uploads\/2021\/09\/Foto-Rene-Marcio-CarneiroAbertura-da-Semana-do-Transito-AGETRAT-11-300x200.jpg 300w, https:\/\/www.corumba.ms.gov.br\/wp-content\/uploads\/2021\/09\/Foto-Rene-Marcio-CarneiroAbertura-da-Semana-do-Transito-AGETRAT-11-768x512.jpg 768w, https:\/\/www.corumba.ms.gov.br\/wp-content\/uploads\/2021\/09\/Foto-Rene-Marcio-CarneiroAbertura-da-Semana-do-Transito-AGETRAT-11.jpg 1200w\" alt=\"\" width=\"1024\" height=\"683\"><\/a><\/div>\n<\/figure>\n<figure class=\"gallery-item\">\n<div class=\"gallery-icon landscape\"><a role=\"link\" href=\"https:\/\/www.corumba.ms.gov.br\/?attachment_id=118498\"><img loading=\"lazy\" decoding=\"async\" class=\"attachment-large size-large\" src=\"https:\/\/www.corumba.ms.gov.br\/wp-content\/uploads\/2021\/09\/Foto-Rene-Marcio-CarneiroAbertura-da-Semana-do-Transito-AGETRAT-12-1024x683.jpg\" sizes=\"auto, (max-width: 1024px) 100vw, 1024px\" srcset=\"https:\/\/www.corumba.ms.gov.br\/wp-content\/uploads\/2021\/09\/Foto-Rene-Marcio-CarneiroAbertura-da-Semana-do-Transito-AGETRAT-12-1024x683.jpg 1024w, https:\/\/www.corumba.ms.gov.br\/wp-content\/uploads\/2021\/09\/Foto-Rene-Marcio-CarneiroAbertura-da-Semana-do-Transito-AGETRAT-12-300x200.jpg 300w, https:\/\/www.corumba.ms.gov.br\/wp-content\/uploads\/2021\/09\/Foto-Rene-Marcio-CarneiroAbertura-da-Semana-do-Transito-AGETRAT-12-768x512.jpg 768w, https:\/\/www.corumba.ms.gov.br\/wp-content\/uploads\/2021\/09\/Foto-Rene-Marcio-CarneiroAbertura-da-Semana-do-Transito-AGETRAT-12.jpg 1200w\" alt=\"\" width=\"1024\" height=\"683\"><\/a><\/div>\n<\/figure>\n<figure class=\"gallery-item\">\n<div class=\"gallery-icon landscape\"><a role=\"link\" href=\"https:\/\/www.corumba.ms.gov.br\/?attachment_id=118499\"><img loading=\"lazy\" decoding=\"async\" class=\"attachment-large size-large\" src=\"https:\/\/www.corumba.ms.gov.br\/wp-content\/uploads\/2021\/09\/Foto-Rene-Marcio-CarneiroAbertura-da-Semana-do-Transito-AGETRAT-13-1024x683.jpg\" sizes=\"auto, (max-width: 1024px) 100vw, 1024px\" srcset=\"https:\/\/www.corumba.ms.gov.br\/wp-content\/uploads\/2021\/09\/Foto-Rene-Marcio-CarneiroAbertura-da-Semana-do-Transito-AGETRAT-13-1024x683.jpg 1024w, https:\/\/www.corumba.ms.gov.br\/wp-content\/uploads\/2021\/09\/Foto-Rene-Marcio-CarneiroAbertura-da-Semana-do-Transito-AGETRAT-13-300x200.jpg 300w, https:\/\/www.corumba.ms.gov.br\/wp-content\/uploads\/2021\/09\/Foto-Rene-Marcio-CarneiroAbertura-da-Semana-do-Transito-AGETRAT-13-768x512.jpg 768w, https:\/\/www.corumba.ms.gov.br\/wp-content\/uploads\/2021\/09\/Foto-Rene-Marcio-CarneiroAbertura-da-Semana-do-Transito-AGETRAT-13.jpg 1200w\" alt=\"\" width=\"1024\" height=\"683\"><\/a><\/div>\n<\/figure>\n<figure class=\"gallery-item\">\n<div class=\"gallery-icon landscape\"><a role=\"link\" href=\"https:\/\/www.corumba.ms.gov.br\/?attachment_id=118500\"><img loading=\"lazy\" decoding=\"async\" class=\"attachment-large size-large\" src=\"https:\/\/www.corumba.ms.gov.br\/wp-content\/uploads\/2021\/09\/Foto-Rene-Marcio-CarneiroAbertura-da-Semana-do-Transito-AGETRAT-14-1024x683.jpg\" sizes=\"auto, (max-width: 1024px) 100vw, 1024px\" srcset=\"https:\/\/www.corumba.ms.gov.br\/wp-content\/uploads\/2021\/09\/Foto-Rene-Marcio-CarneiroAbertura-da-Semana-do-Transito-AGETRAT-14-1024x683.jpg 1024w, https:\/\/www.corumba.ms.gov.br\/wp-content\/uploads\/2021\/09\/Foto-Rene-Marcio-CarneiroAbertura-da-Semana-do-Transito-AGETRAT-14-300x200.jpg 300w, https:\/\/www.corumba.ms.gov.br\/wp-content\/uploads\/2021\/09\/Foto-Rene-Marcio-CarneiroAbertura-da-Semana-do-Transito-AGETRAT-14-768x512.jpg 768w, https:\/\/www.corumba.ms.gov.br\/wp-content\/uploads\/2021\/09\/Foto-Rene-Marcio-CarneiroAbertura-da-Semana-do-Transito-AGETRAT-14.jpg 1200w\" alt=\"\" width=\"1024\" height=\"683\"><\/a><\/div>\n<\/figure>\n<figure class=\"gallery-item\">\n<div class=\"gallery-icon landscape\"><a role=\"link\" href=\"https:\/\/www.corumba.ms.gov.br\/?attachment_id=118491\"><img loading=\"lazy\" decoding=\"async\" class=\"attachment-large size-large\" src=\"https:\/\/www.corumba.ms.gov.br\/wp-content\/uploads\/2021\/09\/Foto-Rene-Marcio-CarneiroAbertura-da-Semana-do-Transito-AGETRAT-5-1024x683.jpg\" sizes=\"auto, (max-width: 1024px) 100vw, 1024px\" srcset=\"https:\/\/www.corumba.ms.gov.br\/wp-content\/uploads\/2021\/09\/Foto-Rene-Marcio-CarneiroAbertura-da-Semana-do-Transito-AGETRAT-5-1024x683.jpg 1024w, https:\/\/www.corumba.ms.gov.br\/wp-content\/uploads\/2021\/09\/Foto-Rene-Marcio-CarneiroAbertura-da-Semana-do-Transito-AGETRAT-5-300x200.jpg 300w, https:\/\/www.corumba.ms.gov.br\/wp-content\/uploads\/2021\/09\/Foto-Rene-Marcio-CarneiroAbertura-da-Semana-do-Transito-AGETRAT-5-768x512.jpg 768w, https:\/\/www.corumba.ms.gov.br\/wp-content\/uploads\/2021\/09\/Foto-Rene-Marcio-CarneiroAbertura-da-Semana-do-Transito-AGETRAT-5.jpg 1200w\" alt=\"\" width=\"1024\" height=\"683\"><\/a><\/div>\n<\/figure>\n<figure class=\"gallery-item\">\n<div class=\"gallery-icon landscape\"><a role=\"link\" href=\"https:\/\/www.corumba.ms.gov.br\/?attachment_id=118492\"><img loading=\"lazy\" decoding=\"async\" class=\"attachment-large size-large\" src=\"https:\/\/www.corumba.ms.gov.br\/wp-content\/uploads\/2021\/09\/Foto-Rene-Marcio-CarneiroAbertura-da-Semana-do-Transito-AGETRAT-6-1024x683.jpg\" sizes=\"auto, (max-width: 1024px) 100vw, 1024px\" srcset=\"https:\/\/www.corumba.ms.gov.br\/wp-content\/uploads\/2021\/09\/Foto-Rene-Marcio-CarneiroAbertura-da-Semana-do-Transito-AGETRAT-6-1024x683.jpg 1024w, https:\/\/www.corumba.ms.gov.br\/wp-content\/uploads\/2021\/09\/Foto-Rene-Marcio-CarneiroAbertura-da-Semana-do-Transito-AGETRAT-6-300x200.jpg 300w, https:\/\/www.corumba.ms.gov.br\/wp-content\/uploads\/2021\/09\/Foto-Rene-Marcio-CarneiroAbertura-da-Semana-do-Transito-AGETRAT-6-768x512.jpg 768w, https:\/\/www.corumba.ms.gov.br\/wp-content\/uploads\/2021\/09\/Foto-Rene-Marcio-CarneiroAbertura-da-Semana-do-Transito-AGETRAT-6.jpg 1200w\" alt=\"\" width=\"1024\" height=\"683\"><\/a><\/div>\n<\/figure>\n<figure class=\"gallery-item\">\n<div class=\"gallery-icon landscape\"><a role=\"link\" href=\"https:\/\/www.corumba.ms.gov.br\/?attachment_id=118487\"><img loading=\"lazy\" decoding=\"async\" class=\"attachment-large size-large\" src=\"https:\/\/www.corumba.ms.gov.br\/wp-content\/uploads\/2021\/09\/Foto-Rene-Marcio-CarneiroAbertura-da-Semana-do-Transito-AGETRAT-1-1024x683.jpg\" sizes=\"auto, (max-width: 1024px) 100vw, 1024px\" srcset=\"https:\/\/www.corumba.ms.gov.br\/wp-content\/uploads\/2021\/09\/Foto-Rene-Marcio-CarneiroAbertura-da-Semana-do-Transito-AGETRAT-1-1024x683.jpg 1024w, https:\/\/www.corumba.ms.gov.br\/wp-content\/uploads\/2021\/09\/Foto-Rene-Marcio-CarneiroAbertura-da-Semana-do-Transito-AGETRAT-1-300x200.jpg 300w, https:\/\/www.corumba.ms.gov.br\/wp-content\/uploads\/2021\/09\/Foto-Rene-Marcio-CarneiroAbertura-da-Semana-do-Transito-AGETRAT-1-768x512.jpg 768w, https:\/\/www.corumba.ms.gov.br\/wp-content\/uploads\/2021\/09\/Foto-Rene-Marcio-CarneiroAbertura-da-Semana-do-Transito-AGETRAT-1.jpg 1200w\" alt=\"\" width=\"1024\" height=\"683\"><\/a><\/div>\n<\/figure>\n<figure class=\"gallery-item\">\n<div class=\"gallery-icon landscape\"><a role=\"link\" href=\"https:\/\/www.corumba.ms.gov.br\/?attachment_id=118488\"><img loading=\"lazy\" decoding=\"async\" class=\"attachment-large size-large\" src=\"https:\/\/www.corumba.ms.gov.br\/wp-content\/uploads\/2021\/09\/Foto-Rene-Marcio-CarneiroAbertura-da-Semana-do-Transito-AGETRAT-2-1024x683.jpg\" sizes=\"auto, (max-width: 1024px) 100vw, 1024px\" srcset=\"https:\/\/www.corumba.ms.gov.br\/wp-content\/uploads\/2021\/09\/Foto-Rene-Marcio-CarneiroAbertura-da-Semana-do-Transito-AGETRAT-2-1024x683.jpg 1024w, https:\/\/www.corumba.ms.gov.br\/wp-content\/uploads\/2021\/09\/Foto-Rene-Marcio-CarneiroAbertura-da-Semana-do-Transito-AGETRAT-2-300x200.jpg 300w, https:\/\/www.corumba.ms.gov.br\/wp-content\/uploads\/2021\/09\/Foto-Rene-Marcio-CarneiroAbertura-da-Semana-do-Transito-AGETRAT-2-768x512.jpg 768w, https:\/\/www.corumba.ms.gov.br\/wp-content\/uploads\/2021\/09\/Foto-Rene-Marcio-CarneiroAbertura-da-Semana-do-Transito-AGETRAT-2.jpg 1200w\" alt=\"\" width=\"1024\" height=\"683\"><\/a><\/div>\n<\/figure>\n<figure class=\"gallery-item\">\n<div class=\"gallery-icon landscape\"><a role=\"link\" href=\"https:\/\/www.corumba.ms.gov.br\/?attachment_id=118493\"><img loading=\"lazy\" decoding=\"async\" class=\"attachment-large size-large\" src=\"https:\/\/www.corumba.ms.gov.br\/wp-content\/uploads\/2021\/09\/Foto-Rene-Marcio-CarneiroAbertura-da-Semana-do-Transito-AGETRAT-7-1024x683.jpg\" sizes=\"auto, (max-width: 1024px) 100vw, 1024px\" srcset=\"https:\/\/www.corumba.ms.gov.br\/wp-content\/uploads\/2021\/09\/Foto-Rene-Marcio-CarneiroAbertura-da-Semana-do-Transito-AGETRAT-7-1024x683.jpg 1024w, https:\/\/www.corumba.ms.gov.br\/wp-content\/uploads\/2021\/09\/Foto-Rene-Marcio-CarneiroAbertura-da-Semana-do-Transito-AGETRAT-7-300x200.jpg 300w, https:\/\/www.corumba.ms.gov.br\/wp-content\/uploads\/2021\/09\/Foto-Rene-Marcio-CarneiroAbertura-da-Semana-do-Transito-AGETRAT-7-768x512.jpg 768w, https:\/\/www.corumba.ms.gov.br\/wp-content\/uploads\/2021\/09\/Foto-Rene-Marcio-CarneiroAbertura-da-Semana-do-Transito-AGETRAT-7.jpg 1200w\" alt=\"\" width=\"1024\" height=\"683\"><\/a><\/div>\n<\/figure>\n<figure class=\"gallery-item\">\n<div class=\"gallery-icon landscape\"><a role=\"link\" href=\"https:\/\/www.corumba.ms.gov.br\/?attachment_id=118494\"><img loading=\"lazy\" decoding=\"async\" class=\"attachment-large size-large\" src=\"https:\/\/www.corumba.ms.gov.br\/wp-content\/uploads\/2021\/09\/Foto-Rene-Marcio-CarneiroAbertura-da-Semana-do-Transito-AGETRAT-8-1024x706.jpg\" sizes=\"auto, (max-width: 1024px) 100vw, 1024px\" srcset=\"https:\/\/www.corumba.ms.gov.br\/wp-content\/uploads\/2021\/09\/Foto-Rene-Marcio-CarneiroAbertura-da-Semana-do-Transito-AGETRAT-8-1024x706.jpg 1024w, https:\/\/www.corumba.ms.gov.br\/wp-content\/uploads\/2021\/09\/Foto-Rene-Marcio-CarneiroAbertura-da-Semana-do-Transito-AGETRAT-8-300x207.jpg 300w, https:\/\/www.corumba.ms.gov.br\/wp-content\/uploads\/2021\/09\/Foto-Rene-Marcio-CarneiroAbertura-da-Semana-do-Transito-AGETRAT-8-768x529.jpg 768w, https:\/\/www.corumba.ms.gov.br\/wp-content\/uploads\/2021\/09\/Foto-Rene-Marcio-CarneiroAbertura-da-Semana-do-Transito-AGETRAT-8.jpg 1200w\" alt=\"\" width=\"1024\" height=\"706\"><\/a><\/div>\n<\/figure>\n<figure class=\"gallery-item\">\n<div class=\"gallery-icon landscape\"><a role=\"link\" href=\"https:\/\/www.corumba.ms.gov.br\/?attachment_id=118489\"><img loading=\"lazy\" decoding=\"async\" class=\"attachment-large size-large\" src=\"https:\/\/www.corumba.ms.gov.br\/wp-content\/uploads\/2021\/09\/Foto-Rene-Marcio-CarneiroAbertura-da-Semana-do-Transito-AGETRAT-3-1024x683.jpg\" sizes=\"auto, (max-width: 1024px) 100vw, 1024px\" srcset=\"https:\/\/www.corumba.ms.gov.br\/wp-content\/uploads\/2021\/09\/Foto-Rene-Marcio-CarneiroAbertura-da-Semana-do-Transito-AGETRAT-3-1024x683.jpg 1024w, https:\/\/www.corumba.ms.gov.br\/wp-content\/uploads\/2021\/09\/Foto-Rene-Marcio-CarneiroAbertura-da-Semana-do-Transito-AGETRAT-3-300x200.jpg 300w, https:\/\/www.corumba.ms.gov.br\/wp-content\/uploads\/2021\/09\/Foto-Rene-Marcio-CarneiroAbertura-da-Semana-do-Transito-AGETRAT-3-768x512.jpg 768w, https:\/\/www.corumba.ms.gov.br\/wp-content\/uploads\/2021\/09\/Foto-Rene-Marcio-CarneiroAbertura-da-Semana-do-Transito-AGETRAT-3.jpg 1200w\" alt=\"\" width=\"1024\" height=\"683\"><\/a><\/div>\n<\/figure>\n<figure class=\"gallery-item\">\n<div class=\"gallery-icon landscape\"><a role=\"link\" href=\"https:\/\/www.corumba.ms.gov.br\/?attachment_id=118490\"><img loading=\"lazy\" decoding=\"async\" class=\"attachment-large size-large\" src=\"https:\/\/www.corumba.ms.gov.br\/wp-content\/uploads\/2021\/09\/Foto-Rene-Marcio-CarneiroAbertura-da-Semana-do-Transito-AGETRAT-4-1024x683.jpg\" sizes=\"auto, (max-width: 1024px) 100vw, 1024px\" srcset=\"https:\/\/www.corumba.ms.gov.br\/wp-content\/uploads\/2021\/09\/Foto-Rene-Marcio-CarneiroAbertura-da-Semana-do-Transito-AGETRAT-4-1024x683.jpg 1024w, https:\/\/www.corumba.ms.gov.br\/wp-content\/uploads\/2021\/09\/Foto-Rene-Marcio-CarneiroAbertura-da-Semana-do-Transito-AGETRAT-4-300x200.jpg 300w, https:\/\/www.corumba.ms.gov.br\/wp-content\/uploads\/2021\/09\/Foto-Rene-Marcio-CarneiroAbertura-da-Semana-do-Transito-AGETRAT-4-768x512.jpg 768w, https:\/\/www.corumba.ms.gov.br\/wp-content\/uploads\/2021\/09\/Foto-Rene-Marcio-CarneiroAbertura-da-Semana-do-Transito-AGETRAT-4.jpg 1200w\" alt=\"\" width=\"1024\" height=\"683\"><\/a><\/div>\n<\/figure>\n<figure class=\"gallery-item\">\n<div class=\"gallery-icon landscape\"><a role=\"link\" href=\"https:\/\/www.corumba.ms.gov.br\/?attachment_id=118495\"><img loading=\"lazy\" decoding=\"async\" class=\"attachment-large size-large\" src=\"https:\/\/www.corumba.ms.gov.br\/wp-content\/uploads\/2021\/09\/Foto-Rene-Marcio-CarneiroAbertura-da-Semana-do-Transito-AGETRAT-9-1024x706.jpg\" sizes=\"auto, (max-width: 1024px) 100vw, 1024px\" srcset=\"https:\/\/www.corumba.ms.gov.br\/wp-content\/uploads\/2021\/09\/Foto-Rene-Marcio-CarneiroAbertura-da-Semana-do-Transito-AGETRAT-9-1024x706.jpg 1024w, https:\/\/www.corumba.ms.gov.br\/wp-content\/uploads\/2021\/09\/Foto-Rene-Marcio-CarneiroAbertura-da-Semana-do-Transito-AGETRAT-9-300x207.jpg 300w, https:\/\/www.corumba.ms.gov.br\/wp-content\/uploads\/2021\/09\/Foto-Rene-Marcio-CarneiroAbertura-da-Semana-do-Transito-AGETRAT-9-768x529.jpg 768w, https:\/\/www.corumba.ms.gov.br\/wp-content\/uploads\/2021\/09\/Foto-Rene-Marcio-CarneiroAbertura-da-Semana-do-Transito-AGETRAT-9.jpg 1200w\" alt=\"\" width=\"1024\" height=\"706\"><\/a><\/div>\n<\/figure>\n<\/div>\n","protected":false},"excerpt":{"rendered":"<p>A Semana Nacional de Tr\u00e2nsito foi aberta neste s\u00e1bado, 18 de setembro, em Corumb\u00e1 com&#8230;<\/p>\n","protected":false},"author":70,"featured_media":11718410,"comment_status":"closed","ping_status":"closed","sticky":false,"template":"","format":"standard","meta":{"footnotes":""},"categories":[8,14],"tags":[],"class_list":["post-11718405","post","type-post","status-publish","format-standard","has-post-thumbnail","hentry","category-destaque","category-geral"],"_links":{"self":[{"href":"https:\/\/www.corumbaonline.com.br\/news\/wp-json\/wp\/v2\/posts\/11718405","targetHints":{"allow":["GET"]}}],"collection":[{"href":"https:\/\/www.corumbaonline.com.br\/news\/wp-json\/wp\/v2\/posts"}],"about":[{"href":"https:\/\/www.corumbaonline.com.br\/news\/wp-json\/wp\/v2\/types\/post"}],"author":[{"embeddable":true,"href":"https:\/\/www.corumbaonline.com.br\/news\/wp-json\/wp\/v2\/users\/70"}],"replies":[{"embeddable":true,"href":"https:\/\/www.corumbaonline.com.br\/news\/wp-json\/wp\/v2\/comments?post=11718405"}],"version-history":[{"count":2,"href":"https:\/\/www.corumbaonline.com.br\/news\/wp-json\/wp\/v2\/posts\/11718405\/revisions"}],"predecessor-version":[{"id":11718411,"href":"https:\/\/www.corumbaonline.com.br\/news\/wp-json\/wp\/v2\/posts\/11718405\/revisions\/11718411"}],"wp:featuredmedia":[{"embeddable":true,"href":"https:\/\/www.corumbaonline.com.br\/news\/wp-json\/wp\/v2\/media\/11718410"}],"wp:attachment":[{"href":"https:\/\/www.corumbaonline.com.br\/news\/wp-json\/wp\/v2\/media?parent=11718405"}],"wp:term":[{"taxonomy":"category","embeddable":true,"href":"https:\/\/www.corumbaonline.com.br\/news\/wp-json\/wp\/v2\/categories?post=11718405"},{"taxonomy":"post_tag","embeddable":true,"href":"https:\/\/www.corumbaonline.com.br\/news\/wp-json\/wp\/v2\/tags?post=11718405"}],"curies":[{"name":"wp","href":"https:\/\/api.w.org\/{rel}","templated":true}]}}