{"id":11718407,"date":"2021-09-18T18:00:00","date_gmt":"2021-09-18T22:00:00","guid":{"rendered":"http:\/\/www.corumbaonline.com.br\/news\/?p=11718407"},"modified":"2021-09-19T11:18:16","modified_gmt":"2021-09-19T15:18:16","slug":"com-ritmos-diversos-e-artistas-regionais-lives-celebram-243-anos-de-corumba","status":"publish","type":"post","link":"https:\/\/www.corumbaonline.com.br\/news\/com-ritmos-diversos-e-artistas-regionais-lives-celebram-243-anos-de-corumba\/","title":{"rendered":"Com ritmos diversos e artistas regionais, lives celebram 243 anos de Corumb\u00e1"},"content":{"rendered":"<p>A Prefeitura de Corumb\u00e1, por meio da Funda\u00e7\u00e3o da Cultura e do Patrim\u00f4nio Hist\u00f3rico, promove uma s\u00e9rie de lives para comemorar o anivers\u00e1rio da cidade. O evento ser\u00e1 promovido no Morro do Cruzeiro e tem o apoio do Governo do Estado, por meio da Funda\u00e7\u00e3o da Cultura de MS, e da Andorinha.<\/p>\n<p>Para evitar aglomera\u00e7\u00f5es e obedecer os protocolos de biosseguran\u00e7a contra a Covid-19, a visita\u00e7\u00e3o ao Morro do Cruzeiro, onde est\u00e3o instalados as imagens da Via Sacra e do Cristo Rei do Pantanal, termina \u00e0s 16 horas deste s\u00e1bado, 18 de setembro, at\u00e9 a ter\u00e7a-feira, dia 21 de setembro.<\/p>\n<p>A partir deste hor\u00e1rio o acesso ao Morro do Cruzeiro ser\u00e1 restrito aos artistas e t\u00e9cnicos envolvidos nas lives, que ser\u00e3o transmitidas pelo canal da Prefeitura de Corumb\u00e1 no Youtube. Neste s\u00e1bado, a partir das 18 horas, acontece o V Festival Gospel da Juventude. No domingo, dia 19, as apresenta\u00e7\u00f5es come\u00e7am um pouco mais cedo, \u00e0s 17 horas, e terminam \u00e0s 23h30.<\/p>\n<p>As atra\u00e7\u00f5es do domingo ser\u00e3o as bandas de pop e rock 4ever, Banda Monop\u00f3lio, Banda Vinew e Banda Exilados. Na segunda-feira, dia 20, tamb\u00e9m a partir das 17 horas, se apresentam Igor e Diego, Dudu Souza e Banda, Levi e Banda e Samba do Preto. J\u00e1 no dia 21, quando Corumb\u00e1 celebra 243 anos, as atra\u00e7\u00f5es ser\u00e3o regionais.<\/p>\n<p>O evento come\u00e7a com a apresenta\u00e7\u00e3o da Oficina de Dan\u00e7a do Pantanal com a coreografia Felizcidade. Em seguida quem comanda a live \u00e9 a dupla Leandro e Galeano. A noite ainda reserva as apresenta\u00e7\u00f5es de Dudu Lino e, por \u00faltimo, Loubet. A festa termina com um show pirot\u00e9cnico.<\/p>\n","protected":false},"excerpt":{"rendered":"<p>A Prefeitura de Corumb\u00e1, por meio da Funda\u00e7\u00e3o da Cultura e do Patrim\u00f4nio Hist\u00f3rico, promove&#8230;<\/p>\n","protected":false},"author":70,"featured_media":11718408,"comment_status":"closed","ping_status":"closed","sticky":false,"template":"","format":"standard","meta":{"footnotes":""},"categories":[122,7],"tags":[],"class_list":["post-11718407","post","type-post","status-publish","format-standard","has-post-thumbnail","hentry","category-243-anos","category-cultura"],"_links":{"self":[{"href":"https:\/\/www.corumbaonline.com.br\/news\/wp-json\/wp\/v2\/posts\/11718407","targetHints":{"allow":["GET"]}}],"collection":[{"href":"https:\/\/www.corumbaonline.com.br\/news\/wp-json\/wp\/v2\/posts"}],"about":[{"href":"https:\/\/www.corumbaonline.com.br\/news\/wp-json\/wp\/v2\/types\/post"}],"author":[{"embeddable":true,"href":"https:\/\/www.corumbaonline.com.br\/news\/wp-json\/wp\/v2\/users\/70"}],"replies":[{"embeddable":true,"href":"https:\/\/www.corumbaonline.com.br\/news\/wp-json\/wp\/v2\/comments?post=11718407"}],"version-history":[{"count":1,"href":"https:\/\/www.corumbaonline.com.br\/news\/wp-json\/wp\/v2\/posts\/11718407\/revisions"}],"predecessor-version":[{"id":11718409,"href":"https:\/\/www.corumbaonline.com.br\/news\/wp-json\/wp\/v2\/posts\/11718407\/revisions\/11718409"}],"wp:featuredmedia":[{"embeddable":true,"href":"https:\/\/www.corumbaonline.com.br\/news\/wp-json\/wp\/v2\/media\/11718408"}],"wp:attachment":[{"href":"https:\/\/www.corumbaonline.com.br\/news\/wp-json\/wp\/v2\/media?parent=11718407"}],"wp:term":[{"taxonomy":"category","embeddable":true,"href":"https:\/\/www.corumbaonline.com.br\/news\/wp-json\/wp\/v2\/categories?post=11718407"},{"taxonomy":"post_tag","embeddable":true,"href":"https:\/\/www.corumbaonline.com.br\/news\/wp-json\/wp\/v2\/tags?post=11718407"}],"curies":[{"name":"wp","href":"https:\/\/api.w.org\/{rel}","templated":true}]}}