{"id":11718422,"date":"2021-09-21T08:32:00","date_gmt":"2021-09-21T12:32:00","guid":{"rendered":"http:\/\/www.corumbaonline.com.br\/news\/?p=11718422"},"modified":"2021-09-21T09:26:30","modified_gmt":"2021-09-21T13:26:30","slug":"forum-de-gestores-municipais-de-cultura-fortalece-a-interacao-entre-estado-e-municipios","status":"publish","type":"post","link":"https:\/\/www.corumbaonline.com.br\/news\/forum-de-gestores-municipais-de-cultura-fortalece-a-interacao-entre-estado-e-municipios\/","title":{"rendered":"F\u00f3rum de Gestores Municipais de Cultura fortalece a intera\u00e7\u00e3o entre Estado e munic\u00edpios"},"content":{"rendered":"<p>Na tarde desta segunda-feira, 20 de setembro, aconteceu no audit\u00f3rio da UEMS a reuni\u00e3o para apresentar a proposta da cria\u00e7\u00e3o do F\u00f3rum de Gestores e Dirigentes P\u00fablicos Municipais de Cultura de Mato Grosso do Sul. Os principais objetivos do F\u00f3rum s\u00e3o a retomada do Prosimc, que \u00e9 o projeto de apoio \u00e0 estrutura\u00e7\u00e3o dos Sistemas Municipais de Cultura, e a integra\u00e7\u00e3o das pol\u00edticas p\u00fablicas estaduais com os munic\u00edpios, ou seja, abrir um canal de comunica\u00e7\u00e3o do Estado com os munic\u00edpios.<\/p>\n<p><a href=\"https:\/\/www.fundacaodecultura.ms.gov.br\/wp-content\/uploads\/2021\/09\/Forum-publico.jpg\"><img loading=\"lazy\" decoding=\"async\" class=\"size-medium wp-image-38566 aligncenter\" src=\"https:\/\/www.fundacaodecultura.ms.gov.br\/wp-content\/uploads\/2021\/09\/Forum-publico-300x200.jpg\" sizes=\"auto, (max-width: 300px) 100vw, 300px\" srcset=\"https:\/\/www.fundacaodecultura.ms.gov.br\/wp-content\/uploads\/2021\/09\/Forum-publico-300x200.jpg 300w, https:\/\/www.fundacaodecultura.ms.gov.br\/wp-content\/uploads\/2021\/09\/Forum-publico-768x512.jpg 768w, https:\/\/www.fundacaodecultura.ms.gov.br\/wp-content\/uploads\/2021\/09\/Forum-publico.jpg 1000w\" alt=\"\" width=\"300\" height=\"200\" \/><\/a><\/p>\n<p>Abrindo a reuni\u00e3o, a diretora geral da Funda\u00e7\u00e3o de Cultura, Mariana Rondon, explicou aos presentes que uma das compet\u00eancias da Funda\u00e7\u00e3o de Cultura de MS \u00e9 prestar aux\u00edlio aos munic\u00edpios. \u201cNeste momento de retomada, a sociedade pede um olhar com mais carinho para a cultura, pois a retomada n\u00e3o \u00e9 s\u00f3 dos eventos culturais, mais tamb\u00e9m uma retomada da economia. O governador Reinaldo Azambuja teve esse olhar ao lan\u00e7ar o pacote da Retomada. Desejo que todos tenham um bom aproveitamento neste evento\u201d.<\/p>\n<p><a href=\"https:\/\/www.fundacaodecultura.ms.gov.br\/wp-content\/uploads\/2021\/09\/Forum-Mariana.jpg\"><img loading=\"lazy\" decoding=\"async\" class=\"size-medium wp-image-38560 aligncenter\" src=\"https:\/\/www.fundacaodecultura.ms.gov.br\/wp-content\/uploads\/2021\/09\/Forum-Mariana-300x200.jpg\" sizes=\"auto, (max-width: 300px) 100vw, 300px\" srcset=\"https:\/\/www.fundacaodecultura.ms.gov.br\/wp-content\/uploads\/2021\/09\/Forum-Mariana-300x200.jpg 300w, https:\/\/www.fundacaodecultura.ms.gov.br\/wp-content\/uploads\/2021\/09\/Forum-Mariana-768x512.jpg 768w, https:\/\/www.fundacaodecultura.ms.gov.br\/wp-content\/uploads\/2021\/09\/Forum-Mariana.jpg 1000w\" alt=\"\" width=\"300\" height=\"200\" \/><\/a><\/p>\n<p>O diretor-presidente da Funda\u00e7\u00e3o de Cultura, Gustavo Cegonha, atua h\u00e1 mais de 30 anos na \u00e1rea cultural e considera ser um desafio estar \u00e0 frente a Funda\u00e7\u00e3o da Cultura. Ele elencou as diversas a\u00e7\u00f5es que foram realizadas pelo \u00f3rg\u00e3o no per\u00edodo de sua gest\u00e3o, como a Lei Adir Blanc, o Mapa Cultural, a finaliza\u00e7\u00e3o do FIC 2019 e a elabora\u00e7\u00e3o dos editais do FIC 2021 e 2022, o projeto Som da Concha 2021 em formato h\u00edbrido, o Festival de Arte e Cultura de MS &#8211; Diversidade e Cidadania, o projeto MS meu Samba, o MS Cultura Cidad\u00e3 III, a reestrutura\u00e7\u00e3o dos equipamentos culturais inclu\u00eddos no projeto da Retomada e o fomento \u00e1s atividades art\u00edsticas dos munic\u00edpios. \u201cS\u00f3 temos a agradecer ao governador Reinaldo Azambuja, que em todo o momento atendeu \u00e0s nossas demandas. Estamos num momento de valoriza\u00e7\u00e3o e apoio aos gestores culturais, Vamos juntos desenvolver uma pol\u00edtica cultural democr\u00e1tica que possa atender a todos\u201d.<\/p>\n<p><a href=\"https:\/\/www.fundacaodecultura.ms.gov.br\/wp-content\/uploads\/2021\/09\/Forum-Cegonha.jpg\"><img loading=\"lazy\" decoding=\"async\" class=\"size-medium wp-image-38561 aligncenter\" src=\"https:\/\/www.fundacaodecultura.ms.gov.br\/wp-content\/uploads\/2021\/09\/Forum-Cegonha-300x200.jpg\" sizes=\"auto, (max-width: 300px) 100vw, 300px\" srcset=\"https:\/\/www.fundacaodecultura.ms.gov.br\/wp-content\/uploads\/2021\/09\/Forum-Cegonha-300x200.jpg 300w, https:\/\/www.fundacaodecultura.ms.gov.br\/wp-content\/uploads\/2021\/09\/Forum-Cegonha-768x512.jpg 768w, https:\/\/www.fundacaodecultura.ms.gov.br\/wp-content\/uploads\/2021\/09\/Forum-Cegonha.jpg 1000w\" alt=\"\" width=\"300\" height=\"200\" \/><\/a><\/p>\n<p>O diretor-presidente da Funda\u00e7\u00e3o de Turismo, Bruno Wendling, afirmou que Turismo e Cultura sempre se confundem. \u201cO Turismo \u00e9 um dos instrumentos para que a cultura tenha sustentabilidade. A Cultura precisa dos consumidores. \u00c9 fundamental o papel da FCMS e Secic no desenvolvimento da Cultura, um dos principais motivadores do turismo. Temos que pensar na longevidade da cultura no Estado e nos munic\u00edpios. A Funda\u00e7\u00e3o de Turismo vem apoiando eventos que geram fluxo, proporcionando incentivos tamb\u00e9m para consumir cultura. Desejo um \u00f3timo F\u00f3rum para os gestores municipais\u201d.<\/p>\n<p>O secret\u00e1rio estadual de Infraestrutura, Eduardo Riedel, falou sore o momento dif\u00edcil que a cultura e, de forma geral, os demais setores atravessam devido \u00e0 pandemia. \u201cAtravessamos um momento muito dif\u00edcil, mas aos poucos fomos encontrando nossas respostas. Este evento de hoje \u00e9 simb\u00f3lico porque traz um conceito central no governo que \u00e9 o municipalismo. A Cultura tem uma caracter\u00edstica importante: n\u00e3o estamos bem conosco mesmos se n\u00e3o resgatarmos nossa identidade. Por isso temos um esfor\u00e7o enorme de melhorar a capacidade do turismo, de ampliar as possibilidades investindo em infraestrutura. Estamos construindo as mudan\u00e7as que est\u00e3o acontecendo. Espero que os participantes deste evento saiam daqui com uma vis\u00e3o mais convergente, afinada, com uma proposta para podermos realizar mais pela nossa gente. Estamos voltando \u00e0 normalidade, para reconstruir o futuro, nossa identidade, que foi aviltada nesse processo durante a pandemia, e a cultura tem nisso um papel muito importante\u201d.<\/p>\n<p><a href=\"https:\/\/www.fundacaodecultura.ms.gov.br\/wp-content\/uploads\/2021\/09\/Forum-Riedel.jpg\"><img loading=\"lazy\" decoding=\"async\" class=\"size-medium wp-image-38562 aligncenter\" src=\"https:\/\/www.fundacaodecultura.ms.gov.br\/wp-content\/uploads\/2021\/09\/Forum-Riedel-300x200.jpg\" sizes=\"auto, (max-width: 300px) 100vw, 300px\" srcset=\"https:\/\/www.fundacaodecultura.ms.gov.br\/wp-content\/uploads\/2021\/09\/Forum-Riedel-300x200.jpg 300w, https:\/\/www.fundacaodecultura.ms.gov.br\/wp-content\/uploads\/2021\/09\/Forum-Riedel-768x512.jpg 768w, https:\/\/www.fundacaodecultura.ms.gov.br\/wp-content\/uploads\/2021\/09\/Forum-Riedel.jpg 1000w\" alt=\"\" width=\"300\" height=\"200\" \/><\/a><\/p>\n<p>Para o secret\u00e1rio adjunto da Secic, Eduardo Romero, ser gestor de cultura \u00e9 um desafio. \u201cRecebemos pedidos os mais diversos, e o que percebemos que h\u00e1 em comum nesses pedidos \u00e9 a necessidade de pol\u00edticas p\u00fablicas que possam garantir que se abram caminhos para que as coisas aconte\u00e7am. Este \u00e9 um evento para que a gente possa sintonizar a pol\u00edtica p\u00fablica para que ela chegue na ponta, onde precisa, para que os gestores p\u00fablicos saibam onde buscar ajuda, como fechar essas parcerias, para que a gente possa junto fazer mais e melhor. A pol\u00edtica p\u00fablica s\u00f3 poder ser p\u00fablica se for feita por todos n\u00f3s\u201d.<\/p>\n<p>\u201cHoje \u00e9 um grande dia para todos n\u00f3s\u201d, afirmou a deputada Mara Caseiro. \u201cA cultura faz parte de todos n\u00f3s, a gente j\u00e1 nasce com a cultura dentro de n\u00f3s. A experi\u00eancia e o crescimento que tive enquanto diretora-presidente da Funda\u00e7\u00e3o de Cultura devo a voc\u00eas, servidores da FCMS. Foi um grande aprendizado. Nosso Estado tem caracter\u00edstica marcante da diversidade cultural, somos uma mistura linda de v\u00e1rios povos. S\u00e3o v\u00e1rias as matrizes culturais que nos singularizam. Cultura \u00e9 renda, \u00e9 emprego, \u00e9 oportunidade, n\u00e3o \u00e9 s\u00f3 entretenimento. Parabenizo o Jo\u00e3o C\u00e9sar Mattogrosso, o Gustavo Cegonha e todos os que est\u00e3o na Cultura neste momento. Gestores municipais, aproveitem este momento. Sonhem junto com a Secic e FCMS\u201d.<\/p>\n<p>O secret\u00e1rio estadual de Cidadania e Cultura, Jo\u00e3o C\u00e9sar Mattogrosso, afirmou que, depois de conversar com o governador, teve a certeza de que estava indo para o lugar certo na gest\u00e3o da pasta, que afirmou ele ser bastante abrangente. \u201cCom a for\u00e7a de vontade do governador Reinaldo Azambuja e o trabalho de voc\u00eas, vamos deixar nossa marca na Cultura. O Governo do Estado est\u00e1 chegando ao valor de cem milh\u00f5es de reais para a Retomada da Cultura. A inten\u00e7\u00e3o desse F\u00f3rum \u00e9 que essa assist\u00eancia para que voc\u00eas possam participar dos editais em suas cidades, selecionar o que voc\u00eas querem levar para o munic\u00edpio de voc\u00eas. Aproveito para anunciar um projeto grandioso que estamos preparando, uma surpresa, que lan\u00e7aremos em outubro, por ocasi\u00e3o do anivers\u00e1rio de cria\u00e7\u00e3o do Estado, e vamos iniciar em novembro. Aguardem. Um excelente F\u00f3rum e obrigado a todos\u201d.<\/p>\n<p><a href=\"https:\/\/www.fundacaodecultura.ms.gov.br\/wp-content\/uploads\/2021\/09\/Forum-Joao-Cesar-Mattogrosso.jpg\"><img loading=\"lazy\" decoding=\"async\" class=\"size-medium wp-image-38563 aligncenter\" src=\"https:\/\/www.fundacaodecultura.ms.gov.br\/wp-content\/uploads\/2021\/09\/Forum-Joao-Cesar-Mattogrosso-300x200.jpg\" sizes=\"auto, (max-width: 300px) 100vw, 300px\" srcset=\"https:\/\/www.fundacaodecultura.ms.gov.br\/wp-content\/uploads\/2021\/09\/Forum-Joao-Cesar-Mattogrosso-300x200.jpg 300w, https:\/\/www.fundacaodecultura.ms.gov.br\/wp-content\/uploads\/2021\/09\/Forum-Joao-Cesar-Mattogrosso-768x512.jpg 768w, https:\/\/www.fundacaodecultura.ms.gov.br\/wp-content\/uploads\/2021\/09\/Forum-Joao-Cesar-Mattogrosso.jpg 1000w\" alt=\"\" width=\"300\" height=\"200\" \/><\/a><\/p>\n<p>Na reuni\u00e3o foi apresentada a nova estrutura da Secretaria de Cidadania e Cultura de MS, e num segundo momento, a ideia \u00e9 oferecer cursos e oficinas por meio do F\u00f3rum para integrar os munic\u00edpios com os editais p\u00fablicos e as a\u00e7\u00f5es da Cultura do Estado. Foram apresentados os gestores estaduais e municipais de Cultura e feita uma pequena apresenta\u00e7\u00e3o dos Editais da Funda\u00e7\u00e3o de Cultura de MS e do Sistema Estadual de Bibliotecas.<\/p>\n<p>Presente na reuni\u00e3o, o diretor-presidente da Funda\u00e7\u00e3o Municipal de Cultura de Maracaju, Rafael Fernandes Jara, disse que veio buscar aprendizado e parcerias para consolidar o elo entre os munic\u00edpios e o Estado. \u201cEstamos h\u00e1 oito meses \u00e0 frente da pasta da Cultura, uma gest\u00e3o nova, estamos resgatando a cultura do munic\u00edpio e buscamos fortalecer este elo com o Estado. A cultura foi a primeira a parar com a pandemia, mas gra\u00e7as a Deus, estamos retomando aos poucos. Buscamos alavancar a Cultura em nosso munic\u00edpio\u201d.<\/p>\n<p><a href=\"https:\/\/www.fundacaodecultura.ms.gov.br\/wp-content\/uploads\/2021\/09\/Forum-Rafael.jpg\"><img loading=\"lazy\" decoding=\"async\" class=\"size-medium wp-image-38564 aligncenter\" src=\"https:\/\/www.fundacaodecultura.ms.gov.br\/wp-content\/uploads\/2021\/09\/Forum-Rafael-300x200.jpg\" sizes=\"auto, (max-width: 300px) 100vw, 300px\" srcset=\"https:\/\/www.fundacaodecultura.ms.gov.br\/wp-content\/uploads\/2021\/09\/Forum-Rafael-300x200.jpg 300w, https:\/\/www.fundacaodecultura.ms.gov.br\/wp-content\/uploads\/2021\/09\/Forum-Rafael-768x512.jpg 768w, https:\/\/www.fundacaodecultura.ms.gov.br\/wp-content\/uploads\/2021\/09\/Forum-Rafael.jpg 1000w\" alt=\"\" width=\"300\" height=\"200\" \/><\/a><\/p>\n<p>O diretor-presidente da Funda\u00e7\u00e3o da Cultura e do Patrim\u00f4nio Hist\u00f3rico de Corumb\u00e1, Joilson Silva Cruz, veio buscar um maior interc\u00e2mbio com o Estado, conhecer a nova estrutura da Cultura estadual e os novos gestores. \u201cEste momento \u00e9 \u00edmpar, de acolhimento dos gestores municipais, fazendo com que a gente se capacite para levar para o nosso munic\u00edpio o que nossos artistas e a popula\u00e7\u00e3o anseiam. Durante a pandemia, fizemos muitos editais para ajudar os artistas, tivemos, de forma reduzida, uma programa\u00e7\u00e3o virtual, mas gra\u00e7as a Deus, estamos respondendo a sede dos artistas e do p\u00fablico, e vamos retomando aos poucos. Foram momentos dif\u00edceis para a classe art\u00edstica de Corumb\u00e1, que tem um potencial cultural e patrimonial muito grande\u201d.<\/p>\n<p><a href=\"https:\/\/www.fundacaodecultura.ms.gov.br\/wp-content\/uploads\/2021\/09\/Forum-Joilson.jpg\"><img loading=\"lazy\" decoding=\"async\" class=\"size-medium wp-image-38565 aligncenter\" src=\"https:\/\/www.fundacaodecultura.ms.gov.br\/wp-content\/uploads\/2021\/09\/Forum-Joilson-300x200.jpg\" sizes=\"auto, (max-width: 300px) 100vw, 300px\" srcset=\"https:\/\/www.fundacaodecultura.ms.gov.br\/wp-content\/uploads\/2021\/09\/Forum-Joilson-300x200.jpg 300w, https:\/\/www.fundacaodecultura.ms.gov.br\/wp-content\/uploads\/2021\/09\/Forum-Joilson-768x512.jpg 768w, https:\/\/www.fundacaodecultura.ms.gov.br\/wp-content\/uploads\/2021\/09\/Forum-Joilson.jpg 1000w\" alt=\"\" width=\"300\" height=\"200\" \/><\/a><\/p>\n<p>Ao final dos trabalhos, o diretor-presidente da Funda\u00e7\u00e3o de Cultura, Gustavo Cegonha, agradeceu a todos. \u201cEste \u00e9 um momento important\u00edssimo para nossa retomada. A Funda\u00e7\u00e3o de Cultura de Mato Grosso do Sul est\u00e1 de portas abertas para todos voc\u00eas\u201d.<\/p>\n<p>A primeira etapa de capacita\u00e7\u00f5es do Prosimc para os gestores municipais de Cultura iniciam em outubro e seguem at\u00e9 dezembro de 2021. A programa\u00e7\u00e3o ser\u00e1 divulgada em breve pela Funda\u00e7\u00e3o de Cultura.<\/p>\n","protected":false},"excerpt":{"rendered":"<p>Na tarde desta segunda-feira, 20 de setembro, aconteceu no audit\u00f3rio da UEMS a reuni\u00e3o para&#8230;<\/p>\n","protected":false},"author":8,"featured_media":11718423,"comment_status":"closed","ping_status":"closed","sticky":false,"template":"","format":"standard","meta":{"footnotes":""},"categories":[7,8],"tags":[],"class_list":["post-11718422","post","type-post","status-publish","format-standard","has-post-thumbnail","hentry","category-cultura","category-destaque"],"_links":{"self":[{"href":"https:\/\/www.corumbaonline.com.br\/news\/wp-json\/wp\/v2\/posts\/11718422","targetHints":{"allow":["GET"]}}],"collection":[{"href":"https:\/\/www.corumbaonline.com.br\/news\/wp-json\/wp\/v2\/posts"}],"about":[{"href":"https:\/\/www.corumbaonline.com.br\/news\/wp-json\/wp\/v2\/types\/post"}],"author":[{"embeddable":true,"href":"https:\/\/www.corumbaonline.com.br\/news\/wp-json\/wp\/v2\/users\/8"}],"replies":[{"embeddable":true,"href":"https:\/\/www.corumbaonline.com.br\/news\/wp-json\/wp\/v2\/comments?post=11718422"}],"version-history":[{"count":1,"href":"https:\/\/www.corumbaonline.com.br\/news\/wp-json\/wp\/v2\/posts\/11718422\/revisions"}],"predecessor-version":[{"id":11718424,"href":"https:\/\/www.corumbaonline.com.br\/news\/wp-json\/wp\/v2\/posts\/11718422\/revisions\/11718424"}],"wp:featuredmedia":[{"embeddable":true,"href":"https:\/\/www.corumbaonline.com.br\/news\/wp-json\/wp\/v2\/media\/11718423"}],"wp:attachment":[{"href":"https:\/\/www.corumbaonline.com.br\/news\/wp-json\/wp\/v2\/media?parent=11718422"}],"wp:term":[{"taxonomy":"category","embeddable":true,"href":"https:\/\/www.corumbaonline.com.br\/news\/wp-json\/wp\/v2\/categories?post=11718422"},{"taxonomy":"post_tag","embeddable":true,"href":"https:\/\/www.corumbaonline.com.br\/news\/wp-json\/wp\/v2\/tags?post=11718422"}],"curies":[{"name":"wp","href":"https:\/\/api.w.org\/{rel}","templated":true}]}}