{"id":11718433,"date":"2021-09-21T08:15:00","date_gmt":"2021-09-21T12:15:00","guid":{"rendered":"http:\/\/www.corumbaonline.com.br\/news\/?p=11718433"},"modified":"2021-09-21T09:55:36","modified_gmt":"2021-09-21T13:55:36","slug":"com-reducao-acentuada-dos-casos-de-covid-corumba-retoma-o-seu-desenvolvimento","status":"publish","type":"post","link":"https:\/\/www.corumbaonline.com.br\/news\/com-reducao-acentuada-dos-casos-de-covid-corumba-retoma-o-seu-desenvolvimento\/","title":{"rendered":"Com redu\u00e7\u00e3o acentuada dos casos de Covid, Corumb\u00e1 retoma o seu desenvolvimento"},"content":{"rendered":"<p>Ap\u00f3s um ano e seis meses de muito sofrimento por conta da pandemia da Covid-19, que exigiu esfor\u00e7os redobrados de todos os setores p\u00fablicos e tamb\u00e9m da sociedade em geral, Corumb\u00e1 est\u00e1 retomando o seu desenvolvimento. Os casos de contamina\u00e7\u00e3o pelo coronav\u00edrus ca\u00edram sensivelmente nos \u00faltimos dias, e, em setembro, a cidade n\u00e3o registrou nenhum \u00f3bito.<\/p>\n<p>Hoje, 21 de setembro, Corumb\u00e1 comemora 243 anos de funda\u00e7\u00e3o, e essa redu\u00e7\u00e3o dos casos e dos \u00f3bitos, s\u00e3o motivos para celebrar a data, tanto que, na semana passada, o prefeito Marcelo Iunes lan\u00e7ou um pacote de obras que vai trazer benef\u00edcios \u00e0 popula\u00e7\u00e3o, al\u00e9m de gerar emprego e renda para o povo corumbaense.<\/p>\n<p>\u201cTudo isso \u00e9 um grande motivo para comemorarmos os 243 anos de Corumb\u00e1. Lamentamos profundamente as mortes pela Covid. Perdemos amigos,\u00a0 parentes, corumbaenses, sul-mato-grossenses, brasileiros, nesse per\u00edodo. Mas, estamos vencendo. Temos que continuar esse trabalho para, com f\u00e9 em Deus, e com a ci\u00eancia sempre presente, possamos em breve, voltar ao normal\u201d, destacou o presidente da C\u00e2mara de Corumb\u00e1, vereador Roberto Fa\u00e7anha.<\/p>\n<p>Ele ressaltou que os n\u00fameros atuais s\u00e3o resultados de \u201cum trabalho s\u00e9rio, voltando sempre para o bem-estar da popula\u00e7\u00e3o, desenvolvido por meio de uma parceria entre a Prefeitura, o Governo do Estado e o Governo Federal, com apoio importante do Poder Legislativo que sempre esteve ao lado do Munic\u00edpio, atuando de forma s\u00e9ria, sempre visando a sa\u00fade da\u00a0 nossa popula\u00e7\u00e3o\u201d.<\/p>\n<p>Fa\u00e7anha acrescentou que essa parceria trouxe resultados altamente positivos, resultando inclusive na vacina\u00e7\u00e3o em massa da popula\u00e7\u00e3o, \u201cum dos principais fatores pela redu\u00e7\u00e3o dos casos de cont\u00e1gio e \u00f3bitos causados pela Covid-19\u201d.<\/p>\n<p>\u201cA C\u00e2mara tem sido parceira da Prefeitura nas a\u00e7\u00f5es de combate e preven\u00e7\u00e3o \u00e0 Covid, votando projetos importantes encaminhados pelo Poder Executivo, para dar sequ\u00eancia ao trabalho desenvolvido na cidade, e isso tem surtido efeito positivo. Al\u00e9m disso, buscou apoio de parlamentares, tanto na Assembleia Legislativa, quando da C\u00e2mara Federal (deputados e senadores), para refor\u00e7ar ainda mais as a\u00e7\u00f5es na cidade\u201d, continuou.<\/p>\n<p>O presidente acrescentou que, gra\u00e7as a esse trabalho em parceria, Corumb\u00e1 est\u00e1 muito melhor estruturado hoje, no que se refere a atendimento hospitalar. Recursos que chegaram para implanta\u00e7\u00e3o de hospital de campanha, com a anu\u00eancia da C\u00e2mara, foram aplicados em melhorias na pr\u00f3pria Santa Casa de Corumb\u00e1, que acabou disponibilizando um Pronto Socorro para a Covid, e que continua ativo, em condi\u00e7\u00f5es de atender pacientes com outras doen\u00e7as. \u201cSe fosse aplicado no hospital de campanha, hoje n\u00e3o ter\u00edamos essa estrutura que existe no nosso hospital\u201d, lembrou.<\/p>\n<h2>RETOMADA DO DESENVOLVIMENTO<\/h2>\n<p>As a\u00e7\u00f5es de combate e preven\u00e7\u00e3o \u00e0 Covid, conforme Roberto, v\u00e3o continuar de forma intensa. Mas, citou que \u00e9 importante o Poder Executivo pensar no futuro, na retomada do desenvolvimento da cidade. E nesse sentido, o vereador destacou um outro fator importante para a celebra\u00e7\u00e3o dos 243 anos de funda\u00e7\u00e3o: o lan\u00e7amento de um pacote de obras anunciado na \u00faltima sexta-feira pelo prefeito Marcelo Iunes.<\/p>\n<p>S\u00e3o R$ 94.383.440,44 em mais de 50 a\u00e7\u00f5es nas \u00e1reas da sa\u00fade, infraestrutura urbana, educa\u00e7\u00e3o, assist\u00eancia social, esporte e lazer, como a constru\u00e7\u00e3o de um segundo piso do Centro de Especialidades M\u00e9dicas, em parceria com o Estado.<\/p>\n<p>A constru\u00e7\u00e3o de uma Unidade B\u00e1sica de Sa\u00fade da Fam\u00edlia (UBSF) no bairro Cristo Redentor; constru\u00e7\u00e3o de um ponto de apoio para a Unidade de Sa\u00fade do Tamarineiro; constru\u00e7\u00e3o de uma nova Unidade de Sa\u00fade no Taquaral; reforma da Unidade de Sa\u00fade do assentamento Mato Grande, al\u00e9m de outras, grande parte fruto de solicita\u00e7\u00f5es feitas pela C\u00e2mara Municipal de Corumb\u00e1, pelos vereadores corumbaenses.<\/p>\n<p>Est\u00e3o previstas ainda obras no setor de infraestrutura da cidade, muitas das quais, reivindicadas pela C\u00e2mara em atendimento \u00e0 comunidade corumbaense, como pavimenta\u00e7\u00e3o (asfalto e lajotamento) em bairros como o Previsul, Industrial, Jatobazinho, Guat\u00f3s, Jardim dos Estados, entre outros.<\/p>\n<p>No lan\u00e7amento do pacote de obras, o prefeito destacou que uma preocupa\u00e7\u00e3o da administra\u00e7\u00e3o ser\u00e1 a recupera\u00e7\u00e3o do pavimento na regi\u00e3o do Guat\u00f3s e parte alta, que ser\u00e1 estendido em toda a cidade. \u201c\u00c9 uma reivindica\u00e7\u00e3o que estamos sempre fazendo ao prefeito, e que est\u00e1 sendo atendida. \u00c9 importante termos ruas em boas condi\u00e7\u00f5es de tr\u00e1fego, para melhorar a acessibilidade de uma forma geral\u201d, afirmou.<\/p>\n<p>\u201cPor tudo isso, temos muitos motivos para comemorar os 243 anos de Corumb\u00e1\u201d, destacou. \u201cC\u00e2mara tem sido parceira do Munic\u00edpio nas a\u00e7\u00f5es de preven\u00e7\u00e3o e combate \u00e0 dengue, bem como em projetos necess\u00e1rios e importantes para dar continuidade ao desenvolvimento da cidade, inclusive buscando apoio de parlamentares, tanto em Campo Grande como em Bras\u00edlia, para viabilizar emendas importantes para o desenvolvimento de obras e servi\u00e7os que v\u00e3o contribuir para a retomada do desenvolvimento da cidade, ap\u00f3s per\u00edodo de epidemia\u201d, completou.<\/p>\n","protected":false},"excerpt":{"rendered":"<p>Ap\u00f3s um ano e seis meses de muito sofrimento por conta da pandemia da Covid-19,&#8230;<\/p>\n","protected":false},"author":21,"featured_media":11718434,"comment_status":"closed","ping_status":"closed","sticky":false,"template":"","format":"standard","meta":{"footnotes":""},"categories":[116,8,21],"tags":[],"class_list":["post-11718433","post","type-post","status-publish","format-standard","has-post-thumbnail","hentry","category-coronavirus","category-destaque","category-saude"],"_links":{"self":[{"href":"https:\/\/www.corumbaonline.com.br\/news\/wp-json\/wp\/v2\/posts\/11718433","targetHints":{"allow":["GET"]}}],"collection":[{"href":"https:\/\/www.corumbaonline.com.br\/news\/wp-json\/wp\/v2\/posts"}],"about":[{"href":"https:\/\/www.corumbaonline.com.br\/news\/wp-json\/wp\/v2\/types\/post"}],"author":[{"embeddable":true,"href":"https:\/\/www.corumbaonline.com.br\/news\/wp-json\/wp\/v2\/users\/21"}],"replies":[{"embeddable":true,"href":"https:\/\/www.corumbaonline.com.br\/news\/wp-json\/wp\/v2\/comments?post=11718433"}],"version-history":[{"count":1,"href":"https:\/\/www.corumbaonline.com.br\/news\/wp-json\/wp\/v2\/posts\/11718433\/revisions"}],"predecessor-version":[{"id":11718435,"href":"https:\/\/www.corumbaonline.com.br\/news\/wp-json\/wp\/v2\/posts\/11718433\/revisions\/11718435"}],"wp:featuredmedia":[{"embeddable":true,"href":"https:\/\/www.corumbaonline.com.br\/news\/wp-json\/wp\/v2\/media\/11718434"}],"wp:attachment":[{"href":"https:\/\/www.corumbaonline.com.br\/news\/wp-json\/wp\/v2\/media?parent=11718433"}],"wp:term":[{"taxonomy":"category","embeddable":true,"href":"https:\/\/www.corumbaonline.com.br\/news\/wp-json\/wp\/v2\/categories?post=11718433"},{"taxonomy":"post_tag","embeddable":true,"href":"https:\/\/www.corumbaonline.com.br\/news\/wp-json\/wp\/v2\/tags?post=11718433"}],"curies":[{"name":"wp","href":"https:\/\/api.w.org\/{rel}","templated":true}]}}