{"id":11718456,"date":"2021-09-22T08:00:00","date_gmt":"2021-09-22T12:00:00","guid":{"rendered":"http:\/\/www.corumbaonline.com.br\/news\/?p=11718456"},"modified":"2021-09-22T09:00:43","modified_gmt":"2021-09-22T13:00:43","slug":"corumba-amanhece-com-temperatura-de-21c-8","status":"publish","type":"post","link":"https:\/\/www.corumbaonline.com.br\/news\/corumba-amanhece-com-temperatura-de-21c-8\/","title":{"rendered":"Corumb\u00e1 amanhece com temperatura de 21\u00b0C"},"content":{"rendered":"<p><span data-uw-styling-context=\"true\">Para dar as boas vindas a primavera,\u00a0que come\u00e7a oficialmente \u00e0s 16h21 desta quarta-feira (22),\u00a0<\/span><span data-uw-styling-context=\"true\">o sol brilha forte entre poucas nuvens durante todo o dia em Mato Grosso do Sul.\u00a0<\/span><span data-uw-styling-context=\"true\">Sem probabilidade de chuvas, o tempo segue seco e com as temperaturas elevadas em todas as \u00e1reas.\u00a0<\/span><\/p>\n<p><span data-uw-styling-context=\"true\">O dia come\u00e7a com m\u00ednimas de 16\u00b0C na parte sul e sudoeste do Estado. J\u00e1 as m\u00e1ximas ser\u00e3o mais agrad\u00e1veis que as temperaturas registradas nos \u00faltimos dias, ficando em torno dos 35\u00b0C nas regi\u00f5es leste, sul, central e sudoeste. Em parte da regi\u00e3o pantaneira e no norte do Estado as m\u00e1ximas ainda podem chegar aos 40\u00b0C.\u00a0\u00a0<\/span><\/p>\n<p><span data-uw-styling-context=\"true\">Al\u00e9m do calor, o destaque do dia mais uma vez ser\u00e1 o tempo seco.\u00a0 Nas horas mais quentes do dia, a umidade relativa do ar pode despencar e atingir n\u00edveis cr\u00edticos entre 20-10%.\u00a0\u00a0<\/span><\/p>\n<p><span data-uw-styling-context=\"true\">Estimativa do Centro de Monitoramento do Tempo e do Clima (Cemtec) indica que o avan\u00e7o de uma frente fria oce\u00e2nica deve provocar rajadas de vento nas regi\u00f5es sudoeste, oeste e leste. Consequentemente, essas regi\u00f5es ter\u00e3o um leve refresco nas temperaturas m\u00e1ximas.\u00a0<\/span><\/p>\n<p><span data-uw-styling-context=\"true\">Em Corumb\u00e1 os term\u00f4metros registram temperatura de 21\u00b0C. A umidade relativa do ar est\u00e1 em 69% e pode registrar m\u00ednima de 14% no decorrer do dia. A temperatura m\u00e1xima prevista para hoje \u00e9 de 38 graus Celsius.<\/span><\/p>\n","protected":false},"excerpt":{"rendered":"<p>Para dar as boas vindas a primavera,\u00a0que come\u00e7a oficialmente \u00e0s 16h21 desta quarta-feira (22),\u00a0o sol&#8230;<\/p>\n","protected":false},"author":6,"featured_media":0,"comment_status":"closed","ping_status":"closed","sticky":false,"template":"","format":"standard","meta":{"footnotes":""},"categories":[17],"tags":[],"class_list":["post-11718456","post","type-post","status-publish","format-standard","hentry","category-meio-ambiente"],"_links":{"self":[{"href":"https:\/\/www.corumbaonline.com.br\/news\/wp-json\/wp\/v2\/posts\/11718456","targetHints":{"allow":["GET"]}}],"collection":[{"href":"https:\/\/www.corumbaonline.com.br\/news\/wp-json\/wp\/v2\/posts"}],"about":[{"href":"https:\/\/www.corumbaonline.com.br\/news\/wp-json\/wp\/v2\/types\/post"}],"author":[{"embeddable":true,"href":"https:\/\/www.corumbaonline.com.br\/news\/wp-json\/wp\/v2\/users\/6"}],"replies":[{"embeddable":true,"href":"https:\/\/www.corumbaonline.com.br\/news\/wp-json\/wp\/v2\/comments?post=11718456"}],"version-history":[{"count":1,"href":"https:\/\/www.corumbaonline.com.br\/news\/wp-json\/wp\/v2\/posts\/11718456\/revisions"}],"predecessor-version":[{"id":11718458,"href":"https:\/\/www.corumbaonline.com.br\/news\/wp-json\/wp\/v2\/posts\/11718456\/revisions\/11718458"}],"wp:attachment":[{"href":"https:\/\/www.corumbaonline.com.br\/news\/wp-json\/wp\/v2\/media?parent=11718456"}],"wp:term":[{"taxonomy":"category","embeddable":true,"href":"https:\/\/www.corumbaonline.com.br\/news\/wp-json\/wp\/v2\/categories?post=11718456"},{"taxonomy":"post_tag","embeddable":true,"href":"https:\/\/www.corumbaonline.com.br\/news\/wp-json\/wp\/v2\/tags?post=11718456"}],"curies":[{"name":"wp","href":"https:\/\/api.w.org\/{rel}","templated":true}]}}