{"id":11718470,"date":"2021-09-22T08:57:00","date_gmt":"2021-09-22T12:57:00","guid":{"rendered":"http:\/\/www.corumbaonline.com.br\/news\/?p=11718470"},"modified":"2021-09-22T09:07:09","modified_gmt":"2021-09-22T13:07:09","slug":"combate-aos-incendios-no-pantanal-mobiliza-510-homens-e-seis-aeronaves-incidencia-de-focos-e-menor-em-tres-anos-criticos","status":"publish","type":"post","link":"https:\/\/www.corumbaonline.com.br\/news\/combate-aos-incendios-no-pantanal-mobiliza-510-homens-e-seis-aeronaves-incidencia-de-focos-e-menor-em-tres-anos-criticos\/","title":{"rendered":"Combate aos inc\u00eandios no Pantanal mobiliza 510 homens e seis aeronaves: incid\u00eancia de focos \u00e9 menor em tr\u00eas anos cr\u00edticos"},"content":{"rendered":"<p data-uw-styling-context=\"true\">Desde 1\u00ba de junho o Corpo de Bombeiros de Mato Grosso do Sul realiza uma das maiores for\u00e7as-tarefas de combate e preven\u00e7\u00e3o aos inc\u00eandios florestais no Pantanal, por meio da Opera\u00e7\u00e3o Hefesto, que nesta ter\u00e7a-feira (21) completou 81 dias. Foram empregados 510 homens e 88 viaturas, seis aeronaves (Air Tractors e helic\u00f3pteros), com apoio da Marinha, Ex\u00e9rcito, Imasul, Defesa Civil, policias civil e ambiental e prefeituras.<\/p>\n<p data-uw-styling-context=\"true\">A opera\u00e7\u00e3o \u00e9 coordenada a partir de Corumb\u00e1, munic\u00edpio pantaneiro com maior n\u00famero de focos de calor todos os anos. Al\u00e9m do cen\u00e1rio cr\u00edtico, com seca mais intensa do que em anos anteriores devido a crise h\u00eddrica, Corumb\u00e1 concentra a maioria dos inc\u00eandios em raz\u00e3o de sua extens\u00e3o territorial (64 mil km\u00b2), sendo o 11\u00ba maior munic\u00edpio do Brasil. A principal base operacional de preven\u00e7\u00e3o e combate aos focos foi instalada nesta cidade.<\/p>\n<p data-uw-styling-context=\"true\">\u201cEstamos combatendo os inc\u00eandios florestais com muito recurso operacional, contudo a situa\u00e7\u00e3o \u00e9 cr\u00edtica por v\u00e1rios fatores: seca prolongada e intensa, crise h\u00eddrica severa e uma geada no meio do ano, que secou ainda mais a vegeta\u00e7\u00e3o. Mesmo nestas condi\u00e7\u00f5es extremas, estamos controlando os inc\u00eandios, os quais s\u00e3o em n\u00famero menor do que nos dois \u00faltimos anos\u201d, informou o coronel Hugo Djan Leite, comandante-geral do Corpo de Bombeiros.<\/p>\n<p><strong data-uw-styling-context=\"true\">Combate a\u00e9reo ter\u00e1 900h\/voo<\/strong><\/p>\n<p><a href=\"http:\/\/www.ms.gov.br\/wp-content\/uploads\/sites\/150\/2021\/09\/Combate-a%C3%A9rea-a-inc%C3%AAndio.jpg\"><img loading=\"lazy\" decoding=\"async\" class=\"alignnone wp-image-370713 size-large\" src=\"http:\/\/www.ms.gov.br\/wp-content\/uploads\/sites\/150\/2021\/09\/Combate-a%C3%A9rea-a-inc%C3%AAndio-1024x472.jpg\" sizes=\"auto, (max-width: 1024px) 100vw, 1024px\" srcset=\"http:\/\/www.ms.gov.br\/wp-content\/uploads\/sites\/150\/2021\/09\/Combate-a\u00e9rea-a-inc\u00eandio-1024x472.jpg 1024w, http:\/\/www.ms.gov.br\/wp-content\/uploads\/sites\/150\/2021\/09\/Combate-a\u00e9rea-a-inc\u00eandio-300x138.jpg 300w, http:\/\/www.ms.gov.br\/wp-content\/uploads\/sites\/150\/2021\/09\/Combate-a\u00e9rea-a-inc\u00eandio-768x354.jpg 768w, http:\/\/www.ms.gov.br\/wp-content\/uploads\/sites\/150\/2021\/09\/Combate-a\u00e9rea-a-inc\u00eandio-350x161.jpg 350w, http:\/\/www.ms.gov.br\/wp-content\/uploads\/sites\/150\/2021\/09\/Combate-a\u00e9rea-a-inc\u00eandio.jpg 1160w\" alt=\"\" width=\"1024\" height=\"472\" \/><\/a><\/p>\n<p data-uw-styling-context=\"true\">Relat\u00f3rio divulgado nesta ter\u00e7a-feira pela corpora\u00e7\u00e3o aponta que o n\u00famero de focos de calor de janeiro a setembro de 2021 (3.150) \u00e9 menor do que em 2019 (-30,89%) e em 2020 (-42,64%), no mesmo per\u00edodo, apesar das condi\u00e7\u00f5es clim\u00e1ticas terem se agravado. Em rela\u00e7\u00e3o a \u00e1rea queimada, a extens\u00e3o destru\u00edda at\u00e9 o momento (778 mil hectares) tamb\u00e9m \u00e9 inferior a 2019 (801 mil hectares) e 2020 (956 mil hectares) \u2013 0,60% e 16,69%, respectivamente.<\/p>\n<p data-uw-styling-context=\"true\">O comandante do CBMS ressaltou, ainda, que outra situa\u00e7\u00e3o adversa s\u00e3o as fortes rajadas de vento, que favorecem a propaga\u00e7\u00e3o dos focos de calor. Contudo, explicou que o Governo do Estado investiu na estrutura\u00e7\u00e3o da corpora\u00e7\u00e3o, contratou 500 horas\/voo, para operacionalizar o combate a\u00e9reo, e todo o efetivo dos bombeiros e equipamentos est\u00e3o na linha de frente. \u201cA Defesa Civil acaba de viabilizar a contrata\u00e7\u00e3o de mais 900 horas\/voo\u201d, adiantou.<\/p>\n<div id=\"gallery-1\" class=\"gallery galleryid-370710 gallery-columns-3 gallery-size-medium\">\n<figure class=\"gallery-item\">\n<div class=\"gallery-icon landscape\"><a href=\"http:\/\/www.ms.gov.br\/combate-aos-incendios-no-pantanal-mobilizam-510-homens-e-seis-aeronaves-incidencia-de-focos-e-menor-em-tres-anos-criticos\/combate-a-incendio5\/\"><img loading=\"lazy\" decoding=\"async\" class=\"attachment-medium size-medium\" src=\"http:\/\/www.ms.gov.br\/wp-content\/uploads\/sites\/150\/2021\/09\/Combate-a-inc%C3%AAndio5-300x169.jpg\" sizes=\"auto, (max-width: 300px) 100vw, 300px\" srcset=\"http:\/\/www.ms.gov.br\/wp-content\/uploads\/sites\/150\/2021\/09\/Combate-a-inc\u00eandio5-300x169.jpg 300w, http:\/\/www.ms.gov.br\/wp-content\/uploads\/sites\/150\/2021\/09\/Combate-a-inc\u00eandio5-768x432.jpg 768w, http:\/\/www.ms.gov.br\/wp-content\/uploads\/sites\/150\/2021\/09\/Combate-a-inc\u00eandio5.jpg 1024w, http:\/\/www.ms.gov.br\/wp-content\/uploads\/sites\/150\/2021\/09\/Combate-a-inc\u00eandio5-350x197.jpg 350w\" alt=\"\" width=\"300\" height=\"169\" \/><\/a><\/div>\n<\/figure>\n<figure class=\"gallery-item\">\n<div class=\"gallery-icon landscape\"><a href=\"http:\/\/www.ms.gov.br\/combate-aos-incendios-no-pantanal-mobilizam-510-homens-e-seis-aeronaves-incidencia-de-focos-e-menor-em-tres-anos-criticos\/combate-a-incendio3\/\"><img loading=\"lazy\" decoding=\"async\" class=\"attachment-medium size-medium\" src=\"http:\/\/www.ms.gov.br\/wp-content\/uploads\/sites\/150\/2021\/09\/Combate-a-inc%C3%AAndio3-300x151.jpg\" sizes=\"auto, (max-width: 300px) 100vw, 300px\" srcset=\"http:\/\/www.ms.gov.br\/wp-content\/uploads\/sites\/150\/2021\/09\/Combate-a-inc\u00eandio3-300x151.jpg 300w, http:\/\/www.ms.gov.br\/wp-content\/uploads\/sites\/150\/2021\/09\/Combate-a-inc\u00eandio3-768x387.jpg 768w, http:\/\/www.ms.gov.br\/wp-content\/uploads\/sites\/150\/2021\/09\/Combate-a-inc\u00eandio3.jpg 1024w, http:\/\/www.ms.gov.br\/wp-content\/uploads\/sites\/150\/2021\/09\/Combate-a-inc\u00eandio3-350x176.jpg 350w\" alt=\"\" width=\"300\" height=\"151\" \/><\/a><\/div>\n<\/figure>\n<figure class=\"gallery-item\">\n<div class=\"gallery-icon landscape\"><a href=\"http:\/\/www.ms.gov.br\/combate-aos-incendios-no-pantanal-mobilizam-510-homens-e-seis-aeronaves-incidencia-de-focos-e-menor-em-tres-anos-criticos\/combate-a-incendio4\/\"><img loading=\"lazy\" decoding=\"async\" class=\"attachment-medium size-medium\" src=\"http:\/\/www.ms.gov.br\/wp-content\/uploads\/sites\/150\/2021\/09\/combate-a-inc%C3%AAndio4-300x169.jpg\" sizes=\"auto, (max-width: 300px) 100vw, 300px\" srcset=\"http:\/\/www.ms.gov.br\/wp-content\/uploads\/sites\/150\/2021\/09\/combate-a-inc\u00eandio4-300x169.jpg 300w, http:\/\/www.ms.gov.br\/wp-content\/uploads\/sites\/150\/2021\/09\/combate-a-inc\u00eandio4-768x432.jpg 768w, http:\/\/www.ms.gov.br\/wp-content\/uploads\/sites\/150\/2021\/09\/combate-a-inc\u00eandio4-1024x576.jpg 1024w, http:\/\/www.ms.gov.br\/wp-content\/uploads\/sites\/150\/2021\/09\/combate-a-inc\u00eandio4-350x197.jpg 350w, http:\/\/www.ms.gov.br\/wp-content\/uploads\/sites\/150\/2021\/09\/combate-a-inc\u00eandio4.jpg 1280w\" alt=\"\" width=\"300\" height=\"169\" \/><\/a><\/div>\n<\/figure>\n<\/div>\n<p data-uw-styling-context=\"true\">A propaga\u00e7\u00e3o do fogo se intensificou nos \u00faltimos dias, em v\u00e1rias regi\u00f5es do Pantanal. Na regi\u00e3o do Jatobazinho, norte de Corumb\u00e1, o combate est\u00e1 sendo realizado por uma equipe de 19 bombeiros. O maior efetivo encontra-se na sub-regi\u00e3o do Nabileque (sul de Corumb\u00e1), com 35 militares atuando intensamente para controlar os focos nas fazendas Santa Luzia e Pensamento. Trinta bombeiros combatem inc\u00eandio na Fazenda Santa Eulina, no Paiagu\u00e1s.<\/p>\n","protected":false},"excerpt":{"rendered":"<p>Desde 1\u00ba de junho o Corpo de Bombeiros de Mato Grosso do Sul realiza uma&#8230;<\/p>\n","protected":false},"author":13,"featured_media":11718472,"comment_status":"closed","ping_status":"closed","sticky":false,"template":"","format":"standard","meta":{"footnotes":""},"categories":[8,17],"tags":[],"class_list":["post-11718470","post","type-post","status-publish","format-standard","has-post-thumbnail","hentry","category-destaque","category-meio-ambiente"],"_links":{"self":[{"href":"https:\/\/www.corumbaonline.com.br\/news\/wp-json\/wp\/v2\/posts\/11718470","targetHints":{"allow":["GET"]}}],"collection":[{"href":"https:\/\/www.corumbaonline.com.br\/news\/wp-json\/wp\/v2\/posts"}],"about":[{"href":"https:\/\/www.corumbaonline.com.br\/news\/wp-json\/wp\/v2\/types\/post"}],"author":[{"embeddable":true,"href":"https:\/\/www.corumbaonline.com.br\/news\/wp-json\/wp\/v2\/users\/13"}],"replies":[{"embeddable":true,"href":"https:\/\/www.corumbaonline.com.br\/news\/wp-json\/wp\/v2\/comments?post=11718470"}],"version-history":[{"count":1,"href":"https:\/\/www.corumbaonline.com.br\/news\/wp-json\/wp\/v2\/posts\/11718470\/revisions"}],"predecessor-version":[{"id":11718473,"href":"https:\/\/www.corumbaonline.com.br\/news\/wp-json\/wp\/v2\/posts\/11718470\/revisions\/11718473"}],"wp:featuredmedia":[{"embeddable":true,"href":"https:\/\/www.corumbaonline.com.br\/news\/wp-json\/wp\/v2\/media\/11718472"}],"wp:attachment":[{"href":"https:\/\/www.corumbaonline.com.br\/news\/wp-json\/wp\/v2\/media?parent=11718470"}],"wp:term":[{"taxonomy":"category","embeddable":true,"href":"https:\/\/www.corumbaonline.com.br\/news\/wp-json\/wp\/v2\/categories?post=11718470"},{"taxonomy":"post_tag","embeddable":true,"href":"https:\/\/www.corumbaonline.com.br\/news\/wp-json\/wp\/v2\/tags?post=11718470"}],"curies":[{"name":"wp","href":"https:\/\/api.w.org\/{rel}","templated":true}]}}