{"id":11718474,"date":"2021-09-21T16:00:00","date_gmt":"2021-09-21T20:00:00","guid":{"rendered":"http:\/\/www.corumbaonline.com.br\/news\/?p=11718474"},"modified":"2021-09-22T09:08:47","modified_gmt":"2021-09-22T13:08:47","slug":"aniversario-de-243-anos-de-corumba-e-celebrado-com-ato-no-jardim-da-independencia","status":"publish","type":"post","link":"https:\/\/www.corumbaonline.com.br\/news\/aniversario-de-243-anos-de-corumba-e-celebrado-com-ato-no-jardim-da-independencia\/","title":{"rendered":"Anivers\u00e1rio de 243 anos de Corumb\u00e1 \u00e9 celebrado com ato no Jardim da Independ\u00eancia"},"content":{"rendered":"<p>Os 243 anos de Corumb\u00e1 foram celebrados nesta ter\u00e7a-feira, 21 de setembro, com ato c\u00edvico-militar realizado pela Prefeitura no Jardim da Independ\u00eancia. A solenidade seguiu todos os protocolos de biosseguran\u00e7a contra a Covid-19 e reuniu autoridades civis e militares de Corumb\u00e1 e de Lad\u00e1rio.<\/p>\n<p>Al\u00e9m do hasteamento da bandeira do Brasil, houve a execu\u00e7\u00e3o do Hino de Corumb\u00e1, uma homenagem ao Marechal Ant\u00f4nio Maria Coelho, her\u00f3i nacional, e o tradicional \u201cparab\u00e9ns para voc\u00ea\u201d. As bandas militares do 6\u00ba Distrito Naval e da 18\u00aa Brigada de Infantaria de Fronteira se revezaram nas apresenta\u00e7\u00f5es.<\/p>\n<p>Alunos e professores da Rede Municipal de Ensino tamb\u00e9m prestigiaram o evento. Pelo segundo ano consecutivo, n\u00e3o h\u00e1 o tradicional desfile na avenida General Rondon ainda por causa do novo Coronav\u00edrus. Mas com o avan\u00e7o da imuniza\u00e7\u00e3o, a expectativa do prefeito Marcelo Iunes \u00e9 de que a normalidade seja reestabelecida na cidade em breve.<\/p>\n<p>\u201cHoje \u00e9 um dia de muita felicidade. Corumb\u00e1 completando 243 nos e com muita f\u00e9 em Deus, acredito que j\u00e1 estamos entrando na era da p\u00f3s de pandemia. Em breve voltaremos a normalidade, uma nova vida para todos n\u00f3s que infelizmente perdemos entes queridos, eu perdi um irm\u00e3o, e tamb\u00e9m perdemos um amigo, um vizinho, um colega de trabalho\u201d, afirmou o chefe do Executivo municipal.<\/p>\n<p>O prefeito destacou a batalha travada contra o v\u00edrus ao longo de todo o ano. \u201cFlexibilizamos quando tinha que flexibilizar, restringimos quando t\u00ednhamos que restringi, mas n\u00e3o fechamos o com\u00e9rcio. Conseguimos manter o com\u00e9rcio aberto, com dificuldade mas conseguimos. Foi dif\u00edcil um ano e meio muito dif\u00edcil, mas que evitamos muitas pessoas de perderem seus empregos. Tamb\u00e9m conseguimos investir dentro do hospital de Corumb\u00e1 e hoje n\u00f3s temos uma unidade hospitalar dez vezes mais estruturado que era antigamente\u201d, relembrou.<\/p>\n<p>A retomada das tradicionais festas tamb\u00e9m fizeram parte do discurso do prefeito Marcelo Iunes. \u201cGra\u00e7as a Deus acredito que n\u00f3s j\u00e1 estamos pr\u00f3ximos do p\u00f3s-pandemia e votaremos, principalmente ano que vem, a ter as nossas grandes festas que geram emprego, geram renda para o munic\u00edpio, aumenta a nossa economia\u201d, pontuou o prefeito, que refor\u00e7ou:<\/p>\n<p>\u201cHoje infelizmente n\u00e3o vamos ter a nossa querida quermesse, o nosso show nacional, o desfile das nossas crian\u00e7as, das escolas municipais, estaduais, particulares aqui do munic\u00edpio, um desfile onde temos mais de quinze, vinte mil pessoas e mais de cinco mil alunos e professores\u201d, completou Marcelo Iunes.<\/p>\n<p>O prefeito de Corumb\u00e1 ainda destacou os investimentos que ser\u00e3o aplicados na cidade ao longo deste ano e de 2022. \u201cConseguimos com muito planejamento uma gest\u00e3o transparente, uma gest\u00e3o voltada para o desenvolvimento de Corumb\u00e1. No \u00faltimo dia 17 a Prefeitura de Corumb\u00e1 presenteou a nossa querida Corumb\u00e1 com mais de 50 obras, obras em todos os setores da educa\u00e7\u00e3o, a reforma de v\u00e1rias escola, a constru\u00e7\u00e3o de uma escola modelo no n\u00edvel tr\u00eas l\u00e1 no padre no bairro constru\u00e7\u00e3o, reforma de postos de sa\u00fade, reforma e amplia\u00e7\u00e3o da nova sede da Assist\u00eancia Social. No esporte tamb\u00e9m faremos a reforma do Guatoz\u00e3o. E vamos investir pesado na infraestrutura, com galerias, asfalto, lajotamento e continuar fazendo que Corumb\u00e1 n\u00e3o pare de crescer, que continue nesse caminho do desenvolvimento, do progresso\u201d, finalizou o chefe do Executivo municipal.<\/p>\n<p>Representando o Legislativo municipal, o vereador Roberto Fa\u00e7anha tamb\u00e9m se mostrou otimistas com o fim da pandemia. \u201cEsperamos que a partir de agora o Covid-19 fique pra tr\u00e1s e que possamos retomar o nosso desenvolvimento, a nossa gera\u00e7\u00e3o de emprego, que possamos realmente relembrar as pessoas que se foram e que perdemos para essa terr\u00edvel doen\u00e7a\u201d, afirmou.<\/p>\n<p>\u201cN\u00f3s come\u00e7amos j\u00e1 participando no dia 17 de um grande evento onde o Prefeito Municipal de Corumb\u00e1, com apoio dos deputados estaduais da bancada federal, da C\u00e2mara de Vereadores, anunciou um pacote de obras de mais de cinquenta obras para o nosso munic\u00edpio que com certeza, al\u00e9m de gerar emprego e renda, vai melhorar a qualidade da nossa popula\u00e7\u00e3o. Parab\u00e9ns Corumb\u00e1, estamos feliz e somos feliz por viver nessa terra maravilhosa\u201d, concluiu o presidente da C\u00e2mara de Vereadores.<\/p>\n<p>Representando as For\u00e7as Armadas, o capit\u00e3o de Mar e Guerra Rodrigo Moussalle Bueno, chefe do Estado-Maior do Comando do 6\u00ba Distrito Naval, afirmou que \u201choje Corumb\u00e1 amanheceu coberta de felicidade e de orgulho. Mais uma comemora\u00e7\u00e3o de anivers\u00e1rio, mais um ano de vit\u00f3ria de todos, muito hospitaleiro e que traz na sua alma o sentimento de desenvolvimento preservando sobretudo sua natureza\u201d.<\/p>\n<p>\u201cA Marinha do Brasil, o Ex\u00e9rcito Brasileiro e a For\u00e7a A\u00e9rea est\u00e3o juntos e ombreando a sociedade corumbaense que sempre estar\u00e3o presentes para apoiar em tudo que for necess\u00e1rio, em tudo que esse maravilhoso povo exigir das For\u00e7as Armadas. Somos irm\u00e3os que presentes e agradecemos a defer\u00eancia, agradecemos ao senhor prefeito por nos convidar pra essa brilhante cerim\u00f4nia. Parab\u00e9ns Corumb\u00e1\u201d, finalizou o chefe do Estado-Maior.<\/p>\n<div id=\"gallery-1\" class=\"gallery galleryid-118597 gallery-columns-3 gallery-size-large\">\n<figure class=\"gallery-item\">\n<div class=\"gallery-icon landscape\"><a role=\"link\" href=\"https:\/\/www.corumba.ms.gov.br\/2021\/09\/aniversario-de-243-anos-de-corumba-e-celebrado-com-ato-no-jardim-da-independencia\/whatsapp-image-2021-09-21-at-12-57-48-1\/\"><img loading=\"lazy\" decoding=\"async\" class=\"attachment-large size-large\" src=\"https:\/\/www.corumba.ms.gov.br\/wp-content\/uploads\/2021\/09\/WhatsApp-Image-2021-09-21-at-12.57.48-1.jpeg\" sizes=\"auto, (max-width: 1024px) 100vw, 1024px\" srcset=\"https:\/\/www.corumba.ms.gov.br\/wp-content\/uploads\/2021\/09\/WhatsApp-Image-2021-09-21-at-12.57.48-1.jpeg 1024w, https:\/\/www.corumba.ms.gov.br\/wp-content\/uploads\/2021\/09\/WhatsApp-Image-2021-09-21-at-12.57.48-1-300x200.jpeg 300w, https:\/\/www.corumba.ms.gov.br\/wp-content\/uploads\/2021\/09\/WhatsApp-Image-2021-09-21-at-12.57.48-1-768x512.jpeg 768w\" alt=\"\" width=\"1024\" height=\"683\" aria-describedby=\"gallery-1-118600\" \/><\/a><\/div><figcaption id=\"gallery-1-118600\" class=\"wp-caption-text gallery-caption\">Fotos: Cl\u00f3vis Neto<\/figcaption><\/figure>\n<figure class=\"gallery-item\">\n<div class=\"gallery-icon landscape\"><a role=\"link\" href=\"https:\/\/www.corumba.ms.gov.br\/2021\/09\/aniversario-de-243-anos-de-corumba-e-celebrado-com-ato-no-jardim-da-independencia\/whatsapp-image-2021-09-21-at-12-57-48-2\/\"><img loading=\"lazy\" decoding=\"async\" class=\"attachment-large size-large\" src=\"https:\/\/www.corumba.ms.gov.br\/wp-content\/uploads\/2021\/09\/WhatsApp-Image-2021-09-21-at-12.57.48-2.jpeg\" sizes=\"auto, (max-width: 1024px) 100vw, 1024px\" srcset=\"https:\/\/www.corumba.ms.gov.br\/wp-content\/uploads\/2021\/09\/WhatsApp-Image-2021-09-21-at-12.57.48-2.jpeg 1024w, https:\/\/www.corumba.ms.gov.br\/wp-content\/uploads\/2021\/09\/WhatsApp-Image-2021-09-21-at-12.57.48-2-300x200.jpeg 300w, https:\/\/www.corumba.ms.gov.br\/wp-content\/uploads\/2021\/09\/WhatsApp-Image-2021-09-21-at-12.57.48-2-768x512.jpeg 768w\" alt=\"\" width=\"1024\" height=\"683\" \/><\/a><\/div>\n<\/figure>\n<figure class=\"gallery-item\">\n<div class=\"gallery-icon landscape\"><a role=\"link\" href=\"https:\/\/www.corumba.ms.gov.br\/2021\/09\/aniversario-de-243-anos-de-corumba-e-celebrado-com-ato-no-jardim-da-independencia\/whatsapp-image-2021-09-21-at-12-57-48\/\"><img loading=\"lazy\" decoding=\"async\" class=\"attachment-large size-large\" src=\"https:\/\/www.corumba.ms.gov.br\/wp-content\/uploads\/2021\/09\/WhatsApp-Image-2021-09-21-at-12.57.48.jpeg\" sizes=\"auto, (max-width: 1024px) 100vw, 1024px\" srcset=\"https:\/\/www.corumba.ms.gov.br\/wp-content\/uploads\/2021\/09\/WhatsApp-Image-2021-09-21-at-12.57.48.jpeg 1024w, https:\/\/www.corumba.ms.gov.br\/wp-content\/uploads\/2021\/09\/WhatsApp-Image-2021-09-21-at-12.57.48-300x200.jpeg 300w, https:\/\/www.corumba.ms.gov.br\/wp-content\/uploads\/2021\/09\/WhatsApp-Image-2021-09-21-at-12.57.48-768x512.jpeg 768w\" alt=\"\" width=\"1024\" height=\"683\" \/><\/a><\/div>\n<\/figure>\n<figure class=\"gallery-item\">\n<div class=\"gallery-icon landscape\"><a role=\"link\" href=\"https:\/\/www.corumba.ms.gov.br\/2021\/09\/aniversario-de-243-anos-de-corumba-e-celebrado-com-ato-no-jardim-da-independencia\/whatsapp-image-2021-09-21-at-12-57-49-2\/\"><img loading=\"lazy\" decoding=\"async\" class=\"attachment-large size-large\" src=\"https:\/\/www.corumba.ms.gov.br\/wp-content\/uploads\/2021\/09\/WhatsApp-Image-2021-09-21-at-12.57.49-2.jpeg\" sizes=\"auto, (max-width: 1024px) 100vw, 1024px\" srcset=\"https:\/\/www.corumba.ms.gov.br\/wp-content\/uploads\/2021\/09\/WhatsApp-Image-2021-09-21-at-12.57.49-2.jpeg 1024w, https:\/\/www.corumba.ms.gov.br\/wp-content\/uploads\/2021\/09\/WhatsApp-Image-2021-09-21-at-12.57.49-2-300x200.jpeg 300w, https:\/\/www.corumba.ms.gov.br\/wp-content\/uploads\/2021\/09\/WhatsApp-Image-2021-09-21-at-12.57.49-2-768x512.jpeg 768w\" alt=\"\" width=\"1024\" height=\"683\" \/><\/a><\/div>\n<\/figure>\n<figure class=\"gallery-item\">\n<div class=\"gallery-icon landscape\"><a role=\"link\" href=\"https:\/\/www.corumba.ms.gov.br\/2021\/09\/aniversario-de-243-anos-de-corumba-e-celebrado-com-ato-no-jardim-da-independencia\/whatsapp-image-2021-09-21-at-12-57-50-2\/\"><img loading=\"lazy\" decoding=\"async\" class=\"attachment-large size-large\" src=\"https:\/\/www.corumba.ms.gov.br\/wp-content\/uploads\/2021\/09\/WhatsApp-Image-2021-09-21-at-12.57.50-2.jpeg\" sizes=\"auto, (max-width: 1024px) 100vw, 1024px\" srcset=\"https:\/\/www.corumba.ms.gov.br\/wp-content\/uploads\/2021\/09\/WhatsApp-Image-2021-09-21-at-12.57.50-2.jpeg 1024w, https:\/\/www.corumba.ms.gov.br\/wp-content\/uploads\/2021\/09\/WhatsApp-Image-2021-09-21-at-12.57.50-2-300x200.jpeg 300w, https:\/\/www.corumba.ms.gov.br\/wp-content\/uploads\/2021\/09\/WhatsApp-Image-2021-09-21-at-12.57.50-2-768x512.jpeg 768w\" alt=\"\" width=\"1024\" height=\"683\" \/><\/a><\/div>\n<\/figure>\n<figure class=\"gallery-item\">\n<div class=\"gallery-icon landscape\"><a role=\"link\" href=\"https:\/\/www.corumba.ms.gov.br\/2021\/09\/aniversario-de-243-anos-de-corumba-e-celebrado-com-ato-no-jardim-da-independencia\/whatsapp-image-2021-09-21-at-12-57-50-3\/\"><img loading=\"lazy\" decoding=\"async\" class=\"attachment-large size-large\" src=\"https:\/\/www.corumba.ms.gov.br\/wp-content\/uploads\/2021\/09\/WhatsApp-Image-2021-09-21-at-12.57.50-3.jpeg\" sizes=\"auto, (max-width: 1024px) 100vw, 1024px\" srcset=\"https:\/\/www.corumba.ms.gov.br\/wp-content\/uploads\/2021\/09\/WhatsApp-Image-2021-09-21-at-12.57.50-3.jpeg 1024w, https:\/\/www.corumba.ms.gov.br\/wp-content\/uploads\/2021\/09\/WhatsApp-Image-2021-09-21-at-12.57.50-3-300x200.jpeg 300w, https:\/\/www.corumba.ms.gov.br\/wp-content\/uploads\/2021\/09\/WhatsApp-Image-2021-09-21-at-12.57.50-3-768x512.jpeg 768w\" alt=\"\" width=\"1024\" height=\"683\" \/><\/a><\/div>\n<\/figure>\n<figure class=\"gallery-item\">\n<div class=\"gallery-icon landscape\"><a role=\"link\" href=\"https:\/\/www.corumba.ms.gov.br\/2021\/09\/aniversario-de-243-anos-de-corumba-e-celebrado-com-ato-no-jardim-da-independencia\/whatsapp-image-2021-09-21-at-12-57-50-4\/\"><img loading=\"lazy\" decoding=\"async\" class=\"attachment-large size-large\" src=\"https:\/\/www.corumba.ms.gov.br\/wp-content\/uploads\/2021\/09\/WhatsApp-Image-2021-09-21-at-12.57.50-4.jpeg\" sizes=\"auto, (max-width: 1024px) 100vw, 1024px\" srcset=\"https:\/\/www.corumba.ms.gov.br\/wp-content\/uploads\/2021\/09\/WhatsApp-Image-2021-09-21-at-12.57.50-4.jpeg 1024w, https:\/\/www.corumba.ms.gov.br\/wp-content\/uploads\/2021\/09\/WhatsApp-Image-2021-09-21-at-12.57.50-4-300x200.jpeg 300w, https:\/\/www.corumba.ms.gov.br\/wp-content\/uploads\/2021\/09\/WhatsApp-Image-2021-09-21-at-12.57.50-4-768x512.jpeg 768w\" alt=\"\" width=\"1024\" height=\"683\" \/><\/a><\/div>\n<\/figure>\n<figure class=\"gallery-item\">\n<div class=\"gallery-icon landscape\"><a role=\"link\" href=\"https:\/\/www.corumba.ms.gov.br\/2021\/09\/aniversario-de-243-anos-de-corumba-e-celebrado-com-ato-no-jardim-da-independencia\/whatsapp-image-2021-09-21-at-12-57-50\/\"><img loading=\"lazy\" decoding=\"async\" class=\"attachment-large size-large\" src=\"https:\/\/www.corumba.ms.gov.br\/wp-content\/uploads\/2021\/09\/WhatsApp-Image-2021-09-21-at-12.57.50.jpeg\" sizes=\"auto, (max-width: 1024px) 100vw, 1024px\" srcset=\"https:\/\/www.corumba.ms.gov.br\/wp-content\/uploads\/2021\/09\/WhatsApp-Image-2021-09-21-at-12.57.50.jpeg 1024w, https:\/\/www.corumba.ms.gov.br\/wp-content\/uploads\/2021\/09\/WhatsApp-Image-2021-09-21-at-12.57.50-300x200.jpeg 300w, https:\/\/www.corumba.ms.gov.br\/wp-content\/uploads\/2021\/09\/WhatsApp-Image-2021-09-21-at-12.57.50-768x512.jpeg 768w\" alt=\"\" width=\"1024\" height=\"683\" \/><\/a><\/div>\n<\/figure>\n<figure class=\"gallery-item\">\n<div class=\"gallery-icon landscape\"><a role=\"link\" href=\"https:\/\/www.corumba.ms.gov.br\/2021\/09\/aniversario-de-243-anos-de-corumba-e-celebrado-com-ato-no-jardim-da-independencia\/whatsapp-image-2021-09-21-at-12-57-51-1\/\"><img loading=\"lazy\" decoding=\"async\" class=\"attachment-large size-large\" src=\"https:\/\/www.corumba.ms.gov.br\/wp-content\/uploads\/2021\/09\/WhatsApp-Image-2021-09-21-at-12.57.51-1.jpeg\" sizes=\"auto, (max-width: 1024px) 100vw, 1024px\" srcset=\"https:\/\/www.corumba.ms.gov.br\/wp-content\/uploads\/2021\/09\/WhatsApp-Image-2021-09-21-at-12.57.51-1.jpeg 1024w, https:\/\/www.corumba.ms.gov.br\/wp-content\/uploads\/2021\/09\/WhatsApp-Image-2021-09-21-at-12.57.51-1-300x200.jpeg 300w, https:\/\/www.corumba.ms.gov.br\/wp-content\/uploads\/2021\/09\/WhatsApp-Image-2021-09-21-at-12.57.51-1-768x512.jpeg 768w\" alt=\"\" width=\"1024\" height=\"683\" \/><\/a><\/div>\n<\/figure>\n<figure class=\"gallery-item\">\n<div class=\"gallery-icon landscape\"><a role=\"link\" href=\"https:\/\/www.corumba.ms.gov.br\/2021\/09\/aniversario-de-243-anos-de-corumba-e-celebrado-com-ato-no-jardim-da-independencia\/whatsapp-image-2021-09-21-at-12-57-51-2\/\"><img loading=\"lazy\" decoding=\"async\" class=\"attachment-large size-large\" src=\"https:\/\/www.corumba.ms.gov.br\/wp-content\/uploads\/2021\/09\/WhatsApp-Image-2021-09-21-at-12.57.51-2.jpeg\" sizes=\"auto, (max-width: 1024px) 100vw, 1024px\" srcset=\"https:\/\/www.corumba.ms.gov.br\/wp-content\/uploads\/2021\/09\/WhatsApp-Image-2021-09-21-at-12.57.51-2.jpeg 1024w, https:\/\/www.corumba.ms.gov.br\/wp-content\/uploads\/2021\/09\/WhatsApp-Image-2021-09-21-at-12.57.51-2-300x200.jpeg 300w, https:\/\/www.corumba.ms.gov.br\/wp-content\/uploads\/2021\/09\/WhatsApp-Image-2021-09-21-at-12.57.51-2-768x512.jpeg 768w\" alt=\"\" width=\"1024\" height=\"683\" \/><\/a><\/div>\n<\/figure>\n<figure class=\"gallery-item\">\n<div class=\"gallery-icon landscape\"><a role=\"link\" href=\"https:\/\/www.corumba.ms.gov.br\/2021\/09\/aniversario-de-243-anos-de-corumba-e-celebrado-com-ato-no-jardim-da-independencia\/whatsapp-image-2021-09-21-at-12-57-51\/\"><img loading=\"lazy\" decoding=\"async\" class=\"attachment-large size-large\" src=\"https:\/\/www.corumba.ms.gov.br\/wp-content\/uploads\/2021\/09\/WhatsApp-Image-2021-09-21-at-12.57.51.jpeg\" sizes=\"auto, (max-width: 1024px) 100vw, 1024px\" srcset=\"https:\/\/www.corumba.ms.gov.br\/wp-content\/uploads\/2021\/09\/WhatsApp-Image-2021-09-21-at-12.57.51.jpeg 1024w, https:\/\/www.corumba.ms.gov.br\/wp-content\/uploads\/2021\/09\/WhatsApp-Image-2021-09-21-at-12.57.51-300x200.jpeg 300w, https:\/\/www.corumba.ms.gov.br\/wp-content\/uploads\/2021\/09\/WhatsApp-Image-2021-09-21-at-12.57.51-768x512.jpeg 768w\" alt=\"\" width=\"1024\" height=\"683\" \/><\/a><\/div>\n<\/figure>\n<figure class=\"gallery-item\">\n<div class=\"gallery-icon landscape\"><a role=\"link\" href=\"https:\/\/www.corumba.ms.gov.br\/2021\/09\/aniversario-de-243-anos-de-corumba-e-celebrado-com-ato-no-jardim-da-independencia\/whatsapp-image-2021-09-21-at-12-57-52-1\/\"><img loading=\"lazy\" decoding=\"async\" class=\"attachment-large size-large\" src=\"https:\/\/www.corumba.ms.gov.br\/wp-content\/uploads\/2021\/09\/WhatsApp-Image-2021-09-21-at-12.57.52-1.jpeg\" sizes=\"auto, (max-width: 1024px) 100vw, 1024px\" srcset=\"https:\/\/www.corumba.ms.gov.br\/wp-content\/uploads\/2021\/09\/WhatsApp-Image-2021-09-21-at-12.57.52-1.jpeg 1024w, https:\/\/www.corumba.ms.gov.br\/wp-content\/uploads\/2021\/09\/WhatsApp-Image-2021-09-21-at-12.57.52-1-300x200.jpeg 300w, https:\/\/www.corumba.ms.gov.br\/wp-content\/uploads\/2021\/09\/WhatsApp-Image-2021-09-21-at-12.57.52-1-768x512.jpeg 768w\" alt=\"\" width=\"1024\" height=\"683\" \/><\/a><\/div>\n<\/figure>\n<figure class=\"gallery-item\">\n<div class=\"gallery-icon landscape\"><a role=\"link\" href=\"https:\/\/www.corumba.ms.gov.br\/2021\/09\/aniversario-de-243-anos-de-corumba-e-celebrado-com-ato-no-jardim-da-independencia\/whatsapp-image-2021-09-21-at-12-57-52-2\/\"><img loading=\"lazy\" decoding=\"async\" class=\"attachment-large size-large\" src=\"https:\/\/www.corumba.ms.gov.br\/wp-content\/uploads\/2021\/09\/WhatsApp-Image-2021-09-21-at-12.57.52-2.jpeg\" sizes=\"auto, (max-width: 1024px) 100vw, 1024px\" srcset=\"https:\/\/www.corumba.ms.gov.br\/wp-content\/uploads\/2021\/09\/WhatsApp-Image-2021-09-21-at-12.57.52-2.jpeg 1024w, https:\/\/www.corumba.ms.gov.br\/wp-content\/uploads\/2021\/09\/WhatsApp-Image-2021-09-21-at-12.57.52-2-300x200.jpeg 300w, https:\/\/www.corumba.ms.gov.br\/wp-content\/uploads\/2021\/09\/WhatsApp-Image-2021-09-21-at-12.57.52-2-768x512.jpeg 768w\" alt=\"\" width=\"1024\" height=\"683\" \/><\/a><\/div>\n<\/figure>\n<figure class=\"gallery-item\">\n<div class=\"gallery-icon landscape\"><a role=\"link\" href=\"https:\/\/www.corumba.ms.gov.br\/2021\/09\/aniversario-de-243-anos-de-corumba-e-celebrado-com-ato-no-jardim-da-independencia\/whatsapp-image-2021-09-21-at-12-57-52\/\"><img loading=\"lazy\" decoding=\"async\" class=\"attachment-large size-large\" src=\"https:\/\/www.corumba.ms.gov.br\/wp-content\/uploads\/2021\/09\/WhatsApp-Image-2021-09-21-at-12.57.52.jpeg\" sizes=\"auto, (max-width: 1024px) 100vw, 1024px\" srcset=\"https:\/\/www.corumba.ms.gov.br\/wp-content\/uploads\/2021\/09\/WhatsApp-Image-2021-09-21-at-12.57.52.jpeg 1024w, https:\/\/www.corumba.ms.gov.br\/wp-content\/uploads\/2021\/09\/WhatsApp-Image-2021-09-21-at-12.57.52-300x200.jpeg 300w, https:\/\/www.corumba.ms.gov.br\/wp-content\/uploads\/2021\/09\/WhatsApp-Image-2021-09-21-at-12.57.52-768x512.jpeg 768w\" alt=\"\" width=\"1024\" height=\"683\" \/><\/a><\/div>\n<\/figure>\n<figure class=\"gallery-item\">\n<div class=\"gallery-icon landscape\"><a role=\"link\" href=\"https:\/\/www.corumba.ms.gov.br\/2021\/09\/aniversario-de-243-anos-de-corumba-e-celebrado-com-ato-no-jardim-da-independencia\/whatsapp-image-2021-09-21-at-12-57-53-1\/\"><img loading=\"lazy\" decoding=\"async\" class=\"attachment-large size-large\" src=\"https:\/\/www.corumba.ms.gov.br\/wp-content\/uploads\/2021\/09\/WhatsApp-Image-2021-09-21-at-12.57.53-1.jpeg\" sizes=\"auto, (max-width: 1024px) 100vw, 1024px\" srcset=\"https:\/\/www.corumba.ms.gov.br\/wp-content\/uploads\/2021\/09\/WhatsApp-Image-2021-09-21-at-12.57.53-1.jpeg 1024w, https:\/\/www.corumba.ms.gov.br\/wp-content\/uploads\/2021\/09\/WhatsApp-Image-2021-09-21-at-12.57.53-1-300x200.jpeg 300w, https:\/\/www.corumba.ms.gov.br\/wp-content\/uploads\/2021\/09\/WhatsApp-Image-2021-09-21-at-12.57.53-1-768x512.jpeg 768w\" alt=\"\" width=\"1024\" height=\"683\" \/><\/a><\/div>\n<\/figure>\n<figure class=\"gallery-item\">\n<div class=\"gallery-icon landscape\"><a role=\"link\" href=\"https:\/\/www.corumba.ms.gov.br\/2021\/09\/aniversario-de-243-anos-de-corumba-e-celebrado-com-ato-no-jardim-da-independencia\/whatsapp-image-2021-09-21-at-12-57-53-2\/\"><img loading=\"lazy\" decoding=\"async\" class=\"attachment-large size-large\" src=\"https:\/\/www.corumba.ms.gov.br\/wp-content\/uploads\/2021\/09\/WhatsApp-Image-2021-09-21-at-12.57.53-2.jpeg\" sizes=\"auto, (max-width: 1024px) 100vw, 1024px\" srcset=\"https:\/\/www.corumba.ms.gov.br\/wp-content\/uploads\/2021\/09\/WhatsApp-Image-2021-09-21-at-12.57.53-2.jpeg 1024w, https:\/\/www.corumba.ms.gov.br\/wp-content\/uploads\/2021\/09\/WhatsApp-Image-2021-09-21-at-12.57.53-2-300x200.jpeg 300w, https:\/\/www.corumba.ms.gov.br\/wp-content\/uploads\/2021\/09\/WhatsApp-Image-2021-09-21-at-12.57.53-2-768x512.jpeg 768w\" alt=\"\" width=\"1024\" height=\"683\" \/><\/a><\/div>\n<\/figure>\n<figure class=\"gallery-item\">\n<div class=\"gallery-icon landscape\"><a role=\"link\" href=\"https:\/\/www.corumba.ms.gov.br\/2021\/09\/aniversario-de-243-anos-de-corumba-e-celebrado-com-ato-no-jardim-da-independencia\/whatsapp-image-2021-09-21-at-12-57-53-3\/\"><img loading=\"lazy\" decoding=\"async\" class=\"attachment-large size-large\" src=\"https:\/\/www.corumba.ms.gov.br\/wp-content\/uploads\/2021\/09\/WhatsApp-Image-2021-09-21-at-12.57.53-3.jpeg\" sizes=\"auto, (max-width: 1024px) 100vw, 1024px\" srcset=\"https:\/\/www.corumba.ms.gov.br\/wp-content\/uploads\/2021\/09\/WhatsApp-Image-2021-09-21-at-12.57.53-3.jpeg 1024w, https:\/\/www.corumba.ms.gov.br\/wp-content\/uploads\/2021\/09\/WhatsApp-Image-2021-09-21-at-12.57.53-3-300x246.jpeg 300w, https:\/\/www.corumba.ms.gov.br\/wp-content\/uploads\/2021\/09\/WhatsApp-Image-2021-09-21-at-12.57.53-3-768x630.jpeg 768w\" alt=\"\" width=\"1024\" height=\"840\" \/><\/a><\/div>\n<\/figure>\n<figure class=\"gallery-item\">\n<div class=\"gallery-icon landscape\"><a role=\"link\" href=\"https:\/\/www.corumba.ms.gov.br\/2021\/09\/aniversario-de-243-anos-de-corumba-e-celebrado-com-ato-no-jardim-da-independencia\/whatsapp-image-2021-09-21-at-12-57-53\/\"><img loading=\"lazy\" decoding=\"async\" class=\"attachment-large size-large\" src=\"https:\/\/www.corumba.ms.gov.br\/wp-content\/uploads\/2021\/09\/WhatsApp-Image-2021-09-21-at-12.57.53.jpeg\" sizes=\"auto, (max-width: 1024px) 100vw, 1024px\" srcset=\"https:\/\/www.corumba.ms.gov.br\/wp-content\/uploads\/2021\/09\/WhatsApp-Image-2021-09-21-at-12.57.53.jpeg 1024w, https:\/\/www.corumba.ms.gov.br\/wp-content\/uploads\/2021\/09\/WhatsApp-Image-2021-09-21-at-12.57.53-300x200.jpeg 300w, https:\/\/www.corumba.ms.gov.br\/wp-content\/uploads\/2021\/09\/WhatsApp-Image-2021-09-21-at-12.57.53-768x512.jpeg 768w\" alt=\"\" width=\"1024\" height=\"683\" \/><\/a><\/div>\n<\/figure>\n<figure class=\"gallery-item\">\n<div class=\"gallery-icon landscape\"><a role=\"link\" href=\"https:\/\/www.corumba.ms.gov.br\/2021\/09\/aniversario-de-243-anos-de-corumba-e-celebrado-com-ato-no-jardim-da-independencia\/whatsapp-image-2021-09-21-at-12-57-54-1\/\"><img loading=\"lazy\" decoding=\"async\" class=\"attachment-large size-large\" src=\"https:\/\/www.corumba.ms.gov.br\/wp-content\/uploads\/2021\/09\/WhatsApp-Image-2021-09-21-at-12.57.54-1.jpeg\" sizes=\"auto, (max-width: 1024px) 100vw, 1024px\" srcset=\"https:\/\/www.corumba.ms.gov.br\/wp-content\/uploads\/2021\/09\/WhatsApp-Image-2021-09-21-at-12.57.54-1.jpeg 1024w, https:\/\/www.corumba.ms.gov.br\/wp-content\/uploads\/2021\/09\/WhatsApp-Image-2021-09-21-at-12.57.54-1-300x200.jpeg 300w, https:\/\/www.corumba.ms.gov.br\/wp-content\/uploads\/2021\/09\/WhatsApp-Image-2021-09-21-at-12.57.54-1-768x512.jpeg 768w\" alt=\"\" width=\"1024\" height=\"683\" \/><\/a><\/div>\n<\/figure>\n<figure class=\"gallery-item\">\n<div class=\"gallery-icon landscape\"><a role=\"link\" href=\"https:\/\/www.corumba.ms.gov.br\/2021\/09\/aniversario-de-243-anos-de-corumba-e-celebrado-com-ato-no-jardim-da-independencia\/whatsapp-image-2021-09-21-at-12-57-54\/\"><img loading=\"lazy\" decoding=\"async\" class=\"attachment-large size-large\" src=\"https:\/\/www.corumba.ms.gov.br\/wp-content\/uploads\/2021\/09\/WhatsApp-Image-2021-09-21-at-12.57.54.jpeg\" sizes=\"auto, (max-width: 1024px) 100vw, 1024px\" srcset=\"https:\/\/www.corumba.ms.gov.br\/wp-content\/uploads\/2021\/09\/WhatsApp-Image-2021-09-21-at-12.57.54.jpeg 1024w, https:\/\/www.corumba.ms.gov.br\/wp-content\/uploads\/2021\/09\/WhatsApp-Image-2021-09-21-at-12.57.54-300x200.jpeg 300w, https:\/\/www.corumba.ms.gov.br\/wp-content\/uploads\/2021\/09\/WhatsApp-Image-2021-09-21-at-12.57.54-768x512.jpeg 768w\" alt=\"\" width=\"1024\" height=\"683\" \/><\/a><\/div>\n<\/figure>\n<\/div>\n","protected":false},"excerpt":{"rendered":"<p>Os 243 anos de Corumb\u00e1 foram celebrados nesta ter\u00e7a-feira, 21 de setembro, com ato c\u00edvico-militar&#8230;<\/p>\n","protected":false},"author":70,"featured_media":11718475,"comment_status":"closed","ping_status":"closed","sticky":false,"template":"","format":"standard","meta":{"footnotes":""},"categories":[122,8],"tags":[],"class_list":["post-11718474","post","type-post","status-publish","format-standard","has-post-thumbnail","hentry","category-243-anos","category-destaque"],"_links":{"self":[{"href":"https:\/\/www.corumbaonline.com.br\/news\/wp-json\/wp\/v2\/posts\/11718474","targetHints":{"allow":["GET"]}}],"collection":[{"href":"https:\/\/www.corumbaonline.com.br\/news\/wp-json\/wp\/v2\/posts"}],"about":[{"href":"https:\/\/www.corumbaonline.com.br\/news\/wp-json\/wp\/v2\/types\/post"}],"author":[{"embeddable":true,"href":"https:\/\/www.corumbaonline.com.br\/news\/wp-json\/wp\/v2\/users\/70"}],"replies":[{"embeddable":true,"href":"https:\/\/www.corumbaonline.com.br\/news\/wp-json\/wp\/v2\/comments?post=11718474"}],"version-history":[{"count":1,"href":"https:\/\/www.corumbaonline.com.br\/news\/wp-json\/wp\/v2\/posts\/11718474\/revisions"}],"predecessor-version":[{"id":11718476,"href":"https:\/\/www.corumbaonline.com.br\/news\/wp-json\/wp\/v2\/posts\/11718474\/revisions\/11718476"}],"wp:featuredmedia":[{"embeddable":true,"href":"https:\/\/www.corumbaonline.com.br\/news\/wp-json\/wp\/v2\/media\/11718475"}],"wp:attachment":[{"href":"https:\/\/www.corumbaonline.com.br\/news\/wp-json\/wp\/v2\/media?parent=11718474"}],"wp:term":[{"taxonomy":"category","embeddable":true,"href":"https:\/\/www.corumbaonline.com.br\/news\/wp-json\/wp\/v2\/categories?post=11718474"},{"taxonomy":"post_tag","embeddable":true,"href":"https:\/\/www.corumbaonline.com.br\/news\/wp-json\/wp\/v2\/tags?post=11718474"}],"curies":[{"name":"wp","href":"https:\/\/api.w.org\/{rel}","templated":true}]}}