{"id":11718478,"date":"2021-09-21T16:30:00","date_gmt":"2021-09-21T20:30:00","guid":{"rendered":"http:\/\/www.corumbaonline.com.br\/news\/?p=11718478"},"modified":"2021-09-22T09:12:08","modified_gmt":"2021-09-22T13:12:08","slug":"243-anos-de-corumba-avenida-ganha-novas-palmeiras-e-porto-geral-placa-com-aves-da-regiao","status":"publish","type":"post","link":"https:\/\/www.corumbaonline.com.br\/news\/243-anos-de-corumba-avenida-ganha-novas-palmeiras-e-porto-geral-placa-com-aves-da-regiao\/","title":{"rendered":"243 anos de Corumb\u00e1: avenida ganha novas palmeiras e Porto Geral placa com aves da regi\u00e3o"},"content":{"rendered":"<p>Integrando as celebra\u00e7\u00f5es pelos 243 anos de Corumb\u00e1, o prefeito Marcelo Iunes fez nesta ter\u00e7a-feira, 21 de setembro, o plantio simb\u00f3lico de uma palmeira na avenida General Rondon. Ao todo a Prefeitura, por meio da Funda\u00e7\u00e3o do Meio Ambiente do Pantanal, plantou 40 novas \u00e1rvores que comp\u00f5em e belo cen\u00e1rio da regi\u00e3o.<\/p>\n<p>\u201cEssas palmeiras fazem parte da nossa hist\u00f3ria, da nossa cultura, da nossa tradi\u00e7\u00e3o. \u00c9 nosso dever garantir que as pr\u00f3ximas gera\u00e7\u00f5es possam contemplar toda essa beleza. E por isso pedimos aos mun\u00edcipes que nos ajudem a conservar esse patrim\u00f4nio de todos n\u00f3s corumbaenses\u201d, afirmou o prefeito Marcelo Iunes.<\/p>\n<figure id=\"attachment_118635\" class=\"wp-caption aligncenter\" aria-describedby=\"caption-attachment-118635\"><img loading=\"lazy\" decoding=\"async\" class=\"wp-image-118635 size-full\" src=\"https:\/\/www.corumba.ms.gov.br\/wp-content\/uploads\/2021\/09\/WhatsApp-Image-2021-09-21-at-13.40.21.jpeg\" sizes=\"auto, (max-width: 1024px) 100vw, 1024px\" srcset=\"https:\/\/www.corumba.ms.gov.br\/wp-content\/uploads\/2021\/09\/WhatsApp-Image-2021-09-21-at-13.40.21.jpeg 1024w, https:\/\/www.corumba.ms.gov.br\/wp-content\/uploads\/2021\/09\/WhatsApp-Image-2021-09-21-at-13.40.21-300x200.jpeg 300w, https:\/\/www.corumba.ms.gov.br\/wp-content\/uploads\/2021\/09\/WhatsApp-Image-2021-09-21-at-13.40.21-768x512.jpeg 768w\" alt=\"Fotos: Cl\u00f3vis Neto\" width=\"1024\" height=\"683\" \/><figcaption id=\"caption-attachment-118635\" class=\"wp-caption-text\">Fotos: Cl\u00f3vis Neto<\/figcaption><\/figure>\n<p>J\u00e1 no Porto Geral, foi inaugurada a primeira das quatro placas que v\u00e3o mostrar os p\u00e1ssaros da regi\u00e3o pantaneira. O projeto com a observa\u00e7\u00e3o de aves em Corumb\u00e1 tem o objetivo de despertar nossa popula\u00e7\u00e3o para a nossa fauna, t\u00e3o exuberante e presente no nosso dia a dia. O passarinhar promove o bem-estar e a sensibilidade das pessoas com o meio ambiente, uma vez que, quem passarinha n\u00e3o descarta seu lixo de forma irregular porque prejudica a fauna e seu ambiente naturais, quem passarinha sempre valoriza o verde.<\/p>\n<p>No final de semana do dia 10 a 12 de setembro, a Prefeitura de Corumb\u00e1, por meio da Funda\u00e7\u00e3o de Meio Ambiente, realizou um curso ministrado pela Simone Mamede e Maristela Benites, do Instituto Mamede, com o intuito de formar multiplicadores. Pessoas capacitadas para compartilhar conhecimentos, conduzir turistas e expor a todos a beleza e a diversidade do nosso Pantanal de Corumb\u00e1.<\/p>\n<p>\u201cO alcance desse projeto \u00e9 mundial, uma vez que pessoas do mundo todo viajam para conhecer o nosso pantanal e hoje nosso munic\u00edpio se prepara para atender esse p\u00fablico t\u00e3o bem-vindo que s\u00e3o os apaixonados por natureza. Esperamos hoje estar semeando em cada pessoa que passar por aqui, um sentimento de orgulho e um novo olhar para o nosso Pantanal. Vem passarinha, Corumb\u00e1\u201d, afirmou a diretora-presidente da Funda\u00e7\u00e3o de Meio Ambiente, Ana Cl\u00e1udia Boabaid.<\/p>\n<div id=\"gallery-1\" class=\"gallery galleryid-118621 gallery-columns-3 gallery-size-large\">\n<figure class=\"gallery-item\">\n<div class=\"gallery-icon landscape\"><a role=\"link\" href=\"https:\/\/www.corumba.ms.gov.br\/2021\/09\/243-anos-de-corumba-avenida-ganha-novas-palmeiras-e-porto-geral-placa-com-aves-da-regiao\/whatsapp-image-2021-09-21-at-13-39-49\/\"><img loading=\"lazy\" decoding=\"async\" class=\"attachment-large size-large\" src=\"https:\/\/www.corumba.ms.gov.br\/wp-content\/uploads\/2021\/09\/WhatsApp-Image-2021-09-21-at-13.39.49.jpeg\" sizes=\"auto, (max-width: 1024px) 100vw, 1024px\" srcset=\"https:\/\/www.corumba.ms.gov.br\/wp-content\/uploads\/2021\/09\/WhatsApp-Image-2021-09-21-at-13.39.49.jpeg 1024w, https:\/\/www.corumba.ms.gov.br\/wp-content\/uploads\/2021\/09\/WhatsApp-Image-2021-09-21-at-13.39.49-300x200.jpeg 300w, https:\/\/www.corumba.ms.gov.br\/wp-content\/uploads\/2021\/09\/WhatsApp-Image-2021-09-21-at-13.39.49-768x512.jpeg 768w\" alt=\"Fotos:Cl\u00f3vis Neto\" width=\"1024\" height=\"683\" aria-describedby=\"gallery-1-118625\" \/><\/a><\/div><figcaption id=\"gallery-1-118625\" class=\"wp-caption-text gallery-caption\">Fotos:Cl\u00f3vis Neto<\/figcaption><\/figure>\n<figure class=\"gallery-item\">\n<div class=\"gallery-icon landscape\"><a role=\"link\" href=\"https:\/\/www.corumba.ms.gov.br\/2021\/09\/243-anos-de-corumba-avenida-ganha-novas-palmeiras-e-porto-geral-placa-com-aves-da-regiao\/whatsapp-image-2021-09-21-at-13-39-50-2\/\"><img loading=\"lazy\" decoding=\"async\" class=\"attachment-large size-large\" src=\"https:\/\/www.corumba.ms.gov.br\/wp-content\/uploads\/2021\/09\/WhatsApp-Image-2021-09-21-at-13.39.50-1.jpeg\" sizes=\"auto, (max-width: 1024px) 100vw, 1024px\" srcset=\"https:\/\/www.corumba.ms.gov.br\/wp-content\/uploads\/2021\/09\/WhatsApp-Image-2021-09-21-at-13.39.50-1.jpeg 1024w, https:\/\/www.corumba.ms.gov.br\/wp-content\/uploads\/2021\/09\/WhatsApp-Image-2021-09-21-at-13.39.50-1-300x200.jpeg 300w, https:\/\/www.corumba.ms.gov.br\/wp-content\/uploads\/2021\/09\/WhatsApp-Image-2021-09-21-at-13.39.50-1-768x512.jpeg 768w\" alt=\"\" width=\"1024\" height=\"683\" \/><\/a><\/div>\n<\/figure>\n<figure class=\"gallery-item\">\n<div class=\"gallery-icon landscape\"><a role=\"link\" href=\"https:\/\/www.corumba.ms.gov.br\/2021\/09\/243-anos-de-corumba-avenida-ganha-novas-palmeiras-e-porto-geral-placa-com-aves-da-regiao\/whatsapp-image-2021-09-21-at-13-39-51\/\"><img loading=\"lazy\" decoding=\"async\" class=\"attachment-large size-large\" src=\"https:\/\/www.corumba.ms.gov.br\/wp-content\/uploads\/2021\/09\/WhatsApp-Image-2021-09-21-at-13.39.51.jpeg\" sizes=\"auto, (max-width: 1024px) 100vw, 1024px\" srcset=\"https:\/\/www.corumba.ms.gov.br\/wp-content\/uploads\/2021\/09\/WhatsApp-Image-2021-09-21-at-13.39.51.jpeg 1024w, https:\/\/www.corumba.ms.gov.br\/wp-content\/uploads\/2021\/09\/WhatsApp-Image-2021-09-21-at-13.39.51-300x200.jpeg 300w, https:\/\/www.corumba.ms.gov.br\/wp-content\/uploads\/2021\/09\/WhatsApp-Image-2021-09-21-at-13.39.51-768x512.jpeg 768w\" alt=\"\" width=\"1024\" height=\"683\" \/><\/a><\/div>\n<\/figure>\n<figure class=\"gallery-item\">\n<div class=\"gallery-icon landscape\"><a role=\"link\" href=\"https:\/\/www.corumba.ms.gov.br\/2021\/09\/243-anos-de-corumba-avenida-ganha-novas-palmeiras-e-porto-geral-placa-com-aves-da-regiao\/whatsapp-image-2021-09-21-at-13-39-52\/\"><img loading=\"lazy\" decoding=\"async\" class=\"attachment-large size-large\" src=\"https:\/\/www.corumba.ms.gov.br\/wp-content\/uploads\/2021\/09\/WhatsApp-Image-2021-09-21-at-13.39.52.jpeg\" sizes=\"auto, (max-width: 1024px) 100vw, 1024px\" srcset=\"https:\/\/www.corumba.ms.gov.br\/wp-content\/uploads\/2021\/09\/WhatsApp-Image-2021-09-21-at-13.39.52.jpeg 1024w, https:\/\/www.corumba.ms.gov.br\/wp-content\/uploads\/2021\/09\/WhatsApp-Image-2021-09-21-at-13.39.52-300x200.jpeg 300w, https:\/\/www.corumba.ms.gov.br\/wp-content\/uploads\/2021\/09\/WhatsApp-Image-2021-09-21-at-13.39.52-768x512.jpeg 768w\" alt=\"\" width=\"1024\" height=\"683\" \/><\/a><\/div>\n<\/figure>\n<figure class=\"gallery-item\">\n<div class=\"gallery-icon landscape\"><a role=\"link\" href=\"https:\/\/www.corumba.ms.gov.br\/2021\/09\/243-anos-de-corumba-avenida-ganha-novas-palmeiras-e-porto-geral-placa-com-aves-da-regiao\/whatsapp-image-2021-09-21-at-13-39-53\/\"><img loading=\"lazy\" decoding=\"async\" class=\"attachment-large size-large\" src=\"https:\/\/www.corumba.ms.gov.br\/wp-content\/uploads\/2021\/09\/WhatsApp-Image-2021-09-21-at-13.39.53.jpeg\" sizes=\"auto, (max-width: 1024px) 100vw, 1024px\" srcset=\"https:\/\/www.corumba.ms.gov.br\/wp-content\/uploads\/2021\/09\/WhatsApp-Image-2021-09-21-at-13.39.53.jpeg 1024w, https:\/\/www.corumba.ms.gov.br\/wp-content\/uploads\/2021\/09\/WhatsApp-Image-2021-09-21-at-13.39.53-300x200.jpeg 300w, https:\/\/www.corumba.ms.gov.br\/wp-content\/uploads\/2021\/09\/WhatsApp-Image-2021-09-21-at-13.39.53-768x512.jpeg 768w\" alt=\"\" width=\"1024\" height=\"683\" \/><\/a><\/div>\n<\/figure>\n<figure class=\"gallery-item\">\n<div class=\"gallery-icon landscape\"><a role=\"link\" href=\"https:\/\/www.corumba.ms.gov.br\/2021\/09\/243-anos-de-corumba-avenida-ganha-novas-palmeiras-e-porto-geral-placa-com-aves-da-regiao\/whatsapp-image-2021-09-21-at-13-39-54\/\"><img loading=\"lazy\" decoding=\"async\" class=\"attachment-large size-large\" src=\"https:\/\/www.corumba.ms.gov.br\/wp-content\/uploads\/2021\/09\/WhatsApp-Image-2021-09-21-at-13.39.54.jpeg\" sizes=\"auto, (max-width: 1024px) 100vw, 1024px\" srcset=\"https:\/\/www.corumba.ms.gov.br\/wp-content\/uploads\/2021\/09\/WhatsApp-Image-2021-09-21-at-13.39.54.jpeg 1024w, https:\/\/www.corumba.ms.gov.br\/wp-content\/uploads\/2021\/09\/WhatsApp-Image-2021-09-21-at-13.39.54-300x200.jpeg 300w, https:\/\/www.corumba.ms.gov.br\/wp-content\/uploads\/2021\/09\/WhatsApp-Image-2021-09-21-at-13.39.54-768x512.jpeg 768w\" alt=\"\" width=\"1024\" height=\"683\" \/><\/a><\/div>\n<\/figure>\n<figure class=\"gallery-item\">\n<div class=\"gallery-icon landscape\"><a role=\"link\" href=\"https:\/\/www.corumba.ms.gov.br\/2021\/09\/243-anos-de-corumba-avenida-ganha-novas-palmeiras-e-porto-geral-placa-com-aves-da-regiao\/whatsapp-image-2021-09-21-at-13-39-55-1\/\"><img loading=\"lazy\" decoding=\"async\" class=\"attachment-large size-large\" src=\"https:\/\/www.corumba.ms.gov.br\/wp-content\/uploads\/2021\/09\/WhatsApp-Image-2021-09-21-at-13.39.55-1.jpeg\" sizes=\"auto, (max-width: 1024px) 100vw, 1024px\" srcset=\"https:\/\/www.corumba.ms.gov.br\/wp-content\/uploads\/2021\/09\/WhatsApp-Image-2021-09-21-at-13.39.55-1.jpeg 1024w, https:\/\/www.corumba.ms.gov.br\/wp-content\/uploads\/2021\/09\/WhatsApp-Image-2021-09-21-at-13.39.55-1-300x200.jpeg 300w, https:\/\/www.corumba.ms.gov.br\/wp-content\/uploads\/2021\/09\/WhatsApp-Image-2021-09-21-at-13.39.55-1-768x512.jpeg 768w\" alt=\"\" width=\"1024\" height=\"683\" \/><\/a><\/div>\n<\/figure>\n<figure class=\"gallery-item\">\n<div class=\"gallery-icon landscape\"><a role=\"link\" href=\"https:\/\/www.corumba.ms.gov.br\/2021\/09\/243-anos-de-corumba-avenida-ganha-novas-palmeiras-e-porto-geral-placa-com-aves-da-regiao\/whatsapp-image-2021-09-21-at-13-39-55\/\"><img loading=\"lazy\" decoding=\"async\" class=\"attachment-large size-large\" src=\"https:\/\/www.corumba.ms.gov.br\/wp-content\/uploads\/2021\/09\/WhatsApp-Image-2021-09-21-at-13.39.55.jpeg\" sizes=\"auto, (max-width: 1024px) 100vw, 1024px\" srcset=\"https:\/\/www.corumba.ms.gov.br\/wp-content\/uploads\/2021\/09\/WhatsApp-Image-2021-09-21-at-13.39.55.jpeg 1024w, https:\/\/www.corumba.ms.gov.br\/wp-content\/uploads\/2021\/09\/WhatsApp-Image-2021-09-21-at-13.39.55-300x200.jpeg 300w, https:\/\/www.corumba.ms.gov.br\/wp-content\/uploads\/2021\/09\/WhatsApp-Image-2021-09-21-at-13.39.55-768x512.jpeg 768w\" alt=\"\" width=\"1024\" height=\"683\" \/><\/a><\/div>\n<\/figure>\n<figure class=\"gallery-item\">\n<div class=\"gallery-icon landscape\"><a role=\"link\" href=\"https:\/\/www.corumba.ms.gov.br\/2021\/09\/243-anos-de-corumba-avenida-ganha-novas-palmeiras-e-porto-geral-placa-com-aves-da-regiao\/whatsapp-image-2021-09-21-at-13-39-56\/\"><img loading=\"lazy\" decoding=\"async\" class=\"attachment-large size-large\" src=\"https:\/\/www.corumba.ms.gov.br\/wp-content\/uploads\/2021\/09\/WhatsApp-Image-2021-09-21-at-13.39.56.jpeg\" sizes=\"auto, (max-width: 1024px) 100vw, 1024px\" srcset=\"https:\/\/www.corumba.ms.gov.br\/wp-content\/uploads\/2021\/09\/WhatsApp-Image-2021-09-21-at-13.39.56.jpeg 1024w, https:\/\/www.corumba.ms.gov.br\/wp-content\/uploads\/2021\/09\/WhatsApp-Image-2021-09-21-at-13.39.56-300x200.jpeg 300w, https:\/\/www.corumba.ms.gov.br\/wp-content\/uploads\/2021\/09\/WhatsApp-Image-2021-09-21-at-13.39.56-768x512.jpeg 768w\" alt=\"\" width=\"1024\" height=\"683\" \/><\/a><\/div>\n<\/figure>\n<figure class=\"gallery-item\">\n<div class=\"gallery-icon landscape\"><a role=\"link\" href=\"https:\/\/www.corumba.ms.gov.br\/2021\/09\/243-anos-de-corumba-avenida-ganha-novas-palmeiras-e-porto-geral-placa-com-aves-da-regiao\/whatsapp-image-2021-09-21-at-13-40-22-1\/\"><img loading=\"lazy\" decoding=\"async\" class=\"attachment-large size-large\" src=\"https:\/\/www.corumba.ms.gov.br\/wp-content\/uploads\/2021\/09\/WhatsApp-Image-2021-09-21-at-13.40.22-1.jpeg\" sizes=\"auto, (max-width: 1024px) 100vw, 1024px\" srcset=\"https:\/\/www.corumba.ms.gov.br\/wp-content\/uploads\/2021\/09\/WhatsApp-Image-2021-09-21-at-13.40.22-1.jpeg 1024w, https:\/\/www.corumba.ms.gov.br\/wp-content\/uploads\/2021\/09\/WhatsApp-Image-2021-09-21-at-13.40.22-1-300x200.jpeg 300w, https:\/\/www.corumba.ms.gov.br\/wp-content\/uploads\/2021\/09\/WhatsApp-Image-2021-09-21-at-13.40.22-1-768x512.jpeg 768w\" alt=\"\" width=\"1024\" height=\"683\" \/><\/a><\/div>\n<\/figure>\n<figure class=\"gallery-item\">\n<div class=\"gallery-icon landscape\"><a role=\"link\" href=\"https:\/\/www.corumba.ms.gov.br\/2021\/09\/243-anos-de-corumba-avenida-ganha-novas-palmeiras-e-porto-geral-placa-com-aves-da-regiao\/whatsapp-image-2021-09-21-at-13-40-22\/\"><img loading=\"lazy\" decoding=\"async\" class=\"attachment-large size-large\" src=\"https:\/\/www.corumba.ms.gov.br\/wp-content\/uploads\/2021\/09\/WhatsApp-Image-2021-09-21-at-13.40.22.jpeg\" sizes=\"auto, (max-width: 1024px) 100vw, 1024px\" srcset=\"https:\/\/www.corumba.ms.gov.br\/wp-content\/uploads\/2021\/09\/WhatsApp-Image-2021-09-21-at-13.40.22.jpeg 1024w, https:\/\/www.corumba.ms.gov.br\/wp-content\/uploads\/2021\/09\/WhatsApp-Image-2021-09-21-at-13.40.22-300x200.jpeg 300w, https:\/\/www.corumba.ms.gov.br\/wp-content\/uploads\/2021\/09\/WhatsApp-Image-2021-09-21-at-13.40.22-768x512.jpeg 768w\" alt=\"\" width=\"1024\" height=\"683\" \/><\/a><\/div>\n<\/figure>\n<figure class=\"gallery-item\">\n<div class=\"gallery-icon landscape\"><a role=\"link\" href=\"https:\/\/www.corumba.ms.gov.br\/2021\/09\/243-anos-de-corumba-avenida-ganha-novas-palmeiras-e-porto-geral-placa-com-aves-da-regiao\/whatsapp-image-2021-09-21-at-13-40-23\/\"><img loading=\"lazy\" decoding=\"async\" class=\"attachment-large size-large\" src=\"https:\/\/www.corumba.ms.gov.br\/wp-content\/uploads\/2021\/09\/WhatsApp-Image-2021-09-21-at-13.40.23.jpeg\" sizes=\"auto, (max-width: 1024px) 100vw, 1024px\" srcset=\"https:\/\/www.corumba.ms.gov.br\/wp-content\/uploads\/2021\/09\/WhatsApp-Image-2021-09-21-at-13.40.23.jpeg 1024w, https:\/\/www.corumba.ms.gov.br\/wp-content\/uploads\/2021\/09\/WhatsApp-Image-2021-09-21-at-13.40.23-300x200.jpeg 300w, https:\/\/www.corumba.ms.gov.br\/wp-content\/uploads\/2021\/09\/WhatsApp-Image-2021-09-21-at-13.40.23-768x512.jpeg 768w\" alt=\"\" width=\"1024\" height=\"683\" \/><\/a><\/div>\n<\/figure>\n<figure class=\"gallery-item\">\n<div class=\"gallery-icon landscape\"><a role=\"link\" href=\"https:\/\/www.corumba.ms.gov.br\/2021\/09\/243-anos-de-corumba-avenida-ganha-novas-palmeiras-e-porto-geral-placa-com-aves-da-regiao\/whatsapp-image-2021-09-21-at-13-40-25\/\"><img loading=\"lazy\" decoding=\"async\" class=\"attachment-large size-large\" src=\"https:\/\/www.corumba.ms.gov.br\/wp-content\/uploads\/2021\/09\/WhatsApp-Image-2021-09-21-at-13.40.25.jpeg\" sizes=\"auto, (max-width: 1024px) 100vw, 1024px\" srcset=\"https:\/\/www.corumba.ms.gov.br\/wp-content\/uploads\/2021\/09\/WhatsApp-Image-2021-09-21-at-13.40.25.jpeg 1024w, https:\/\/www.corumba.ms.gov.br\/wp-content\/uploads\/2021\/09\/WhatsApp-Image-2021-09-21-at-13.40.25-300x200.jpeg 300w, https:\/\/www.corumba.ms.gov.br\/wp-content\/uploads\/2021\/09\/WhatsApp-Image-2021-09-21-at-13.40.25-768x512.jpeg 768w\" alt=\"\" width=\"1024\" height=\"683\" \/><\/a><\/div>\n<\/figure>\n<figure class=\"gallery-item\">\n<div class=\"gallery-icon landscape\"><a role=\"link\" href=\"https:\/\/www.corumba.ms.gov.br\/2021\/09\/243-anos-de-corumba-avenida-ganha-novas-palmeiras-e-porto-geral-placa-com-aves-da-regiao\/whatsapp-image-2021-09-21-at-13-40-26\/\"><img loading=\"lazy\" decoding=\"async\" class=\"attachment-large size-large\" src=\"https:\/\/www.corumba.ms.gov.br\/wp-content\/uploads\/2021\/09\/WhatsApp-Image-2021-09-21-at-13.40.26.jpeg\" sizes=\"auto, (max-width: 1024px) 100vw, 1024px\" srcset=\"https:\/\/www.corumba.ms.gov.br\/wp-content\/uploads\/2021\/09\/WhatsApp-Image-2021-09-21-at-13.40.26.jpeg 1024w, https:\/\/www.corumba.ms.gov.br\/wp-content\/uploads\/2021\/09\/WhatsApp-Image-2021-09-21-at-13.40.26-300x200.jpeg 300w, https:\/\/www.corumba.ms.gov.br\/wp-content\/uploads\/2021\/09\/WhatsApp-Image-2021-09-21-at-13.40.26-768x512.jpeg 768w\" alt=\"\" width=\"1024\" height=\"683\" \/><\/a><\/div>\n<\/figure>\n<figure class=\"gallery-item\">\n<div class=\"gallery-icon landscape\"><a role=\"link\" href=\"https:\/\/www.corumba.ms.gov.br\/2021\/09\/243-anos-de-corumba-avenida-ganha-novas-palmeiras-e-porto-geral-placa-com-aves-da-regiao\/whatsapp-image-2021-09-21-at-13-40-27\/\"><img loading=\"lazy\" decoding=\"async\" class=\"attachment-large size-large\" src=\"https:\/\/www.corumba.ms.gov.br\/wp-content\/uploads\/2021\/09\/WhatsApp-Image-2021-09-21-at-13.40.27.jpeg\" sizes=\"auto, (max-width: 1024px) 100vw, 1024px\" srcset=\"https:\/\/www.corumba.ms.gov.br\/wp-content\/uploads\/2021\/09\/WhatsApp-Image-2021-09-21-at-13.40.27.jpeg 1024w, https:\/\/www.corumba.ms.gov.br\/wp-content\/uploads\/2021\/09\/WhatsApp-Image-2021-09-21-at-13.40.27-300x200.jpeg 300w, https:\/\/www.corumba.ms.gov.br\/wp-content\/uploads\/2021\/09\/WhatsApp-Image-2021-09-21-at-13.40.27-768x512.jpeg 768w\" alt=\"\" width=\"1024\" height=\"683\" \/><\/a><\/div>\n<\/figure>\n<figure class=\"gallery-item\">\n<div class=\"gallery-icon landscape\"><a role=\"link\" href=\"https:\/\/www.corumba.ms.gov.br\/2021\/09\/243-anos-de-corumba-avenida-ganha-novas-palmeiras-e-porto-geral-placa-com-aves-da-regiao\/whatsapp-image-2021-09-21-at-13-40-28\/\"><img loading=\"lazy\" decoding=\"async\" class=\"attachment-large size-large\" src=\"https:\/\/www.corumba.ms.gov.br\/wp-content\/uploads\/2021\/09\/WhatsApp-Image-2021-09-21-at-13.40.28.jpeg\" sizes=\"auto, (max-width: 1024px) 100vw, 1024px\" srcset=\"https:\/\/www.corumba.ms.gov.br\/wp-content\/uploads\/2021\/09\/WhatsApp-Image-2021-09-21-at-13.40.28.jpeg 1024w, https:\/\/www.corumba.ms.gov.br\/wp-content\/uploads\/2021\/09\/WhatsApp-Image-2021-09-21-at-13.40.28-300x200.jpeg 300w, https:\/\/www.corumba.ms.gov.br\/wp-content\/uploads\/2021\/09\/WhatsApp-Image-2021-09-21-at-13.40.28-768x512.jpeg 768w\" alt=\"\" width=\"1024\" height=\"683\" \/><\/a><\/div>\n<\/figure>\n<figure class=\"gallery-item\">\n<div class=\"gallery-icon landscape\"><a role=\"link\" href=\"https:\/\/www.corumba.ms.gov.br\/2021\/09\/243-anos-de-corumba-avenida-ganha-novas-palmeiras-e-porto-geral-placa-com-aves-da-regiao\/whatsapp-image-2021-09-21-at-13-40-29-1\/\"><img loading=\"lazy\" decoding=\"async\" class=\"attachment-large size-large\" src=\"https:\/\/www.corumba.ms.gov.br\/wp-content\/uploads\/2021\/09\/WhatsApp-Image-2021-09-21-at-13.40.29-1.jpeg\" sizes=\"auto, (max-width: 1024px) 100vw, 1024px\" srcset=\"https:\/\/www.corumba.ms.gov.br\/wp-content\/uploads\/2021\/09\/WhatsApp-Image-2021-09-21-at-13.40.29-1.jpeg 1024w, https:\/\/www.corumba.ms.gov.br\/wp-content\/uploads\/2021\/09\/WhatsApp-Image-2021-09-21-at-13.40.29-1-300x200.jpeg 300w, https:\/\/www.corumba.ms.gov.br\/wp-content\/uploads\/2021\/09\/WhatsApp-Image-2021-09-21-at-13.40.29-1-768x512.jpeg 768w\" alt=\"\" width=\"1024\" height=\"683\" \/><\/a><\/div>\n<\/figure>\n<figure class=\"gallery-item\">\n<div class=\"gallery-icon landscape\"><a role=\"link\" href=\"https:\/\/www.corumba.ms.gov.br\/2021\/09\/243-anos-de-corumba-avenida-ganha-novas-palmeiras-e-porto-geral-placa-com-aves-da-regiao\/whatsapp-image-2021-09-21-at-13-40-29\/\"><img loading=\"lazy\" decoding=\"async\" class=\"attachment-large size-large\" src=\"https:\/\/www.corumba.ms.gov.br\/wp-content\/uploads\/2021\/09\/WhatsApp-Image-2021-09-21-at-13.40.29.jpeg\" sizes=\"auto, (max-width: 1024px) 100vw, 1024px\" srcset=\"https:\/\/www.corumba.ms.gov.br\/wp-content\/uploads\/2021\/09\/WhatsApp-Image-2021-09-21-at-13.40.29.jpeg 1024w, https:\/\/www.corumba.ms.gov.br\/wp-content\/uploads\/2021\/09\/WhatsApp-Image-2021-09-21-at-13.40.29-300x200.jpeg 300w, https:\/\/www.corumba.ms.gov.br\/wp-content\/uploads\/2021\/09\/WhatsApp-Image-2021-09-21-at-13.40.29-768x512.jpeg 768w\" alt=\"\" width=\"1024\" height=\"683\" \/><\/a><\/div>\n<\/figure>\n<\/div>\n","protected":false},"excerpt":{"rendered":"<p>Integrando as celebra\u00e7\u00f5es pelos 243 anos de Corumb\u00e1, o prefeito Marcelo Iunes fez nesta ter\u00e7a-feira,&#8230;<\/p>\n","protected":false},"author":70,"featured_media":11718479,"comment_status":"closed","ping_status":"closed","sticky":false,"template":"","format":"standard","meta":{"footnotes":""},"categories":[122,8,17],"tags":[],"class_list":["post-11718478","post","type-post","status-publish","format-standard","has-post-thumbnail","hentry","category-243-anos","category-destaque","category-meio-ambiente"],"_links":{"self":[{"href":"https:\/\/www.corumbaonline.com.br\/news\/wp-json\/wp\/v2\/posts\/11718478","targetHints":{"allow":["GET"]}}],"collection":[{"href":"https:\/\/www.corumbaonline.com.br\/news\/wp-json\/wp\/v2\/posts"}],"about":[{"href":"https:\/\/www.corumbaonline.com.br\/news\/wp-json\/wp\/v2\/types\/post"}],"author":[{"embeddable":true,"href":"https:\/\/www.corumbaonline.com.br\/news\/wp-json\/wp\/v2\/users\/70"}],"replies":[{"embeddable":true,"href":"https:\/\/www.corumbaonline.com.br\/news\/wp-json\/wp\/v2\/comments?post=11718478"}],"version-history":[{"count":1,"href":"https:\/\/www.corumbaonline.com.br\/news\/wp-json\/wp\/v2\/posts\/11718478\/revisions"}],"predecessor-version":[{"id":11718480,"href":"https:\/\/www.corumbaonline.com.br\/news\/wp-json\/wp\/v2\/posts\/11718478\/revisions\/11718480"}],"wp:featuredmedia":[{"embeddable":true,"href":"https:\/\/www.corumbaonline.com.br\/news\/wp-json\/wp\/v2\/media\/11718479"}],"wp:attachment":[{"href":"https:\/\/www.corumbaonline.com.br\/news\/wp-json\/wp\/v2\/media?parent=11718478"}],"wp:term":[{"taxonomy":"category","embeddable":true,"href":"https:\/\/www.corumbaonline.com.br\/news\/wp-json\/wp\/v2\/categories?post=11718478"},{"taxonomy":"post_tag","embeddable":true,"href":"https:\/\/www.corumbaonline.com.br\/news\/wp-json\/wp\/v2\/tags?post=11718478"}],"curies":[{"name":"wp","href":"https:\/\/api.w.org\/{rel}","templated":true}]}}