{"id":11718671,"date":"2021-09-28T10:01:00","date_gmt":"2021-09-28T14:01:00","guid":{"rendered":"http:\/\/www.corumbaonline.com.br\/news\/?p=11718671"},"modified":"2021-09-28T11:27:29","modified_gmt":"2021-09-28T15:27:29","slug":"dia-mundial-do-turismo-ms-mostra-a-resiliencia-e-a-forca-do-setor-com-acoes-de-retomada","status":"publish","type":"post","link":"https:\/\/www.corumbaonline.com.br\/news\/dia-mundial-do-turismo-ms-mostra-a-resiliencia-e-a-forca-do-setor-com-acoes-de-retomada\/","title":{"rendered":"Dia Mundial do Turismo: MS mostra a resili\u00eancia e a for\u00e7a do setor com a\u00e7\u00f5es de retomada"},"content":{"rendered":"<p data-uw-styling-context=\"true\">Ap\u00f3s um ano e meio de pandemia e de momentos dif\u00edceis para a atividade econ\u00f4mica do turismo, o setor come\u00e7a a mostrar sinais de recupera\u00e7\u00e3o com o avan\u00e7o da vacina\u00e7\u00e3o contra a Covid-19 no Mato Grosso do Sul, no pa\u00eds e no mundo. Em 27 de setembro s\u00e3o comemorados o Dia Mundial do Turismo e, aqui no Brasil, o dia do Turism\u00f3logo e que este ano ser\u00e1 marcado pela retomada do setor.<\/p>\n<p data-uw-styling-context=\"true\">Para o diretor-presidente da Funda\u00e7\u00e3o de Turismo, Bruno Wendling, o setor sul-mato-grossense e os profissionais turism\u00f3logos mostraram sua resili\u00eancia e for\u00e7a para atravessar adversidades. \u201cEste ano temos muito a comemorar. Depois de um ano e meio vivendo uma pandemia, o pior j\u00e1 passou e a gente resistiu. As a\u00e7\u00f5es da Funda\u00e7\u00e3o de Turismo tamb\u00e9m foram importantes para a retomada, como os editais de apoio a eventos geradores de fluxo tur\u00edstico, o programa Incentiva+MS com pagamento de aux\u00edlio para profissionais do setor e agora voltando com a participa\u00e7\u00e3o em feiras e eventos presenciais como a ABAV Expo, que vai acontecer em Fortaleza, o F\u00f3rum de Turismo LGBT em S\u00e3o Paulo, a Festuris em Gramado, Abeta Summit, F\u00f3rum Panrotas e uma s\u00e9rie de eventos importantes\u201d, salienta.<\/p>\n<p data-uw-styling-context=\"true\">O turismo de Mato Grosso do Sul vai forte na participa\u00e7\u00e3o desses eventos, tanto presenciais quanto h\u00edbridos, como um dos principais apoiadores e com destaque em praticamente todos eles. Haver\u00e1 presen\u00e7a do empresariado, estandes imponentes, lan\u00e7amento de novas campanhas, novas tecnologias, a\u00e7\u00f5es concomitantes com o trade de apoio \u00e0 comercializa\u00e7\u00e3o. \u201cEstamos felizes, pois a partir de agora a retomada vai ser constante. Tenho certeza que este Dia Mundial do Turismo de 2021 vai significar a retomada do turismo no pa\u00eds e no mundo, de forma que nosso setor cres\u00e7a ainda mais e que 2022 seja um \u00f3timo ano para todos\u201d, finaliza Wendling.<\/p>\n<p><strong data-uw-styling-context=\"true\">Campanhas de retomada<\/strong><\/p>\n<p data-uw-styling-context=\"true\">Com uma campanha \u201cDesbravadores de destinos\u201d, Mato Grosso do Sul d\u00e1 mais um importante passo para a retomada do turismo e da economia. A publicidade, que ser\u00e1 destaque nas feiras e eventos nacionais, j\u00e1 est\u00e1 sendo divulgada em multiplataformas como os canais Discovery Channel, Food Network, Home &amp; Health, TLC, jornal BrasilTuris e Portal Panrotas, entre outros.<\/p>\n<p data-uw-styling-context=\"true\">Outra campanha promocional que est\u00e1 sendo divulgada \u00e9 voltada para a valoriza\u00e7\u00e3o do turismo regional. Intitulada \u201cMS &#8211; Meu Estado, Meu Destino\u201d, a campanha visa atrair e motivar os sul-mato-grossenses a conhecerem as belezas naturais que os cercam, se deslocando a destinos com dist\u00e2ncias curtas em grupos ou em fam\u00edlia e toda seguran\u00e7a sanit\u00e1ria.<\/p>\n<p data-uw-styling-context=\"true\">As campanhas e a\u00e7\u00f5es poder ser acessadas pelas redes sociais oficiais do turismo estadual (instagram, facebook, youtube), que t\u00eam como endere\u00e7o o @visitmsoficial.<\/p>\n<p><strong data-uw-styling-context=\"true\">Novo voo para Bonito<\/strong><\/p>\n<p data-uw-styling-context=\"true\">Refer\u00eancia mundial no ecoturismo, o munic\u00edpio de Bonito ter\u00e1 conex\u00e3o a\u00e9rea direta com S\u00e3o Paulo a partir de 2 de dezembro de 2021. Ser\u00e3o dois novos voos semanais ligando os aeroportos de Congonhas (CGH) e de Bonito (BYO), sempre \u00e0s quintas-feiras e domingos.<\/p>\n<p data-uw-styling-context=\"true\">O novo trecho \u00e9 in\u00e9dito na hist\u00f3ria do Mato Grosso do Sul. Em Congonhas, a decolagem est\u00e1 prevista para as 12h40, e a aterrissagem em Bonito, \u00e0s 13h40. A sa\u00edda do novo destino acontecer\u00e1 \u00e0s 14h20, com pouso na capital paulista \u00e0s 17h10 (hor\u00e1rios locais).<\/p>\n<p data-uw-styling-context=\"true\">Os voos ser\u00e3o operados com o jato Boeing 737-700, que tem capacidade para 138 passageiros. As passagens j\u00e1 est\u00e3o \u00e0 venda no site da empresa.<\/p>\n","protected":false},"excerpt":{"rendered":"<p>Ap\u00f3s um ano e meio de pandemia e de momentos dif\u00edceis para a atividade econ\u00f4mica&#8230;<\/p>\n","protected":false},"author":13,"featured_media":11718672,"comment_status":"closed","ping_status":"closed","sticky":false,"template":"","format":"standard","meta":{"footnotes":""},"categories":[23],"tags":[],"class_list":["post-11718671","post","type-post","status-publish","format-standard","has-post-thumbnail","hentry","category-turismo"],"_links":{"self":[{"href":"https:\/\/www.corumbaonline.com.br\/news\/wp-json\/wp\/v2\/posts\/11718671","targetHints":{"allow":["GET"]}}],"collection":[{"href":"https:\/\/www.corumbaonline.com.br\/news\/wp-json\/wp\/v2\/posts"}],"about":[{"href":"https:\/\/www.corumbaonline.com.br\/news\/wp-json\/wp\/v2\/types\/post"}],"author":[{"embeddable":true,"href":"https:\/\/www.corumbaonline.com.br\/news\/wp-json\/wp\/v2\/users\/13"}],"replies":[{"embeddable":true,"href":"https:\/\/www.corumbaonline.com.br\/news\/wp-json\/wp\/v2\/comments?post=11718671"}],"version-history":[{"count":1,"href":"https:\/\/www.corumbaonline.com.br\/news\/wp-json\/wp\/v2\/posts\/11718671\/revisions"}],"predecessor-version":[{"id":11718673,"href":"https:\/\/www.corumbaonline.com.br\/news\/wp-json\/wp\/v2\/posts\/11718671\/revisions\/11718673"}],"wp:featuredmedia":[{"embeddable":true,"href":"https:\/\/www.corumbaonline.com.br\/news\/wp-json\/wp\/v2\/media\/11718672"}],"wp:attachment":[{"href":"https:\/\/www.corumbaonline.com.br\/news\/wp-json\/wp\/v2\/media?parent=11718671"}],"wp:term":[{"taxonomy":"category","embeddable":true,"href":"https:\/\/www.corumbaonline.com.br\/news\/wp-json\/wp\/v2\/categories?post=11718671"},{"taxonomy":"post_tag","embeddable":true,"href":"https:\/\/www.corumbaonline.com.br\/news\/wp-json\/wp\/v2\/tags?post=11718671"}],"curies":[{"name":"wp","href":"https:\/\/api.w.org\/{rel}","templated":true}]}}