{"id":11719912,"date":"2021-11-10T11:10:00","date_gmt":"2021-11-10T15:10:00","guid":{"rendered":"http:\/\/www.corumbaonline.com.br\/news\/?p=11719912"},"modified":"2021-11-10T13:28:21","modified_gmt":"2021-11-10T17:28:21","slug":"com-mais-um-obito-por-covid-ms-registra-7-mortes-em-novembro","status":"publish","type":"post","link":"https:\/\/www.corumbaonline.com.br\/news\/com-mais-um-obito-por-covid-ms-registra-7-mortes-em-novembro\/","title":{"rendered":"Com mais um \u00f3bito por Covid, MS registra 7 mortes em novembro"},"content":{"rendered":"<p><span data-uw-styling-context=\"true\">Mesmo com os dados indicando estabilidade da Covid-19, Mato Grosso do Sul continua registrando novos casos e mortes por complica\u00e7\u00f5es da doen\u00e7a.\u00a0<\/span><\/p>\n<p><span data-uw-styling-context=\"true\">S\u00f3 em novembro o Estado j\u00e1 contabiliza 7 mortes por Covid. Incluindo a de uma crian\u00e7a de 1 ano de idade com comorbidades e residente em Campo Grande, registrada no boletim epidemiol\u00f3gico desta quarta-feira (10).\u00a0<\/span><\/p>\n<p><img loading=\"lazy\" decoding=\"async\" class=\"size-medium wp-image-377718 alignleft\" src=\"http:\/\/www.ms.gov.br\/wp-content\/uploads\/sites\/150\/2021\/11\/cenario-covid-300x235.png\" sizes=\"auto, (max-width: 300px) 100vw, 300px\" srcset=\"http:\/\/www.ms.gov.br\/wp-content\/uploads\/sites\/150\/2021\/11\/cenario-covid-300x235.png 300w, http:\/\/www.ms.gov.br\/wp-content\/uploads\/sites\/150\/2021\/11\/cenario-covid-307x240.png 307w, http:\/\/www.ms.gov.br\/wp-content\/uploads\/sites\/150\/2021\/11\/cenario-covid.png 767w\" alt=\"\" width=\"300\" height=\"235\" \/><\/p>\n<p><span data-uw-styling-context=\"true\">Desde o in\u00edcio da pandemia 9.659 sul-mato-grossenses perderam a vida para a doen\u00e7a.\u00a0 A m\u00e9dia m\u00f3vel com base na data de publica\u00e7\u00e3o, est\u00e1 em 1,9.\u00a0<\/span><\/p>\n<p><span data-uw-styling-context=\"true\">Novembro tamb\u00e9m conta com 647 casos confirmados da doen\u00e7a, incluindo os 79\u00a0 registrados no boletim epidemiol\u00f3gico desta quarta-feira. A m\u00e9dia m\u00f3vel dos \u00faltimos 7 dias est\u00e1 em 79. A taxa de cont\u00e1gio se manteve em 0,84.\u00a0<\/span><\/p>\n<p><span data-uw-styling-context=\"true\">Dos casos ativos 900 est\u00e3o em isolamento domiciliar e 56 hospitalizados em leitos cl\u00ednicos (34) ou leitos de UTI (22).\u00a0<\/span><\/p>\n<p><span data-uw-styling-context=\"true\">A taxa de ocupa\u00e7\u00e3o global de leitos SUS \/ UTI por macrorregi\u00e3o de interna\u00e7\u00e3o est\u00e1 em 73% no munic\u00edpio de Dourados, 54% em Campo Grande, 53% em Corumb\u00e1 e 49% em Tr\u00eas Lagoas.\u00a0<\/span><\/p>\n<div id=\"gallery-1\" class=\"gallery galleryid-377715 gallery-columns-3 gallery-size-medium\">\n<figure class=\"gallery-item\">\n<div class=\"gallery-icon landscape\"><a href=\"http:\/\/www.ms.gov.br\/wp-content\/uploads\/sites\/150\/2021\/11\/ocupa%C3%A7%C3%A3o-leitos-1.png\"><img loading=\"lazy\" decoding=\"async\" class=\"attachment-medium size-medium\" src=\"http:\/\/www.ms.gov.br\/wp-content\/uploads\/sites\/150\/2021\/11\/ocupa%C3%A7%C3%A3o-leitos-1-300x235.png\" sizes=\"auto, (max-width: 300px) 100vw, 300px\" srcset=\"http:\/\/www.ms.gov.br\/wp-content\/uploads\/sites\/150\/2021\/11\/ocupa\u00e7\u00e3o-leitos-1-300x235.png 300w, http:\/\/www.ms.gov.br\/wp-content\/uploads\/sites\/150\/2021\/11\/ocupa\u00e7\u00e3o-leitos-1-307x240.png 307w, http:\/\/www.ms.gov.br\/wp-content\/uploads\/sites\/150\/2021\/11\/ocupa\u00e7\u00e3o-leitos-1.png 767w\" alt=\"\" width=\"300\" height=\"235\" \/><\/a><\/div>\n<\/figure>\n<figure class=\"gallery-item\">\n<div class=\"gallery-icon landscape\"><a href=\"http:\/\/www.ms.gov.br\/wp-content\/uploads\/sites\/150\/2021\/11\/m%C3%A9dia-movel.png\"><img loading=\"lazy\" decoding=\"async\" class=\"attachment-medium size-medium\" src=\"http:\/\/www.ms.gov.br\/wp-content\/uploads\/sites\/150\/2021\/11\/m%C3%A9dia-movel-300x235.png\" sizes=\"auto, (max-width: 300px) 100vw, 300px\" srcset=\"http:\/\/www.ms.gov.br\/wp-content\/uploads\/sites\/150\/2021\/11\/m\u00e9dia-movel-300x235.png 300w, http:\/\/www.ms.gov.br\/wp-content\/uploads\/sites\/150\/2021\/11\/m\u00e9dia-movel-307x240.png 307w, http:\/\/www.ms.gov.br\/wp-content\/uploads\/sites\/150\/2021\/11\/m\u00e9dia-movel.png 767w\" alt=\"\" width=\"300\" height=\"235\" \/><\/a><\/div>\n<\/figure>\n<figure class=\"gallery-item\">\n<div class=\"gallery-icon landscape\"><a href=\"http:\/\/www.ms.gov.br\/wp-content\/uploads\/sites\/150\/2021\/11\/vacinometro.png\"><img loading=\"lazy\" decoding=\"async\" class=\"attachment-medium size-medium\" src=\"http:\/\/www.ms.gov.br\/wp-content\/uploads\/sites\/150\/2021\/11\/vacinometro-300x235.png\" sizes=\"auto, (max-width: 300px) 100vw, 300px\" srcset=\"http:\/\/www.ms.gov.br\/wp-content\/uploads\/sites\/150\/2021\/11\/vacinometro-300x235.png 300w, http:\/\/www.ms.gov.br\/wp-content\/uploads\/sites\/150\/2021\/11\/vacinometro-307x240.png 307w, http:\/\/www.ms.gov.br\/wp-content\/uploads\/sites\/150\/2021\/11\/vacinometro.png 767w\" alt=\"\" width=\"300\" height=\"235\" \/><\/a><\/div>\n<\/figure>\n<\/div>\n<p data-uw-styling-context=\"true\">Dados do Vacin\u00f4metro mostram que 78,25% da popula\u00e7\u00e3o total do Estado j\u00e1 recebeu a primeira dose da vacina, e 66,18% j\u00e1 est\u00e3o imunizados com as duas doses ou dose \u00fanica.<\/p>\n<p data-uw-styling-context=\"true\">Durante transmiss\u00e3o ao vivo o secret\u00e1rio de sa\u00fade, Geraldo Resende falou sobre a dificuldade que o Estado vem enfrentando de avan\u00e7ar nos \u00edndices de vacina\u00e7\u00e3o. &#8220;<span data-uw-styling-context=\"true\">N\u00f3s gostar\u00edamos de avan\u00e7ar no processo de imuniza\u00e7\u00e3o, temos vacinas em quantidade nos munic\u00edpios. Numa conta r\u00e1pida temos quase 340 mil doses distribu\u00eddas nos munic\u00edpios. E temos na rede de frios do Estado outro estoque expressivo e estamos monitorando prazo de validade e at\u00e9 quando vamos poder utilizar essas vacinas&#8221;.\u00a0<\/span><\/p>\n<p data-uw-styling-context=\"true\">Resende tamb\u00e9m falou sobre a preocupa\u00e7\u00e3o do Estado com o surtos de Covid nas aldeias ind\u00edgenas de Mato Grosso do Sul. &#8220;Nossa a\u00e7\u00e3o junto a entidades respons\u00e1veis \u00e9 que a\u00a0gente possa cessar os surtos em Dourados, Caarap\u00f3, Paranhos, Japor\u00e3 e Tacuru e ao mesmo tempo a gente possa impedir o avan\u00e7o desses surtos para outros munic\u00edpios de MS onde h\u00e1 presen\u00e7a forte da popula\u00e7\u00e3o ind\u00edgena&#8221;, destacou.<\/p>\n<p><span data-uw-styling-context=\"true\">Confira\u00a0<strong><a href=\"http:\/\/www.ms.gov.br\/wp-content\/uploads\/sites\/150\/2021\/11\/Boletim-Epidemiol%C3%B3gico-COVID-19-2021.11.10.pdf\" data-uw-styling-context=\"true\">aqui<\/a><\/strong>\u00a0o boletim epidemiol\u00f3gico desta quarta-feira, 10 de novembro completo.\u00a0<\/span><\/p>\n","protected":false},"excerpt":{"rendered":"<p>Mesmo com os dados indicando estabilidade da Covid-19, Mato Grosso do Sul continua registrando novos&#8230;<\/p>\n","protected":false},"author":13,"featured_media":11719913,"comment_status":"closed","ping_status":"closed","sticky":false,"template":"","format":"standard","meta":{"footnotes":""},"categories":[116,8,21],"tags":[],"class_list":["post-11719912","post","type-post","status-publish","format-standard","has-post-thumbnail","hentry","category-coronavirus","category-destaque","category-saude"],"_links":{"self":[{"href":"https:\/\/www.corumbaonline.com.br\/news\/wp-json\/wp\/v2\/posts\/11719912","targetHints":{"allow":["GET"]}}],"collection":[{"href":"https:\/\/www.corumbaonline.com.br\/news\/wp-json\/wp\/v2\/posts"}],"about":[{"href":"https:\/\/www.corumbaonline.com.br\/news\/wp-json\/wp\/v2\/types\/post"}],"author":[{"embeddable":true,"href":"https:\/\/www.corumbaonline.com.br\/news\/wp-json\/wp\/v2\/users\/13"}],"replies":[{"embeddable":true,"href":"https:\/\/www.corumbaonline.com.br\/news\/wp-json\/wp\/v2\/comments?post=11719912"}],"version-history":[{"count":1,"href":"https:\/\/www.corumbaonline.com.br\/news\/wp-json\/wp\/v2\/posts\/11719912\/revisions"}],"predecessor-version":[{"id":11719914,"href":"https:\/\/www.corumbaonline.com.br\/news\/wp-json\/wp\/v2\/posts\/11719912\/revisions\/11719914"}],"wp:featuredmedia":[{"embeddable":true,"href":"https:\/\/www.corumbaonline.com.br\/news\/wp-json\/wp\/v2\/media\/11719913"}],"wp:attachment":[{"href":"https:\/\/www.corumbaonline.com.br\/news\/wp-json\/wp\/v2\/media?parent=11719912"}],"wp:term":[{"taxonomy":"category","embeddable":true,"href":"https:\/\/www.corumbaonline.com.br\/news\/wp-json\/wp\/v2\/categories?post=11719912"},{"taxonomy":"post_tag","embeddable":true,"href":"https:\/\/www.corumbaonline.com.br\/news\/wp-json\/wp\/v2\/tags?post=11719912"}],"curies":[{"name":"wp","href":"https:\/\/api.w.org\/{rel}","templated":true}]}}