{"id":11719951,"date":"2021-11-11T11:00:00","date_gmt":"2021-11-11T15:00:00","guid":{"rendered":"http:\/\/www.corumbaonline.com.br\/news\/?p=11719951"},"modified":"2021-11-11T12:43:40","modified_gmt":"2021-11-11T16:43:40","slug":"infovia-digital-governador-diz-que-conectividade-vai-melhorar-servicos-publicos-nos-79-municipios","status":"publish","type":"post","link":"https:\/\/www.corumbaonline.com.br\/news\/infovia-digital-governador-diz-que-conectividade-vai-melhorar-servicos-publicos-nos-79-municipios\/","title":{"rendered":"Infovia Digital: Governador diz que conectividade vai melhorar servi\u00e7os p\u00fablicos nos 79 munic\u00edpios"},"content":{"rendered":"<p data-uw-styling-context=\"true\">Reconhecendo a conectividade como uma das principais alavancas para melhoria da presta\u00e7\u00e3o de servi\u00e7os p\u00fablicos de tecnologia, o governador Reinaldo Azambuja participou, na tarde desta quarta-feira (10), da Audi\u00eancia P\u00fablica do projeto de Parceria P\u00fablico-Privada Infovia Digital. Para ele, a PPP deixa Mato Grosso do Sul em destaque no setor, proporcionado avan\u00e7o em programas e plataformas digitais, al\u00e9m de ser uma importante ferramenta para o desenvolvimento local.<\/p>\n<p data-uw-styling-context=\"true\">\u201cA conectividade \u00e9 ganhar tempo, \u00e9 poder melhorar a presta\u00e7\u00e3o dos servi\u00e7os ao cidad\u00e3o, \u00e9 poder avan\u00e7ar com programas e plataformas digitais. Com esse projeto podemos trazer a iniciativa privada para essa conectividade, com mais rapidez, diminui\u00e7\u00e3o de custo, com investimentos importantes. Podemos avan\u00e7ar em oferta de servi\u00e7os p\u00fablicos, trazer o capital privado para ser indutor do nosso Estado, ajudando no desenvolvimento local\u201d, afirmou o governador.<\/p>\n<p data-uw-styling-context=\"true\">Realizada de forma virtual, a Audi\u00eancia P\u00fablica teve a participa\u00e7\u00e3o de empresas e interessados no projeto e foi transmitida pelo site da TVB3, da Bolsa de Valores de S\u00e3o Paulo (B3).<\/p>\n<p data-uw-styling-context=\"true\">Tamb\u00e9m no encontro virtual, o secret\u00e1rio de Infraestrutura, Eduardo Riedel, afirmou que este ser\u00e1 um dos projetos mais inovadores de Mato Grosso do Sul, dando ao mercado a oportunidade de fazer parte de uma nova fase que chega ao pa\u00eds, a rede 5G. \u201c\u00c9 um dos projetos mais transformadores do ponto de vista da competitividade do Estado. A Infovia Digital \u00e9 uma oportunidade que est\u00e1 sendo colocada no mercado para termos uma mudan\u00e7a exatamente quando o 5G est\u00e1 chegando ao Brasil. E essa rede (Infovia Digital) se prop\u00f5e a somar com esse novo momento pelo qual o Brasil vai passar com esse servi\u00e7o (5G)\u201d, explicou o secret\u00e1rio Riedel.<\/p>\n<p data-uw-styling-context=\"true\">O projeto Infovia Digital trar\u00e1 significativa mudan\u00e7a na qualidade dos servi\u00e7os oferecidos, al\u00e9m de ser, para o setor privado, uma transforma\u00e7\u00e3o singular, conforme afirmou Riedel. \u201c\u00c9 uma mudan\u00e7a enorme com rela\u00e7\u00e3o a nossa qualidade de servi\u00e7o e para o setor privado ser\u00e1 uma transforma\u00e7\u00e3o muito importante, especialmente em um dos nossos setores mais fortes da economia, que \u00e9 a agropecu\u00e1ria, ao propor para levar aos 79 munic\u00edpios essa rede de fibra \u00f3ptica. \u00c9 uma modelagem moderna, inteligente, que preserva os provedores e mant\u00e9m a rede privada atuando\u201d, ressaltou Riedel.<\/p>\n<p><a href=\"http:\/\/www.ms.gov.br\/wp-content\/uploads\/sites\/150\/2021\/11\/WhatsApp-Image-2021-11-10-at-18.18.41.jpeg\"><img loading=\"lazy\" decoding=\"async\" class=\"alignnone wp-image-377894 size-large\" src=\"http:\/\/www.ms.gov.br\/wp-content\/uploads\/sites\/150\/2021\/11\/WhatsApp-Image-2021-11-10-at-18.18.41-1024x580.jpeg\" sizes=\"auto, (max-width: 1024px) 100vw, 1024px\" srcset=\"http:\/\/www.ms.gov.br\/wp-content\/uploads\/sites\/150\/2021\/11\/WhatsApp-Image-2021-11-10-at-18.18.41-1024x580.jpeg 1024w, http:\/\/www.ms.gov.br\/wp-content\/uploads\/sites\/150\/2021\/11\/WhatsApp-Image-2021-11-10-at-18.18.41-300x170.jpeg 300w, http:\/\/www.ms.gov.br\/wp-content\/uploads\/sites\/150\/2021\/11\/WhatsApp-Image-2021-11-10-at-18.18.41-768x435.jpeg 768w, http:\/\/www.ms.gov.br\/wp-content\/uploads\/sites\/150\/2021\/11\/WhatsApp-Image-2021-11-10-at-18.18.41-350x198.jpeg 350w, http:\/\/www.ms.gov.br\/wp-content\/uploads\/sites\/150\/2021\/11\/WhatsApp-Image-2021-11-10-at-18.18.41.jpeg 1079w\" alt=\"\" width=\"1024\" height=\"580\" \/><\/a><\/p>\n<p data-uw-styling-context=\"true\">A secret\u00e1ria Especial de Parcerias Estrat\u00e9gicas do Estado, Eliane Detoni, refor\u00e7ou durante a Audi\u00eancia a import\u00e2ncia das etapas de apresenta\u00e7\u00e3o do projeto \u00e0 sociedade em geral -Consulta e Audi\u00eancia P\u00fablica.\u00a0 &#8220;\u00c9 de extrema import\u00e2ncia os questionamentos e as contribui\u00e7\u00f5es para que possamos aprimorar ainda mais o\u00a0 projeto. Agrade\u00e7o a consultoria, contratada no \u00e2mbito do acordo de Coopera\u00e7\u00e3o T\u00e9cnica, com o Programa Na\u00e7\u00f5es Unidas para o Desenvolvimento (PNUD), a Houer Concess\u00f5es, que nos apoiou na revis\u00e3o e estrutura\u00e7\u00e3o final dos estudos t\u00e9cnicos do projeto. Agrade\u00e7o tamb\u00e9m ao PNUD, que \u00e9 parceiro constante do Programa Estadual de Parcerias Estrat\u00e9gicas, e que vem cada vez mais demonstrando interesse nos nossos projetos. Agrade\u00e7o ainda ao Alessandro Menezes e a toda equipe da Superintend\u00eancia de Gest\u00e3o da Informa\u00e7\u00e3o (SGI) que ajudaram muito no desenvolvimento deste trabalho e conduziram todo o processo de estrutura\u00e7\u00e3o at\u00e9 o final, e tamb\u00e9m \u00e0 B3 pela parceria de sempre&#8221;, afirmou a secret\u00e1ria Eliane.<\/p>\n<p data-uw-styling-context=\"true\">Segundo Eliane, a PPP de Infovia Digital n\u00e3o vai trazer apenas benef\u00edcios de tecnologia ao Estado, mas tamb\u00e9m melhorias em todos os setores. &#8220;Os nossos projetos n\u00e3o se encerram em si, possuem grande amplitude e muitas externalidades positivas. S\u00e3o projetos 100% conectados e alinhados com objetivos sustent\u00e1veis da ONU. A Infovia Digital n\u00e3o \u00e9 s\u00f3 um projeto de internet e voz, \u00e9 sa\u00fade, seguran\u00e7a, educa\u00e7\u00e3o, \u00e9 emprego, \u00e9 desenvolvimento econ\u00f4mico e social e infraestrutura\u00a0 para o futuro do Estado. \u00c9 isso que torna o projeto t\u00e3o especial e com tanto potencial&#8221;, afirmou.<\/p>\n<p data-uw-styling-context=\"true\">Tamb\u00e9m participaram da Audi\u00eancia o Secret\u00e1rio de Estado de Governo e Gest\u00e3o Estrat\u00e9gica, Fl\u00e1vio Cesar Mendes de Oliveira, o secret\u00e1rio de Estado de Fazenda, Felipe Mattos, o coordenador do projeto, R\u00e9del Furtado N\u00e9res, e o procurador do Estado, Carlo Fabr\u00edzio Campanile Braga.<\/p>\n<p><strong data-uw-styling-context=\"true\">Infraestrutura<\/strong><\/p>\n<p data-uw-styling-context=\"true\">A Infovia Digital ir\u00e1 disponibilizar ao Governo do Estado servi\u00e7os de transmiss\u00e3o de dados de alta capacidade e velocidade por meio de rede de fibra \u00f3ptica em 1.500 unidades administrativas, tais como unidades de ensino, sa\u00fade e seguran\u00e7a p\u00fablica, em todos os 79 Munic\u00edpios do Estado.<\/p>\n<p data-uw-styling-context=\"true\">O projeto prev\u00ea a implanta\u00e7\u00e3o de 6.950 Km de rede de fibra \u00f3ptica, a constru\u00e7\u00e3o de um Centro de Opera\u00e7\u00f5es de Rede (COR) em Campo Grande, a disponibiliza\u00e7\u00e3o de servi\u00e7os de internet gratuita e videomonitoramento em 129 pra\u00e7as p\u00fablicas, monitoramento veicular em rodovias estaduais e na Capital, al\u00e9m da instala\u00e7\u00e3o de 15.000 ramais IP (sistema de telefonia digital que utiliza protocolo de internet para transmitir voz) entre as unidades administrativas do Estado.<\/p>\n<p data-uw-styling-context=\"true\">A previs\u00e3o de investimentos da PPP Infovia Digital \u00e9 da ordem de R$ 800 milh\u00f5es, dos quais R$ 300 milh\u00f5es na implanta\u00e7\u00e3o da infraestrutura e R$ 500 milh\u00f5es na opera\u00e7\u00e3o e manuten\u00e7\u00e3o da mesma.<\/p>\n<p><strong data-uw-styling-context=\"true\">Previs\u00e3o de Edital<\/strong><\/p>\n<p data-uw-styling-context=\"true\">Nesta sexta-feira (12) termina o per\u00edodo de Consulta P\u00fablica e a previs\u00e3o \u00e9 que o Edital seja lan\u00e7ado at\u00e9 a primeira quinzena de dezembro deste ano. \u201cAp\u00f3s a abertura do Edital, ser\u00e3o 60 dias para abertura das propostas na Bolsa de Valores B3. Entre final de fevereiro e in\u00edcio de mar\u00e7o j\u00e1 devemos conhecer o vencedor deste projeto\u201d, explicou a secret\u00e1ria Eliane.<\/p>\n<p data-uw-styling-context=\"true\">\u201cCom esse projeto, o Governo do Estado vai levar infraestrutura para os munic\u00edpios e a disponibiliza\u00e7\u00e3o de banda larga ser\u00e1 otimizada a partir dessa infraestrutura. Isso ir\u00e1 impactar diretamente na melhoria da presta\u00e7\u00e3o de servi\u00e7os p\u00fablicos. Al\u00e9m disso, a Infovia Digital ir\u00e1 trazer benef\u00edcios tanto para a acessibilidade digital da popula\u00e7\u00e3o, com a disponibiliza\u00e7\u00e3o gratuita de internet nas pra\u00e7as p\u00fablicas digitais, quanto para a seguran\u00e7a p\u00fablica preventiva, com os servi\u00e7os de videomonitoramento em pra\u00e7as p\u00fablicas e de monitoramento veicular nas rodovias estaduais e em Campo Grande\u201d, afirmou a secret\u00e1ria.<\/p>\n<p data-uw-styling-context=\"true\">Para o coordenador do projeto da PPP, R\u00e9del, os benef\u00edcios da Infovia Digital ser\u00e3o de grande magnitude para o Estado, ao proporcionar redu\u00e7\u00e3o significativa de custos proporcionais de servi\u00e7os de telecomunica\u00e7\u00f5es, inclus\u00e3o digital, al\u00e9m do aumento da competitividade do Estado.<br \/>\n&#8220;Teremos um aumento da velocidade m\u00e9dia de transmiss\u00e3o de dados por ponto, passando dos 6 Mbps m\u00e9dios contratados atualmente para 30 MBps efetivos, e o aumento da capacidade total contratada, passando dos atuais 13,7 Gbps para 350 Gbps&#8221;, ressaltou.<\/p>\n","protected":false},"excerpt":{"rendered":"<p>Reconhecendo a conectividade como uma das principais alavancas para melhoria da presta\u00e7\u00e3o de servi\u00e7os p\u00fablicos&#8230;<\/p>\n","protected":false},"author":13,"featured_media":11719952,"comment_status":"closed","ping_status":"closed","sticky":false,"template":"","format":"standard","meta":{"footnotes":""},"categories":[8,22],"tags":[],"class_list":["post-11719951","post","type-post","status-publish","format-standard","has-post-thumbnail","hentry","category-destaque","category-tecnologia"],"_links":{"self":[{"href":"https:\/\/www.corumbaonline.com.br\/news\/wp-json\/wp\/v2\/posts\/11719951","targetHints":{"allow":["GET"]}}],"collection":[{"href":"https:\/\/www.corumbaonline.com.br\/news\/wp-json\/wp\/v2\/posts"}],"about":[{"href":"https:\/\/www.corumbaonline.com.br\/news\/wp-json\/wp\/v2\/types\/post"}],"author":[{"embeddable":true,"href":"https:\/\/www.corumbaonline.com.br\/news\/wp-json\/wp\/v2\/users\/13"}],"replies":[{"embeddable":true,"href":"https:\/\/www.corumbaonline.com.br\/news\/wp-json\/wp\/v2\/comments?post=11719951"}],"version-history":[{"count":1,"href":"https:\/\/www.corumbaonline.com.br\/news\/wp-json\/wp\/v2\/posts\/11719951\/revisions"}],"predecessor-version":[{"id":11719953,"href":"https:\/\/www.corumbaonline.com.br\/news\/wp-json\/wp\/v2\/posts\/11719951\/revisions\/11719953"}],"wp:featuredmedia":[{"embeddable":true,"href":"https:\/\/www.corumbaonline.com.br\/news\/wp-json\/wp\/v2\/media\/11719952"}],"wp:attachment":[{"href":"https:\/\/www.corumbaonline.com.br\/news\/wp-json\/wp\/v2\/media?parent=11719951"}],"wp:term":[{"taxonomy":"category","embeddable":true,"href":"https:\/\/www.corumbaonline.com.br\/news\/wp-json\/wp\/v2\/categories?post=11719951"},{"taxonomy":"post_tag","embeddable":true,"href":"https:\/\/www.corumbaonline.com.br\/news\/wp-json\/wp\/v2\/tags?post=11719951"}],"curies":[{"name":"wp","href":"https:\/\/api.w.org\/{rel}","templated":true}]}}