{"id":11719966,"date":"2021-11-12T08:28:00","date_gmt":"2021-11-12T12:28:00","guid":{"rendered":"http:\/\/www.corumbaonline.com.br\/news\/?p=11719966"},"modified":"2021-11-12T09:24:23","modified_gmt":"2021-11-12T13:24:23","slug":"energisa-viabiliza-projeto-de-eficiencia-energetica-na-serra-do-amolar-no-pantanal","status":"publish","type":"post","link":"https:\/\/www.corumbaonline.com.br\/news\/energisa-viabiliza-projeto-de-eficiencia-energetica-na-serra-do-amolar-no-pantanal\/","title":{"rendered":"Energisa viabiliza Projeto de Efici\u00eancia Energ\u00e9tica na Serra do Amolar, no Pantanal"},"content":{"rendered":"<p>A Energisa firmou uma parceria com o Instituto Homem Pantaneiro (IHP) para execu\u00e7\u00e3o do Projeto de Efici\u00eancia Energ\u00e9tica em Postos de Atendimento localizados na Serra do Amolar, uma das \u00e1reas mais preservadas do Pantanal. A parceria foi firmada nesta semana, quando \u00e9 comemorado o Dia do Pantanal (12 de novembro).<\/p>\n<p><img loading=\"lazy\" decoding=\"async\" class=\"aligncenter size-medium wp-image-11719968\" src=\"https:\/\/www.corumbaonline.com.br\/news\/wp-content\/uploads\/2021\/11\/foto116596-300x187.jpg\" alt=\"\" width=\"300\" height=\"187\" srcset=\"https:\/\/www.corumbaonline.com.br\/news\/wp-content\/uploads\/2021\/11\/foto116596-300x187.jpg 300w, https:\/\/www.corumbaonline.com.br\/news\/wp-content\/uploads\/2021\/11\/foto116596-1024x639.jpg 1024w, https:\/\/www.corumbaonline.com.br\/news\/wp-content\/uploads\/2021\/11\/foto116596-768x480.jpg 768w, https:\/\/www.corumbaonline.com.br\/news\/wp-content\/uploads\/2021\/11\/foto116596-600x375.jpg 600w, https:\/\/www.corumbaonline.com.br\/news\/wp-content\/uploads\/2021\/11\/foto116596-1536x959.jpg 1536w, https:\/\/www.corumbaonline.com.br\/news\/wp-content\/uploads\/2021\/11\/foto116596-2048x1279.jpg 2048w\" sizes=\"auto, (max-width: 300px) 100vw, 300px\" \/>O projeto ir\u00e1 beneficiar as Reservas Particulares do Patrim\u00f4nio Natural (RPPNs) Engenheiro Eliezer Batista, Santa Rosa e Acurizal, al\u00e9m do S\u00edtio Serra Negra. Todas as \u00e1reas s\u00e3o geridas pelo IHP.<\/p>\n<p>Os sistemas de ilumina\u00e7\u00e3o, condicionamento de ar e refrigera\u00e7\u00e3o ser\u00e3o eficientizados, atrav\u00e9s da substitui\u00e7\u00e3o de 155 l\u00e2mpadas convencionais por l\u00e2mpadas de LED de alta efici\u00eancia, trocar de 12 aparelhos de ar condicionado de baixo rendimento por outros eficientes e substitui\u00e7\u00e3o de 02 equipamentos de refrigera\u00e7\u00e3o antigos por novos, com Selo Procel de Economia de Energia.<br \/>\n<img loading=\"lazy\" decoding=\"async\" class=\"alignleft size-medium wp-image-11719969\" src=\"https:\/\/www.corumbaonline.com.br\/news\/wp-content\/uploads\/2021\/11\/foto116597-300x199.jpg\" alt=\"\" width=\"300\" height=\"199\" srcset=\"https:\/\/www.corumbaonline.com.br\/news\/wp-content\/uploads\/2021\/11\/foto116597-300x199.jpg 300w, https:\/\/www.corumbaonline.com.br\/news\/wp-content\/uploads\/2021\/11\/foto116597-1024x681.jpg 1024w, https:\/\/www.corumbaonline.com.br\/news\/wp-content\/uploads\/2021\/11\/foto116597-768x511.jpg 768w, https:\/\/www.corumbaonline.com.br\/news\/wp-content\/uploads\/2021\/11\/foto116597-600x399.jpg 600w, https:\/\/www.corumbaonline.com.br\/news\/wp-content\/uploads\/2021\/11\/foto116597-1536x1021.jpg 1536w, https:\/\/www.corumbaonline.com.br\/news\/wp-content\/uploads\/2021\/11\/foto116597-2048x1362.jpg 2048w\" sizes=\"auto, (max-width: 300px) 100vw, 300px\" \/>O diretor-presidente da Energisa em Mato Grosso do Sul, Marcelo Vinhaes, lembra que esta \u00e9 mais uma a\u00e7\u00e3o da empresa em prol do Pantanal sul-mato-grossense. &#8220;Neste ano, demos in\u00edcio a uma iniciativa transformadora e revolucion\u00e1ria, que \u00e9 o &#8216;Ilumina Pantanal&#8217;. Pessoas que nunca tiveram acesso \u00e0 energia el\u00e9trica puderam, enfim, ter uma geladeira, por exemplo. Na semana em que comemoramos o Dia do Pantanal, vimos que ainda poder\u00edamos fazer mais. As instala\u00e7\u00f5es do IHP, na Serra do Amolar, recebem pesquisadores de v\u00e1rias partes do mundo, que se debru\u00e7am em busca de solu\u00e7\u00f5es para a conserva\u00e7\u00e3o daquela regi\u00e3o t\u00e3o preservada. Poder levar efici\u00eancia energ\u00e9tica \u00e0 Serra do Amolar tamb\u00e9m \u00e9 preservar o Pantanal&#8221;, afirma.<\/p>\n<p>Para o presidente do IHP, coronel \u00c2ngelo Rabelo, a atitude da Energisa vai ao encontro dos esfor\u00e7os de prote\u00e7\u00e3o da Serra do Amolar. &#8220;O IHP se sente honrado com essa doa\u00e7\u00e3o de equipamentos. \u00c9 algo estrat\u00e9gico para fortalecer e implementar a pesquisa cient\u00edfica e o turismo de experi\u00eancia na regi\u00e3o. Ao mesmo tempo, vai ao encontro do grande esfor\u00e7o de n\u00e3o reduzirmos as emiss\u00f5es de carbono e de n\u00e3o usarmos combust\u00edveis f\u00f3sseis&#8221;, garante.<br \/>\n<img loading=\"lazy\" decoding=\"async\" class=\"alignleft size-medium wp-image-11719967\" src=\"https:\/\/www.corumbaonline.com.br\/news\/wp-content\/uploads\/2021\/11\/foto116595-300x161.jpg\" alt=\"\" width=\"300\" height=\"161\" srcset=\"https:\/\/www.corumbaonline.com.br\/news\/wp-content\/uploads\/2021\/11\/foto116595-300x161.jpg 300w, https:\/\/www.corumbaonline.com.br\/news\/wp-content\/uploads\/2021\/11\/foto116595-1024x550.jpg 1024w, https:\/\/www.corumbaonline.com.br\/news\/wp-content\/uploads\/2021\/11\/foto116595-768x412.jpg 768w, https:\/\/www.corumbaonline.com.br\/news\/wp-content\/uploads\/2021\/11\/foto116595-600x322.jpg 600w, https:\/\/www.corumbaonline.com.br\/news\/wp-content\/uploads\/2021\/11\/foto116595.jpg 1280w\" sizes=\"auto, (max-width: 300px) 100vw, 300px\" \/><br \/>\nNas melhorias que ser\u00e3o feitas na Serra do Amolar, a Energisa vai investir mais de R$ 83 mil. O Projeto de Efici\u00eancia Energ\u00e9tica \u00e9 regulado pela Ag\u00eancia Nacional de Energia El\u00e9trica (ANEEL), que incentiva o uso adequado e eficiente da energia el\u00e9trica, sem desperd\u00edcios<\/p>\n","protected":false},"excerpt":{"rendered":"<p>A Energisa firmou uma parceria com o Instituto Homem Pantaneiro (IHP) para execu\u00e7\u00e3o do Projeto&#8230;<\/p>\n","protected":false},"author":6,"featured_media":11719970,"comment_status":"closed","ping_status":"closed","sticky":false,"template":"","format":"standard","meta":{"footnotes":""},"categories":[8,17],"tags":[],"class_list":["post-11719966","post","type-post","status-publish","format-standard","has-post-thumbnail","hentry","category-destaque","category-meio-ambiente"],"_links":{"self":[{"href":"https:\/\/www.corumbaonline.com.br\/news\/wp-json\/wp\/v2\/posts\/11719966","targetHints":{"allow":["GET"]}}],"collection":[{"href":"https:\/\/www.corumbaonline.com.br\/news\/wp-json\/wp\/v2\/posts"}],"about":[{"href":"https:\/\/www.corumbaonline.com.br\/news\/wp-json\/wp\/v2\/types\/post"}],"author":[{"embeddable":true,"href":"https:\/\/www.corumbaonline.com.br\/news\/wp-json\/wp\/v2\/users\/6"}],"replies":[{"embeddable":true,"href":"https:\/\/www.corumbaonline.com.br\/news\/wp-json\/wp\/v2\/comments?post=11719966"}],"version-history":[{"count":1,"href":"https:\/\/www.corumbaonline.com.br\/news\/wp-json\/wp\/v2\/posts\/11719966\/revisions"}],"predecessor-version":[{"id":11719972,"href":"https:\/\/www.corumbaonline.com.br\/news\/wp-json\/wp\/v2\/posts\/11719966\/revisions\/11719972"}],"wp:featuredmedia":[{"embeddable":true,"href":"https:\/\/www.corumbaonline.com.br\/news\/wp-json\/wp\/v2\/media\/11719970"}],"wp:attachment":[{"href":"https:\/\/www.corumbaonline.com.br\/news\/wp-json\/wp\/v2\/media?parent=11719966"}],"wp:term":[{"taxonomy":"category","embeddable":true,"href":"https:\/\/www.corumbaonline.com.br\/news\/wp-json\/wp\/v2\/categories?post=11719966"},{"taxonomy":"post_tag","embeddable":true,"href":"https:\/\/www.corumbaonline.com.br\/news\/wp-json\/wp\/v2\/tags?post=11719966"}],"curies":[{"name":"wp","href":"https:\/\/api.w.org\/{rel}","templated":true}]}}