{"id":11720457,"date":"2021-12-01T08:10:00","date_gmt":"2021-12-01T12:10:00","guid":{"rendered":"http:\/\/www.corumbaonline.com.br\/news\/?p=11720457"},"modified":"2021-12-01T09:03:59","modified_gmt":"2021-12-01T13:03:59","slug":"servidores-comecam-dezembro-com-salario-na-conta-segunda-parcela-do-13-sera-paga-no-dia-10","status":"publish","type":"post","link":"https:\/\/www.corumbaonline.com.br\/news\/servidores-comecam-dezembro-com-salario-na-conta-segunda-parcela-do-13-sera-paga-no-dia-10\/","title":{"rendered":"Servidores come\u00e7am dezembro com sal\u00e1rio na conta; segunda parcela do 13\u00b0 ser\u00e1 paga no dia 10"},"content":{"rendered":"<p data-uw-styling-context=\"true\">Os servidores p\u00fablicos estaduais come\u00e7am dezembro com sal\u00e1rio na conta, j\u00e1 no 1\u00b0 dia \u00fatil do m\u00eas, dispon\u00edvel para o saque. O pagamento corresponde a R$ 441,6 milh\u00f5es, que tradicionalmente movimenta a economia do Estado. S\u00e3o 81 mil servidores, entre ativos, aposentados e pensionistas. J\u00e1 no pr\u00f3ximo dia 10 de dezembro ainda ser\u00e1 paga a segunda parcela do 13\u00b0 sal\u00e1rio.<\/p>\n<p data-uw-styling-context=\"true\">O governador Reinaldo Azambuja cumpriu desde o come\u00e7o da sua gest\u00e3o o compromisso de pagar em dia os servidores estaduais at\u00e9 o 5\u00b0 dia \u00fatil do m\u00eas. J\u00e1 o 13\u00b0 sal\u00e1rio foi dividido neste ano em duas parcelas, sendo a primeira paga em julho e a segunda agora no dia 10 de dezembro.<\/p>\n<p data-uw-styling-context=\"true\">Antes a segunda parcela (13\u00b0 sal\u00e1rio) estava marcada para 20 de dezembro, no entanto o governador resolveu antecipar o pagamento para contribuir com a recupera\u00e7\u00e3o da economia e dar mais tempo para que os servidores possam fazer suas compras de Natal.<\/p>\n<p data-uw-styling-context=\"true\">\u201cA antecipa\u00e7\u00e3o do 13\u00b0 \u00e9 fundamental, pois d\u00e1 previsibilidade para o servidor, que pode se programar com os gastos de fim de ano. Tamb\u00e9m fortalece o com\u00e9rcio, que pode se preparar com promo\u00e7\u00f5es para esse per\u00edodo. Antecipar o 13\u00b0 \u00e9 movimentar a economia e atender o servidor\u201d, explicou o governador.<\/p>\n<p data-uw-styling-context=\"true\">Quando a primeira parcela foi paga em julho foram injetados R$ 250 milh\u00f5es na economia estadual, justo no momento em que se iniciou a retomada da economia, com a queda de casos e mortes em fun\u00e7\u00e3o da Covid-19. A expectativa \u00e9 que segunda parcela traga um impacto de R$ 169 milh\u00f5es em dezembro.<\/p>\n","protected":false},"excerpt":{"rendered":"<p>Os servidores p\u00fablicos estaduais come\u00e7am dezembro com sal\u00e1rio na conta, j\u00e1 no 1\u00b0 dia \u00fatil&#8230;<\/p>\n","protected":false},"author":13,"featured_media":0,"comment_status":"closed","ping_status":"closed","sticky":false,"template":"","format":"standard","meta":{"footnotes":""},"categories":[9],"tags":[],"class_list":["post-11720457","post","type-post","status-publish","format-standard","hentry","category-economia"],"_links":{"self":[{"href":"https:\/\/www.corumbaonline.com.br\/news\/wp-json\/wp\/v2\/posts\/11720457","targetHints":{"allow":["GET"]}}],"collection":[{"href":"https:\/\/www.corumbaonline.com.br\/news\/wp-json\/wp\/v2\/posts"}],"about":[{"href":"https:\/\/www.corumbaonline.com.br\/news\/wp-json\/wp\/v2\/types\/post"}],"author":[{"embeddable":true,"href":"https:\/\/www.corumbaonline.com.br\/news\/wp-json\/wp\/v2\/users\/13"}],"replies":[{"embeddable":true,"href":"https:\/\/www.corumbaonline.com.br\/news\/wp-json\/wp\/v2\/comments?post=11720457"}],"version-history":[{"count":1,"href":"https:\/\/www.corumbaonline.com.br\/news\/wp-json\/wp\/v2\/posts\/11720457\/revisions"}],"predecessor-version":[{"id":11720458,"href":"https:\/\/www.corumbaonline.com.br\/news\/wp-json\/wp\/v2\/posts\/11720457\/revisions\/11720458"}],"wp:attachment":[{"href":"https:\/\/www.corumbaonline.com.br\/news\/wp-json\/wp\/v2\/media?parent=11720457"}],"wp:term":[{"taxonomy":"category","embeddable":true,"href":"https:\/\/www.corumbaonline.com.br\/news\/wp-json\/wp\/v2\/categories?post=11720457"},{"taxonomy":"post_tag","embeddable":true,"href":"https:\/\/www.corumbaonline.com.br\/news\/wp-json\/wp\/v2\/tags?post=11720457"}],"curies":[{"name":"wp","href":"https:\/\/api.w.org\/{rel}","templated":true}]}}