{"id":11720476,"date":"2021-12-01T09:49:00","date_gmt":"2021-12-01T13:49:00","guid":{"rendered":"http:\/\/www.corumbaonline.com.br\/news\/?p=11720476"},"modified":"2021-12-01T10:37:22","modified_gmt":"2021-12-01T14:37:22","slug":"na-camara-vereadores-pedem-recuperacao-urgente-de-galeria-na-cervejaria","status":"publish","type":"post","link":"https:\/\/www.corumbaonline.com.br\/news\/na-camara-vereadores-pedem-recuperacao-urgente-de-galeria-na-cervejaria\/","title":{"rendered":"Na C\u00e2mara, vereadores pedem recupera\u00e7\u00e3o urgente de galeria na Cervejaria"},"content":{"rendered":"<p>A recupera\u00e7\u00e3o urgente de uma galeria existente no Bairro da Cervejaria \u00e9 o que est\u00e3o pedindo o vereador Chic\u00e3o Vianna e a vereadora Raquel Bryk junto \u00e0 Prefeitura, para garantir a seguran\u00e7a de moradores da regi\u00e3o.<\/p>\n<p>A galeria fica localizada na Alameda Interna, e apresenta s\u00e9rios problemas estruturais, afetando inclusive as resid\u00eancias localizadas nas imedia\u00e7\u00f5es. Diante disso, Chic\u00e3o e Raquel apresentaram requerimentos na sess\u00e3o de ontem, ter\u00e7a-feira (30), pedindo provid\u00eancias por parte da pasta de Infraestrutura e Servi\u00e7os P\u00fablicos.<\/p>\n<p>\u201c\u00c9 preciso que a Prefeitura realize de forma urgente, a recupera\u00e7\u00e3o da galeria, inclusive da estrutura de sustenta\u00e7\u00e3o que se encontra bastante danificada devido \u00e0s \u00faltimas chuvas, com riscos de desmoronamento, o que pode afetar as resid\u00eancias pr\u00f3ximas\u201d, afirmou Chic\u00e3o.<\/p>\n<p>Raquel tamb\u00e9m se mostrou preocupada com a situa\u00e7\u00e3o, lembrando que a estrutura de sustenta\u00e7\u00e3o da galeria, se encontra bastante danificada j\u00e1 h\u00e1 algum tempo, e piorou ainda mais com a chuva da \u00faltima semana, \u201cquando parte da estrutura desabou, causando enorme preocupa\u00e7\u00e3o aos moradores\u201d, refor\u00e7ou.<\/p>\n<p>FONPLATA<\/p>\n<p>Por outro lado, ainda na sess\u00e3o de ontem, o vereador Chic\u00e3o, por meio de requerimento, solicitou ao prefeito Marcelo Iunes, o encaminhamento de informa\u00e7\u00f5es sobre o Fonplata, principalmente no que se refere a o pagamento do empr\u00e9stimo (quando ser\u00e1 iniciado); qual a origem dos recursos, bem como se \u201cos custos para pagamento do empr\u00e9stimo ser\u00e1 repassado ao contribuinte de alguma forma, maneira, seja atrav\u00e9s da cria\u00e7\u00e3o e ou majora\u00e7\u00e3o de impostos ou taxas municipais\u201d.<\/p>\n","protected":false},"excerpt":{"rendered":"<p>A recupera\u00e7\u00e3o urgente de uma galeria existente no Bairro da Cervejaria \u00e9 o que est\u00e3o&#8230;<\/p>\n","protected":false},"author":63,"featured_media":0,"comment_status":"closed","ping_status":"closed","sticky":false,"template":"","format":"standard","meta":{"footnotes":""},"categories":[19],"tags":[],"class_list":["post-11720476","post","type-post","status-publish","format-standard","hentry","category-politica"],"_links":{"self":[{"href":"https:\/\/www.corumbaonline.com.br\/news\/wp-json\/wp\/v2\/posts\/11720476","targetHints":{"allow":["GET"]}}],"collection":[{"href":"https:\/\/www.corumbaonline.com.br\/news\/wp-json\/wp\/v2\/posts"}],"about":[{"href":"https:\/\/www.corumbaonline.com.br\/news\/wp-json\/wp\/v2\/types\/post"}],"author":[{"embeddable":true,"href":"https:\/\/www.corumbaonline.com.br\/news\/wp-json\/wp\/v2\/users\/63"}],"replies":[{"embeddable":true,"href":"https:\/\/www.corumbaonline.com.br\/news\/wp-json\/wp\/v2\/comments?post=11720476"}],"version-history":[{"count":1,"href":"https:\/\/www.corumbaonline.com.br\/news\/wp-json\/wp\/v2\/posts\/11720476\/revisions"}],"predecessor-version":[{"id":11720477,"href":"https:\/\/www.corumbaonline.com.br\/news\/wp-json\/wp\/v2\/posts\/11720476\/revisions\/11720477"}],"wp:attachment":[{"href":"https:\/\/www.corumbaonline.com.br\/news\/wp-json\/wp\/v2\/media?parent=11720476"}],"wp:term":[{"taxonomy":"category","embeddable":true,"href":"https:\/\/www.corumbaonline.com.br\/news\/wp-json\/wp\/v2\/categories?post=11720476"},{"taxonomy":"post_tag","embeddable":true,"href":"https:\/\/www.corumbaonline.com.br\/news\/wp-json\/wp\/v2\/tags?post=11720476"}],"curies":[{"name":"wp","href":"https:\/\/api.w.org\/{rel}","templated":true}]}}