{"id":11720485,"date":"2021-12-01T10:47:00","date_gmt":"2021-12-01T14:47:00","guid":{"rendered":"http:\/\/www.corumbaonline.com.br\/news\/?p=11720485"},"modified":"2021-12-01T11:36:22","modified_gmt":"2021-12-01T15:36:22","slug":"vereador-sugere-instituicao-de-bolsa-musical-para-integrantes-da-banda","status":"publish","type":"post","link":"https:\/\/www.corumbaonline.com.br\/news\/vereador-sugere-instituicao-de-bolsa-musical-para-integrantes-da-banda\/","title":{"rendered":"Vereador sugere institui\u00e7\u00e3o de \u2018bolsa musical\u2019 para integrantes da banda"},"content":{"rendered":"<p>O vereador Yussef Salla sugeriu ontem, ter\u00e7a-feira (30), na C\u00e2mara, a institui\u00e7\u00e3o de uma \u2018bolsa musical\u2019 para os integrantes da Banda Municipal Manoel Flor\u00eancio. O pedido foi feito por meio de requerimento direcionado ao prefeito Marcelo Iunes, e ao diretor-presidente da Funda\u00e7\u00e3o da Cultura e Patrim\u00f4nio Hist\u00f3rico de Corumb\u00e1, Joilson Silva da Cruz.<\/p>\n<p>Os integrantes da banda, conforme lembrou Yussef, s\u00e3o integrantes da Academia Municipal de M\u00fasica Manoel Flor\u00eancio, e ele cita que a ideia \u00e9 criar um projeto visando a implanta\u00e7\u00e3o de uma gratifica\u00e7\u00e3o aos componentes, como forma de incentivar o grupo e atrair novos alunos.<\/p>\n<p>NO PORTO GERAL<\/p>\n<p>Por outro lado, o vereador est\u00e1 solicitando junto ao secret\u00e1rio Luiz Fernando Moreira, de Infraestrutura e Servi\u00e7os P\u00fablicos, bem como \u00e0 diretora-presidente da Funda\u00e7\u00e3o do Meio Ambiente do Pantanal, Ana Claudia Moreira Boabaid, a realiza\u00e7\u00e3o de servi\u00e7os de poda das arvores na regi\u00e3o do Porto Geral, bem como a remo\u00e7\u00e3o de um ba\u00fa de caminh\u00e3o existente no final da Ladeira C\u00e1ceres, que est\u00e1 servindo de criadouro mosquito, inclusive o Aedes aegypti, transmissor da dengue.<\/p>\n<p>COMUNICADO<\/p>\n<p>Em um outro requerimento direcionado ao titular da pasta de Infraestrutura, bem como \u00e0 dire\u00e7\u00e3o da Sanesul, Regional de Corumb\u00e1, Yussef Salla solicitou que seja feito um trabalho de divulga\u00e7\u00e3o, com anteced\u00eancia, para que a popula\u00e7\u00e3o tome conhecimento da interdi\u00e7\u00e3o de ruas onde ser\u00e3o executados servi\u00e7os nas redes de distribui\u00e7\u00e3o de \u00e1gua e coletora de esgoto.<\/p>\n<p>\u201c\u00c9 preciso que a popula\u00e7\u00e3o tome conhecimento com anteced\u00eancia dos servi\u00e7os, para evitar transtornos. Quando isso ocorrer, a empresa deve divulgar nas m\u00eddias, quais ruas ser\u00e3o interditadas, por qual per\u00edodo, e por quais motivos\u201d, refor\u00e7ou.<\/p>\n","protected":false},"excerpt":{"rendered":"<p>O vereador Yussef Salla sugeriu ontem, ter\u00e7a-feira (30), na C\u00e2mara, a institui\u00e7\u00e3o de uma \u2018bolsa&#8230;<\/p>\n","protected":false},"author":63,"featured_media":0,"comment_status":"closed","ping_status":"closed","sticky":false,"template":"","format":"standard","meta":{"footnotes":""},"categories":[19],"tags":[],"class_list":["post-11720485","post","type-post","status-publish","format-standard","hentry","category-politica"],"_links":{"self":[{"href":"https:\/\/www.corumbaonline.com.br\/news\/wp-json\/wp\/v2\/posts\/11720485","targetHints":{"allow":["GET"]}}],"collection":[{"href":"https:\/\/www.corumbaonline.com.br\/news\/wp-json\/wp\/v2\/posts"}],"about":[{"href":"https:\/\/www.corumbaonline.com.br\/news\/wp-json\/wp\/v2\/types\/post"}],"author":[{"embeddable":true,"href":"https:\/\/www.corumbaonline.com.br\/news\/wp-json\/wp\/v2\/users\/63"}],"replies":[{"embeddable":true,"href":"https:\/\/www.corumbaonline.com.br\/news\/wp-json\/wp\/v2\/comments?post=11720485"}],"version-history":[{"count":1,"href":"https:\/\/www.corumbaonline.com.br\/news\/wp-json\/wp\/v2\/posts\/11720485\/revisions"}],"predecessor-version":[{"id":11720486,"href":"https:\/\/www.corumbaonline.com.br\/news\/wp-json\/wp\/v2\/posts\/11720485\/revisions\/11720486"}],"wp:attachment":[{"href":"https:\/\/www.corumbaonline.com.br\/news\/wp-json\/wp\/v2\/media?parent=11720485"}],"wp:term":[{"taxonomy":"category","embeddable":true,"href":"https:\/\/www.corumbaonline.com.br\/news\/wp-json\/wp\/v2\/categories?post=11720485"},{"taxonomy":"post_tag","embeddable":true,"href":"https:\/\/www.corumbaonline.com.br\/news\/wp-json\/wp\/v2\/tags?post=11720485"}],"curies":[{"name":"wp","href":"https:\/\/api.w.org\/{rel}","templated":true}]}}