{"id":11720487,"date":"2021-12-01T11:00:00","date_gmt":"2021-12-01T15:00:00","guid":{"rendered":"http:\/\/www.corumbaonline.com.br\/news\/?p=11720487"},"modified":"2021-12-01T11:41:26","modified_gmt":"2021-12-01T15:41:26","slug":"ms-enfrentou-situacao-de-seca-de-moderada-a-excepcional-em-outubro","status":"publish","type":"post","link":"https:\/\/www.corumbaonline.com.br\/news\/ms-enfrentou-situacao-de-seca-de-moderada-a-excepcional-em-outubro\/","title":{"rendered":"MS enfrentou situa\u00e7\u00e3o de seca de moderada a excepcional em outubro"},"content":{"rendered":"<p data-uw-styling-context=\"true\">A maioria dos munic\u00edpios (36) enfrentou situa\u00e7\u00e3o de seca considerada grave no m\u00eas de outubro. Os dados constam no Boletim do CEMTEC\/MS (Centro de Monitoramento do Tempo e do Clima), extra\u00eddos do Monitor de Seca da ANA (Ag\u00eancia Nacional das \u00c1guas). Outros 24 munic\u00edpios tiveram seca moderada, enquanto 16 registraram seca extrema e ainda tr\u00eas (Selv\u00edria, Parana\u00edba e Aparecida do Taboado, todos na regi\u00e3o do Bols\u00e3o), sofreram com a seca excepcional.<\/p>\n<p data-uw-styling-context=\"true\">A seca moderada provoca alguns danos \u00e0s lavouras e pastagens; c\u00f3rregos, reservat\u00f3rios ou po\u00e7os ficam com n\u00edveis baixos, pode ocorrer falta ou restri\u00e7\u00f5es volunt\u00e1rias de uso de \u00e1gua em algumas regi\u00f5es. J\u00e1 quando a seca \u00e9 considerada excepcional, h\u00e1 perdas nas lavouras e pastagens de forma excepcional e generalizada; escassez de \u00e1gua nos reservat\u00f3rios, c\u00f3rregos e po\u00e7os de \u00e1gua, criando situa\u00e7\u00f5es de emerg\u00eancia.<\/p>\n<p data-uw-styling-context=\"true\">O mapa mostra que, em Mato Grosso do Sul, em fun\u00e7\u00e3o das chuvas registradas acima da m\u00e9dia e melhora nos indicadores, houve recuo da seca grave na regi\u00e3o Sudeste, que passou \u00e0 condi\u00e7\u00e3o de seca moderada. Por outro lado, houve avan\u00e7o para seca grave (antes era moderada) na regi\u00e3o Oeste, onde est\u00e1 localizado o Pantanal, em virtude das precipita\u00e7\u00f5es abaixo da normalidade.<\/p>\n<p><a href=\"http:\/\/www.ms.gov.br\/wp-content\/uploads\/sites\/150\/2021\/11\/Arte-Monitor-Seca.jpg\"><img loading=\"lazy\" decoding=\"async\" class=\"wp-image-380586 size-full alignleft\" src=\"http:\/\/www.ms.gov.br\/wp-content\/uploads\/sites\/150\/2021\/11\/Arte-Monitor-Seca.jpg\" sizes=\"auto, (max-width: 757px) 100vw, 757px\" srcset=\"http:\/\/www.ms.gov.br\/wp-content\/uploads\/sites\/150\/2021\/11\/Arte-Monitor-Seca.jpg 757w, http:\/\/www.ms.gov.br\/wp-content\/uploads\/sites\/150\/2021\/11\/Arte-Monitor-Seca-300x192.jpg 300w, http:\/\/www.ms.gov.br\/wp-content\/uploads\/sites\/150\/2021\/11\/Arte-Monitor-Seca-350x224.jpg 350w\" alt=\"\" width=\"757\" height=\"485\" \/><\/a><\/p>\n<p data-uw-styling-context=\"true\">A coordenadora do CEMTEC\/MS, Valesca Rodriguez Fernandes, destaca que \u201cno m\u00eas de outubro observou-se precipita\u00e7\u00e3o acumulada mensal entre 200 a 400 mil\u00edmetros nas regi\u00f5es Central, Sudeste e Leste do Estado devido a atua\u00e7\u00e3o de sistemas meteorol\u00f3gicos: sistemas frontais, aliado a passagem de cavados (\u00e1reas alongadas de baixa press\u00e3o) e ao transporte de umidade e calor\u201d. Em grande parte dos munic\u00edpios, o volume de chuvas foi de 125 a 150% acima do que era esperado para o per\u00edodo. Ainda assim, devido ao longo per\u00edodo de estiagem, as chuvas n\u00e3o foram suficientes para reverter a situa\u00e7\u00e3o de seca.<\/p>\n<p data-uw-styling-context=\"true\">O Monitor de Seca \u00e9 um programa que analisa o comportamento do clima atrav\u00e9s de mapas meteorol\u00f3gicos e fornece informa\u00e7\u00f5es que facilitam a ado\u00e7\u00e3o de medidas para combater os efeitos das secas. O programa j\u00e1 existe desde 2014 e engloba os estados das regi\u00f5es Sul, Sudeste, Centro-Oeste e Nordeste, estando de fora, apenas a regi\u00e3o Norte do pa\u00eds.<\/p>\n","protected":false},"excerpt":{"rendered":"<p>A maioria dos munic\u00edpios (36) enfrentou situa\u00e7\u00e3o de seca considerada grave no m\u00eas de outubro&#8230;.<\/p>\n","protected":false},"author":13,"featured_media":11720488,"comment_status":"closed","ping_status":"closed","sticky":false,"template":"","format":"standard","meta":{"footnotes":""},"categories":[17],"tags":[],"class_list":["post-11720487","post","type-post","status-publish","format-standard","has-post-thumbnail","hentry","category-meio-ambiente"],"_links":{"self":[{"href":"https:\/\/www.corumbaonline.com.br\/news\/wp-json\/wp\/v2\/posts\/11720487","targetHints":{"allow":["GET"]}}],"collection":[{"href":"https:\/\/www.corumbaonline.com.br\/news\/wp-json\/wp\/v2\/posts"}],"about":[{"href":"https:\/\/www.corumbaonline.com.br\/news\/wp-json\/wp\/v2\/types\/post"}],"author":[{"embeddable":true,"href":"https:\/\/www.corumbaonline.com.br\/news\/wp-json\/wp\/v2\/users\/13"}],"replies":[{"embeddable":true,"href":"https:\/\/www.corumbaonline.com.br\/news\/wp-json\/wp\/v2\/comments?post=11720487"}],"version-history":[{"count":1,"href":"https:\/\/www.corumbaonline.com.br\/news\/wp-json\/wp\/v2\/posts\/11720487\/revisions"}],"predecessor-version":[{"id":11720489,"href":"https:\/\/www.corumbaonline.com.br\/news\/wp-json\/wp\/v2\/posts\/11720487\/revisions\/11720489"}],"wp:featuredmedia":[{"embeddable":true,"href":"https:\/\/www.corumbaonline.com.br\/news\/wp-json\/wp\/v2\/media\/11720488"}],"wp:attachment":[{"href":"https:\/\/www.corumbaonline.com.br\/news\/wp-json\/wp\/v2\/media?parent=11720487"}],"wp:term":[{"taxonomy":"category","embeddable":true,"href":"https:\/\/www.corumbaonline.com.br\/news\/wp-json\/wp\/v2\/categories?post=11720487"},{"taxonomy":"post_tag","embeddable":true,"href":"https:\/\/www.corumbaonline.com.br\/news\/wp-json\/wp\/v2\/tags?post=11720487"}],"curies":[{"name":"wp","href":"https:\/\/api.w.org\/{rel}","templated":true}]}}