{"id":11720500,"date":"2021-12-02T08:12:00","date_gmt":"2021-12-02T12:12:00","guid":{"rendered":"http:\/\/www.corumbaonline.com.br\/news\/?p=11720500"},"modified":"2021-12-02T08:48:36","modified_gmt":"2021-12-02T12:48:36","slug":"alms-pautada-votacao-de-15-projetos-na-ordem-do-dia-desta-quinta-feira","status":"publish","type":"post","link":"https:\/\/www.corumbaonline.com.br\/news\/alms-pautada-votacao-de-15-projetos-na-ordem-do-dia-desta-quinta-feira\/","title":{"rendered":"ALMS: pautada vota\u00e7\u00e3o de 15 projetos na Ordem do Dia desta quinta-feira"},"content":{"rendered":"<p>Os deputados da Assembleia Legislativa de Mato Grosso do Sul (ALEMS) devem apreciar 15 propostas durante a Ordem do Dia desta quinta-feira (2).\u00a0A vota\u00e7\u00e3o dos projetos acontece a partir do Plen\u00e1rio Deputado J\u00falio Maia e pode ser acompanhada ao vivo nos canais oficiais de comunica\u00e7\u00e3o da Casa de Leis &#8211; canal 9 da Claro\u00a0Net TV,\u00a0<a href=\"https:\/\/al.ms.gov.br\/TvAssembleia\" target=\"_blank\" rel=\"noopener\">TV ALEMS<\/a>,\u00a0<a href=\"https:\/\/www.youtube.com\/c\/assembleialegislativadems\" target=\"_blank\" rel=\"noopener\">Youtube<\/a>,\u00a0<a href=\"https:\/\/www.facebook.com\/assembleiams\" target=\"_blank\" rel=\"noopener\">Facebook<\/a>,\u00a0<a href=\"https:\/\/al.ms.gov.br\/RadioAssembleia\/Audios?idMenu=601\" target=\"_blank\" rel=\"noopener\">R\u00e1dio ALEMS<\/a>\u00a0e aplicativo Assembleia MS &#8211; (<a href=\"https:\/\/play.google.com\/store\/apps\/details?id=br.com.app.gpu1553513.gpu40f07c507865e03ef66422c7404ba120&amp;hl=pt_BR\" target=\"_blank\" rel=\"noopener\">Android<\/a>\/<a href=\"https:\/\/apps.apple.com\/br\/app\/assembleia-legislativa-do-ms\/id1185708415\" target=\"_blank\" rel=\"noopener\">iOS<\/a>). A sess\u00e3o ordin\u00e1ria tem in\u00edcio a partir das 9h.<\/p>\n<p><strong>2\u00aa discuss\u00e3o<\/strong><\/p>\n<p>Todas as propostas previstas para segunda discuss\u00e3o foram encaminhadas pelo Poder Executivo. O\u00a0<a href=\"http:\/\/sgpl.consulta.al.ms.gov.br\/sgpl-publico\/#\/linha-tempo?idProposicao=158181\" target=\"_blank\" rel=\"noopener\">Projeto de Lei 328\/2021<\/a>\u00a0estabelece as tabelas de subs\u00eddios e de vencimentos-base dos servidores p\u00fablicos estaduais, integrantes do Plano de Cargos, Empregos e Carreiras da administra\u00e7\u00e3o direta, das autarquias e das funda\u00e7\u00f5es do Poder Executivo do Estado, com aplica\u00e7\u00e3o do \u00edndice de revis\u00e3o geral anual para o exerc\u00edcio de 2022, conforme estabelecido em lei espec\u00edfica, e concess\u00e3o de reajustes setoriais a t\u00edtulo de corre\u00e7\u00e3o de distor\u00e7\u00f5es.<\/p>\n<p>O\u00a0<a href=\"http:\/\/sgpl.consulta.al.ms.gov.br\/sgpl-publico\/#\/linha-tempo?idProposicao=158184\" target=\"_blank\" rel=\"noopener\">Projeto de Lei 329\/2021<\/a>\u00a0altera e acrescenta dispositivos \u00e0 Lei n\u00ba 5.258, de 27 de setembro de 2018, que organiza a carreira Gest\u00e3o de Tecnologia da Informa\u00e7\u00e3o, integrada por cargos efetivos do Plano de Cargos, Empregos e Carreiras do Poder Executivo.<\/p>\n<p>O\u00a0<a href=\"http:\/\/sgpl.consulta.al.ms.gov.br\/sgpl-publico\/#\/linha-tempo?idProposicao=158186\" target=\"_blank\" rel=\"noopener\">Projeto de Lei 332\/2021<\/a>\u00a0disp\u00f5e sobre a reorganiza\u00e7\u00e3o do Plano de Cargos e Carreira dos Profissionais T\u00e9cnicos da Educa\u00e7\u00e3o Superior da Funda\u00e7\u00e3o Universidade Estadual de Mato Grosso do Sul, estabelece o quadro de pessoal da carreira Profissionais T\u00e9cnicos da Educa\u00e7\u00e3o Superior e altera dispositivos da Lei 2.230, de 2 de maio de 2001.<\/p>\n<p>O\u00a0<a href=\"http:\/\/sgpl.consulta.al.ms.gov.br\/sgpl-publico\/#\/linha-tempo?idProposicao=158190\" target=\"_blank\" rel=\"noopener\">Projeto de Lei 333\/2021<\/a>\u00a0altera a reda\u00e7\u00e3o e acrescenta dispositivos \u00e0 Lei 5.175, de 6 de abril de 2018, que disp\u00f5e sobre a reorganiza\u00e7\u00e3o das carreiras Gest\u00e3o do Sistema \u00danico de Sa\u00fade e Gest\u00e3o de Servi\u00e7os Hospitalares do Grupo Sa\u00fade P\u00fablica, e d\u00e1 outras provid\u00eancias.<\/p>\n<p><strong>1\u00aa discuss\u00e3o<\/strong><\/p>\n<p>Proposto pelo deputado Pedro Kemp (PT), o\u00a0<a href=\"http:\/\/sgpl.consulta.al.ms.gov.br\/sgpl-publico\/#\/linha-tempo?idProposicao=157840\" target=\"_blank\" rel=\"noopener\">Projeto de Lei 316\/2021<\/a>\u00a0inclui no Calend\u00e1rio Oficial de Eventos do Estado de Mato Grosso do Sul, institu\u00eddo pela Lei 3.945, de 4 de agosto de 2010, o Dia Estadual de Combate \u00e0 not\u00edcias falsas (fake news), a ser comemorado anualmente, no dia 24 de Mar\u00e7o.<\/p>\n<p>O\u00a0<a href=\"http:\/\/sgpl.consulta.al.ms.gov.br\/sgpl-publico\/#\/linha-tempo?idProposicao=157955\" target=\"_blank\" rel=\"noopener\">Projeto de Lei 322\/2021<\/a>, da deputada Mara Caseiro (PSDB), institui, no \u00e2mbito do Estado de Mato Grosso do Sul, o \u201cDia Estadual do S\u00edndico\u201d.<\/p>\n<p>Encaminhado pela Defensoria P\u00fablica, o\u00a0<a href=\"http:\/\/sgpl.consulta.al.ms.gov.br\/sgpl-publico\/#\/linha-tempo?idProposicao=158532\" target=\"_blank\" rel=\"noopener\">Projeto de Lei 347\/2021<\/a>\u00a0cria cargos de Defensora P\u00fablica e Defensor P\u00fablico para compor a estrutura de pessoal da Defensoria P\u00fablica do Estado de Mato Grosso do Sul, alterando a composi\u00e7\u00e3o do Quadro de Pessoal da Carreira.<\/p>\n<p>O\u00a0<a href=\"http:\/\/sgpl.consulta.al.ms.gov.br\/sgpl-publico\/#\/linha-tempo?idProposicao=158620\" target=\"_blank\" rel=\"noopener\">Projeto de Lei Complementar 12\/2021<\/a>, do Poder Executivo, altera e acrescenta dispositivos \u00e0 Lei Complementar 53, de 30 de agosto de 1990, \u00e0 Lei Complementar 127, de 15 de maio de 2008. Todas as propostas em primeira discuss\u00e3o contam com pareceres favor\u00e1veis da Comiss\u00e3o de Constitui\u00e7\u00e3o, Justi\u00e7a e Reda\u00e7\u00e3o (CCJR).<\/p>\n<p><strong>Discuss\u00e3o \u00fanica<\/strong><\/p>\n<p>Os Projetos de Resolu\u00e7\u00e3o 66\/2021, 81\/2021, 82\/2021, 83\/2021, 85\/2021, 86\/2021 e 87\/2021 concedem a Comenda do M\u00e9rito Legislativo. As mat\u00e9rias foram propostas respectivamente pelos deputados: Paulo Corr\u00eaa (PSDB), as duas primeiras proposi\u00e7\u00f5es; Lucas de Lima (Solidariedade); Felipe Orro (PSDB); Amarildo Cruz (PT); e Gerson Claro (PP), as duas \u00faltimas proposi\u00e7\u00f5es. Todas as mat\u00e9rias obtiveram pareceres favor\u00e1veis da CCJR.<\/p>\n","protected":false},"excerpt":{"rendered":"<p>Os deputados da Assembleia Legislativa de Mato Grosso do Sul (ALEMS) devem apreciar 15 propostas&#8230;<\/p>\n","protected":false},"author":12,"featured_media":0,"comment_status":"closed","ping_status":"closed","sticky":false,"template":"","format":"standard","meta":{"footnotes":""},"categories":[19],"tags":[],"class_list":["post-11720500","post","type-post","status-publish","format-standard","hentry","category-politica"],"_links":{"self":[{"href":"https:\/\/www.corumbaonline.com.br\/news\/wp-json\/wp\/v2\/posts\/11720500","targetHints":{"allow":["GET"]}}],"collection":[{"href":"https:\/\/www.corumbaonline.com.br\/news\/wp-json\/wp\/v2\/posts"}],"about":[{"href":"https:\/\/www.corumbaonline.com.br\/news\/wp-json\/wp\/v2\/types\/post"}],"author":[{"embeddable":true,"href":"https:\/\/www.corumbaonline.com.br\/news\/wp-json\/wp\/v2\/users\/12"}],"replies":[{"embeddable":true,"href":"https:\/\/www.corumbaonline.com.br\/news\/wp-json\/wp\/v2\/comments?post=11720500"}],"version-history":[{"count":1,"href":"https:\/\/www.corumbaonline.com.br\/news\/wp-json\/wp\/v2\/posts\/11720500\/revisions"}],"predecessor-version":[{"id":11720501,"href":"https:\/\/www.corumbaonline.com.br\/news\/wp-json\/wp\/v2\/posts\/11720500\/revisions\/11720501"}],"wp:attachment":[{"href":"https:\/\/www.corumbaonline.com.br\/news\/wp-json\/wp\/v2\/media?parent=11720500"}],"wp:term":[{"taxonomy":"category","embeddable":true,"href":"https:\/\/www.corumbaonline.com.br\/news\/wp-json\/wp\/v2\/categories?post=11720500"},{"taxonomy":"post_tag","embeddable":true,"href":"https:\/\/www.corumbaonline.com.br\/news\/wp-json\/wp\/v2\/tags?post=11720500"}],"curies":[{"name":"wp","href":"https:\/\/api.w.org\/{rel}","templated":true}]}}