{"id":11720502,"date":"2021-12-02T08:21:00","date_gmt":"2021-12-02T12:21:00","guid":{"rendered":"http:\/\/www.corumbaonline.com.br\/news\/?p=11720502"},"modified":"2021-12-02T09:00:59","modified_gmt":"2021-12-02T13:00:59","slug":"na-camara-vereador-pede-pavimentacao-de-alameda-no-bairro-aeroporto","status":"publish","type":"post","link":"https:\/\/www.corumbaonline.com.br\/news\/na-camara-vereador-pede-pavimentacao-de-alameda-no-bairro-aeroporto\/","title":{"rendered":"Na C\u00e2mara, vereador pede pavimenta\u00e7\u00e3o de alameda no Bairro Aeroporto"},"content":{"rendered":"<p>Em atendimento a reivindica\u00e7\u00e3o de moradores, o vereador Ga\u00facho da Pr\u00f3-Art est\u00e1 solicitando \u00e0 Prefeitura de Corumb\u00e1, a execu\u00e7\u00e3o de obras de pavimenta\u00e7\u00e3o de uma alameda no Bairro Aeroporto, para melhorar as condi\u00e7\u00f5es de trafegabilidade, e a qualidade de vida da comunidade local.<\/p>\n<p>O pedido foi feito durante sess\u00e3o da C\u00e2mara Municipal e direcionada ao secret\u00e1rio Luiz Fernando Moreira, de Infraestrutura e Servi\u00e7os P\u00fablicos. A via em quest\u00e3o \u00e9 a Alameda Santa Rita de C\u00e1ssia, localizada entre as ruas Gon\u00e7alves Dias e Monte Castelo, que necessita urgente d obras de infraestrutura.<\/p>\n<p>ILUMINA\u00c7\u00c3O<\/p>\n<p>Tamb\u00e9m ao titular da pasta de Infraestrutura, Ga\u00facho da Pr\u00f3-Art requereu servi\u00e7os de melhoras no sistema de ilumina\u00e7\u00e3o p\u00fablica para atender moradores de uma \u00e1rea central da cidade.<\/p>\n<p>Conforme ele, h\u00e1 necessidade de manuten\u00e7\u00e3o e substitui\u00e7\u00e3o de l\u00e2mpadas na regi\u00e3o da Rua 28 de Setembro, prolongamento da Rua Dom Aquino, trecho entre as ruas Oriental e C\u00e1ceres, que se encontra bastante escuro, deixando moradores e pessoas que trafegam pelo local, inseguros.<\/p>\n<p>Ainda \u00e0 pasta de Infraestrutura, o vereador solicitou a realiza\u00e7\u00e3o de servi\u00e7os de capina e limpeza na Rua Sete de Setembro, trecho entre as ruas Delfino Scafa, Agostinho M\u00f4naco e Alexandre de Castro, no Bairro Guat\u00f3s, para melhorar o visual do local e eliminar poss\u00edveis focos de prolifera\u00e7\u00e3o de insetos transmissores de doen\u00e7as.<\/p>\n<p>TR\u00c2NSITO<\/p>\n<p>Para garantir maior seguran\u00e7a no tr\u00e2nsito, o vereador solicitou ao diretor Paulo Andr\u00e9 Ara\u00fajo Junior, da Ag\u00eancia Municipal de Tr\u00e2nsito e Transporte (Agetrat), servi\u00e7os de reparo no sem\u00e1foro existente no cruzamento das ruas Dom Aquino e Tiradentes, no centro, que est\u00e1 com defeito com a Dom Aquino no Centro, est, podendo ocasionar acidentes na regi\u00e3o.<\/p>\n","protected":false},"excerpt":{"rendered":"<p>Em atendimento a reivindica\u00e7\u00e3o de moradores, o vereador Ga\u00facho da Pr\u00f3-Art est\u00e1 solicitando \u00e0 Prefeitura&#8230;<\/p>\n","protected":false},"author":63,"featured_media":0,"comment_status":"closed","ping_status":"closed","sticky":false,"template":"","format":"standard","meta":{"footnotes":""},"categories":[19],"tags":[],"class_list":["post-11720502","post","type-post","status-publish","format-standard","hentry","category-politica"],"_links":{"self":[{"href":"https:\/\/www.corumbaonline.com.br\/news\/wp-json\/wp\/v2\/posts\/11720502","targetHints":{"allow":["GET"]}}],"collection":[{"href":"https:\/\/www.corumbaonline.com.br\/news\/wp-json\/wp\/v2\/posts"}],"about":[{"href":"https:\/\/www.corumbaonline.com.br\/news\/wp-json\/wp\/v2\/types\/post"}],"author":[{"embeddable":true,"href":"https:\/\/www.corumbaonline.com.br\/news\/wp-json\/wp\/v2\/users\/63"}],"replies":[{"embeddable":true,"href":"https:\/\/www.corumbaonline.com.br\/news\/wp-json\/wp\/v2\/comments?post=11720502"}],"version-history":[{"count":1,"href":"https:\/\/www.corumbaonline.com.br\/news\/wp-json\/wp\/v2\/posts\/11720502\/revisions"}],"predecessor-version":[{"id":11720503,"href":"https:\/\/www.corumbaonline.com.br\/news\/wp-json\/wp\/v2\/posts\/11720502\/revisions\/11720503"}],"wp:attachment":[{"href":"https:\/\/www.corumbaonline.com.br\/news\/wp-json\/wp\/v2\/media?parent=11720502"}],"wp:term":[{"taxonomy":"category","embeddable":true,"href":"https:\/\/www.corumbaonline.com.br\/news\/wp-json\/wp\/v2\/categories?post=11720502"},{"taxonomy":"post_tag","embeddable":true,"href":"https:\/\/www.corumbaonline.com.br\/news\/wp-json\/wp\/v2\/tags?post=11720502"}],"curies":[{"name":"wp","href":"https:\/\/api.w.org\/{rel}","templated":true}]}}