{"id":11720515,"date":"2021-12-02T09:25:00","date_gmt":"2021-12-02T13:25:00","guid":{"rendered":"http:\/\/www.corumbaonline.com.br\/news\/?p=11720515"},"modified":"2021-12-02T10:20:45","modified_gmt":"2021-12-02T14:20:45","slug":"incendio-em-grafica-mobiliza-bombeiros-na-area-central","status":"publish","type":"post","link":"https:\/\/www.corumbaonline.com.br\/news\/incendio-em-grafica-mobiliza-bombeiros-na-area-central\/","title":{"rendered":"Inc\u00eandio em gr\u00e1fica mobiliza bombeiros na \u00e1rea central"},"content":{"rendered":"<p class=\"MsoNormal\">A Central de Opera\u00e7\u00f5es do Corpo de Bombeiros Militar de Corumb\u00e1 registrou e atendeu 14 ocorr\u00eancias no plant\u00e3o das \u00faltimas 24 horas.<\/p>\n<p class=\"MsoNormal\">Um inc\u00eandio em uma gr\u00e1fica localizada na rua Porto Carrero esquina com a rua Ant\u00f4nio Jo\u00e3o mobilizou a equipe de prontid\u00e3o por volta das 11h30 desta quarta-feira (1\u00b0).<\/p>\n<p class=\"MsoNormal\">No local a guarni\u00e7\u00e3o verificou que os funcion\u00e1rios j\u00e1 haviam debelado as chamas, por\u00e9m havia uma grande concentra\u00e7\u00e3o de fuma\u00e7a t\u00f3xica pela queima de materiais de f\u00e1ceis combust\u00e3o como pap\u00e9is, pl\u00e1sticos, materiais administrativos. A temperatura do local ainda elevada e foi realizado resfriamento da \u00e1rea atingida e a abertura das portas e janelas para deixar o ambiente ventilado.<\/p>\n<p class=\"MsoNormal\">No rescaldo foram utilizados aproximadamente 1 mil litros de \u00e1gua.<\/p>\n<p class=\"MsoNormal\">A propriet\u00e1ria informou que houve uma queda de energia em seguida se sentiu forte cheiro de queimado e se visualizou fa\u00edscas saindo do aparelho de ar condicionado.<\/p>\n<p class=\"MsoNormal\">Houve perda total do aparelho de ar condicionado, bobinas de plotagem, adesivos , faixas, banner, papel luminosos e outros materiais, n\u00e3o houve feridos.<\/p>\n","protected":false},"excerpt":{"rendered":"<p>A Central de Opera\u00e7\u00f5es do Corpo de Bombeiros Militar de Corumb\u00e1 registrou e atendeu 14&#8230;<\/p>\n","protected":false},"author":6,"featured_media":11720516,"comment_status":"closed","ping_status":"closed","sticky":false,"template":"","format":"standard","meta":{"footnotes":""},"categories":[18],"tags":[],"class_list":["post-11720515","post","type-post","status-publish","format-standard","has-post-thumbnail","hentry","category-seguranca"],"_links":{"self":[{"href":"https:\/\/www.corumbaonline.com.br\/news\/wp-json\/wp\/v2\/posts\/11720515","targetHints":{"allow":["GET"]}}],"collection":[{"href":"https:\/\/www.corumbaonline.com.br\/news\/wp-json\/wp\/v2\/posts"}],"about":[{"href":"https:\/\/www.corumbaonline.com.br\/news\/wp-json\/wp\/v2\/types\/post"}],"author":[{"embeddable":true,"href":"https:\/\/www.corumbaonline.com.br\/news\/wp-json\/wp\/v2\/users\/6"}],"replies":[{"embeddable":true,"href":"https:\/\/www.corumbaonline.com.br\/news\/wp-json\/wp\/v2\/comments?post=11720515"}],"version-history":[{"count":1,"href":"https:\/\/www.corumbaonline.com.br\/news\/wp-json\/wp\/v2\/posts\/11720515\/revisions"}],"predecessor-version":[{"id":11720517,"href":"https:\/\/www.corumbaonline.com.br\/news\/wp-json\/wp\/v2\/posts\/11720515\/revisions\/11720517"}],"wp:featuredmedia":[{"embeddable":true,"href":"https:\/\/www.corumbaonline.com.br\/news\/wp-json\/wp\/v2\/media\/11720516"}],"wp:attachment":[{"href":"https:\/\/www.corumbaonline.com.br\/news\/wp-json\/wp\/v2\/media?parent=11720515"}],"wp:term":[{"taxonomy":"category","embeddable":true,"href":"https:\/\/www.corumbaonline.com.br\/news\/wp-json\/wp\/v2\/categories?post=11720515"},{"taxonomy":"post_tag","embeddable":true,"href":"https:\/\/www.corumbaonline.com.br\/news\/wp-json\/wp\/v2\/tags?post=11720515"}],"curies":[{"name":"wp","href":"https:\/\/api.w.org\/{rel}","templated":true}]}}