{"id":11720547,"date":"2021-12-03T10:30:00","date_gmt":"2021-12-03T14:30:00","guid":{"rendered":"http:\/\/www.corumbaonline.com.br\/news\/?p=11720547"},"modified":"2021-12-04T01:39:14","modified_gmt":"2021-12-04T05:39:14","slug":"paulo-duarte-toma-posse-como-deputado-estadual-na-alems","status":"publish","type":"post","link":"https:\/\/www.corumbaonline.com.br\/news\/paulo-duarte-toma-posse-como-deputado-estadual-na-alems\/","title":{"rendered":"Paulo Duarte toma posse como deputado estadual na ALEMS"},"content":{"rendered":"<p>A Assembleia Legislativa de Mato Grosso do Sul (ALEMS) realizou nesta sexta-feira (3) a cerim\u00f4nia de posse do deputado Paulo Duarte (MDB), que retorna \u00e0 Casa de Leis pela terceira vez.\u00a0 Como primeiro suplente do partido Movimento Democr\u00e1tico Brasileiro, ele ocupar\u00e1 a vaga deixada pelo deputado licenciado Eduardo Rocha (MDB), que assume o cargo de secret\u00e1rio de Governo e Gest\u00e3o Estrat\u00e9gica.<\/p>\n<p>Entre as vertentes de atua\u00e7\u00e3o parlamentar, Paulo Duarte declarou \u00e0 Comunica\u00e7\u00e3o Institucional da ALEMS que continuar\u00e1 o trabalho em prol da quest\u00e3o ambiental. \u201cEu sou da regi\u00e3o do Pantanal, \u00e1rea que est\u00e1 sofrendo com a seca, tamb\u00e9m consequ\u00eancia dos aspectos da degrada\u00e7\u00e3o das nascentes. Vou atuar pelo meio ambiente que vai muito com a minha origem, mas tamb\u00e9m sou muito t\u00e9cnico. Sou economista por forma\u00e7\u00e3o, ent\u00e3o o debate da quest\u00e3o tribut\u00e1ria, as recentes vota\u00e7\u00f5es do IPVA e outros mecanismos de gera\u00e7\u00e3o de emprego e renda tamb\u00e9m estar\u00e3o na minha pauta\u201d, explicou o deputado.<\/p>\n<p>O parlamentar ainda citou a \u00e1rea da Sa\u00fade como foco. \u201cMilhares de vidas foram perdidas no estado e no Brasil, essa Casa foi um exemplo com a perda de dois deputados, Onevan de Matos e Cabo Almi. Ent\u00e3o essa trag\u00e9dia, que \u00e9 a pandemia, vai ser tratada com seriedade. Al\u00e9m disso, vou continuar debatendo no plen\u00e1rio, fiscalizando e propondo leis, articulando com outros segmentos, enfim, vou ter que fazer quatro anos de mandato em apenas um ano e vou me virar para que isso aconte\u00e7a\u201d, destacou Duarte.<\/p>\n<p>Na tribuna, o parlamentar disse que o sentimento \u00e9 de gratid\u00e3o e satisfa\u00e7\u00e3o em voltar. \u201cChego mais experiente. Sa\u00ed pai, voltei av\u00f4\u201d, brincou Duarte\u00a0disse que \u00e9 bom retornar ao Parlamento, lugar em que protagonizou in\u00fameros debates, quando esteve no partido de oposi\u00e7\u00e3o. \u201cSomos de uma \u00e9poca em que debate n\u00e3o significava ser inimigo, como \u00e9 hoje em dia, infelizmente. Aqui aprendi muito e manterei sempre a rela\u00e7\u00e3o de respeito com todos\u201d, ponderou.<\/p>\n<p>O presidente da ALEMS, deputado Paulo Corr\u00eaa (PSDB) deu posse ao novo deputado em cerim\u00f4nia no Plen\u00e1rio J\u00falio Maia. \u201cVossa excel\u00eancia tem o respeito dessa Casa e digo que vamos trabalhar juntos. Desejo toda a sorte. Vai tocar seu mandato com maestria, porque sei que voc\u00ea \u00e9 muito competente. Conte conosco e a estrutura da Casa de Leis est\u00e1 \u00e0 sua disposi\u00e7\u00e3o\u201d, ressaltou. Igualmente, o primeiro secret\u00e1rio da ALEMS, deputado Z\u00e9 Teixeira (DEM), deu boas-vindas. \u201cSeja bem-vindo meu amigo, sempre tivemos uma rela\u00e7\u00e3o fant\u00e1stica de considera\u00e7\u00e3o. Pessoa aguerrida, boa sorte nesse per\u00edodo\u201d, desejou.<\/p>\n<p>Na cerim\u00f4nia estavam presentes in\u00fameras autoridades, senadores, deputados federais, estaduais, prefeitos e vereadores. Dentre eles, o governador de Mato Grosso do Sul, Reinaldo Azambuja (PSDB), que tamb\u00e9m usou a tribuna. \u201cFui deputado aqui nesta Casa em 2006, com mandato junto com o Paulo Duarte e posso dizer que ele \u00e9 um homem de car\u00e1ter, \u00edntegro. Fomos de partidos opositores, tivemos in\u00fameros debates, mas nunca de cunha pessoal como ele bem lembrou, sempre em prol da sociedade. Sei que ele ser\u00e1 algu\u00e9m que vem para contribuir com as pol\u00edticas p\u00fablicas. Chega na hora em que estamos enviando in\u00fameros projetos para o benef\u00edcio da popula\u00e7\u00e3o\u201d, disse o governador.<\/p>\n<p>Da mesma maneira, Eduardo Rocha desejou um bom mandato. \u201cAqui na Assembleia somos grandes amigos e acima de tudo trabalhamos todos em prol do Estado. Quero desejar muita sorte, que voc\u00ea trilhe um bom caminho para ajudar o povo sul-mato-grossense\u201d, discursou Rocha, que tomar\u00e1 posse ao novo cargo em cerim\u00f4nia ainda na manh\u00e3 desta sexta-feira, na Governadoria.<\/p>\n<figure class=\"image\"><a href=\"https:\/\/www.al.ms.gov.br\/upload\/News\/2021\/12\/2021_12_03_10_39_05_a4e4def6-5cff-411c-b5de-adfd214ca02d.jpeg\" data-toggle=\"lightbox\"><img loading=\"lazy\" decoding=\"async\" src=\"https:\/\/www.al.ms.gov.br\/upload\/News\/2021\/12\/2021_12_03_10_39_05_a4e4def6-5cff-411c-b5de-adfd214ca02d.jpeg\" alt=\"\" width=\"500\" height=\"333\" \/><\/a><figcaption>&#8220;Volto mais experiente e com sentimento de gratid\u00e3o&#8221;, disse Paulo Duarte<\/figcaption><\/figure>\n<p><strong>Conhe\u00e7a o deputado<\/strong><\/p>\n<p>Paulo Roberto Duarte \u00e9 graduado em Economia e p\u00f3s-graduado em Gest\u00e3o P\u00fablica. Ingressou no servi\u00e7o p\u00fablico em 1985 como agente tribut\u00e1rio estadual e tempos depois foi aprovado em concurso p\u00fablico para fiscal de renda do Estado. Iniciou\u00a0na vida p\u00fablica em 1999 no posto de superintendente de Fiscaliza\u00e7\u00e3o Tribut\u00e1ria e em seguida ocupou os cargos de secret\u00e1rio de Fazenda, chefe da Casa Civil e secret\u00e1rio de Habita\u00e7\u00e3o e Infraestrutura do governo.<\/p>\n<p>Em 2006 foi eleito deputado estadual pela primeira vez. Em 2010 foi reeleito para o cargo na Assembleia Legislativa de Mato Grosso do Sul. Em 2012 foi eleito prefeito de Corumb\u00e1, cidade onde nasceu. Em 2018, nas \u00faltimas elei\u00e7\u00f5es ao Legislativo Estadual obteve 17.343 votos, se tornando primeiro suplente do MDB, partido em que est\u00e1 filiado atualmente. Saiba mais sobre o deputado\u00a0<a href=\"https:\/\/al.ms.gov.br\/Deputados\/Visualizar\/40\" target=\"_blank\" rel=\"noopener\">clicando aqui<\/a>.<\/p>\n","protected":false},"excerpt":{"rendered":"<p>A Assembleia Legislativa de Mato Grosso do Sul (ALEMS) realizou nesta sexta-feira (3) a cerim\u00f4nia&#8230;<\/p>\n","protected":false},"author":12,"featured_media":11720548,"comment_status":"closed","ping_status":"closed","sticky":false,"template":"","format":"standard","meta":{"footnotes":""},"categories":[8,19],"tags":[],"class_list":["post-11720547","post","type-post","status-publish","format-standard","has-post-thumbnail","hentry","category-destaque","category-politica"],"_links":{"self":[{"href":"https:\/\/www.corumbaonline.com.br\/news\/wp-json\/wp\/v2\/posts\/11720547","targetHints":{"allow":["GET"]}}],"collection":[{"href":"https:\/\/www.corumbaonline.com.br\/news\/wp-json\/wp\/v2\/posts"}],"about":[{"href":"https:\/\/www.corumbaonline.com.br\/news\/wp-json\/wp\/v2\/types\/post"}],"author":[{"embeddable":true,"href":"https:\/\/www.corumbaonline.com.br\/news\/wp-json\/wp\/v2\/users\/12"}],"replies":[{"embeddable":true,"href":"https:\/\/www.corumbaonline.com.br\/news\/wp-json\/wp\/v2\/comments?post=11720547"}],"version-history":[{"count":1,"href":"https:\/\/www.corumbaonline.com.br\/news\/wp-json\/wp\/v2\/posts\/11720547\/revisions"}],"predecessor-version":[{"id":11720549,"href":"https:\/\/www.corumbaonline.com.br\/news\/wp-json\/wp\/v2\/posts\/11720547\/revisions\/11720549"}],"wp:featuredmedia":[{"embeddable":true,"href":"https:\/\/www.corumbaonline.com.br\/news\/wp-json\/wp\/v2\/media\/11720548"}],"wp:attachment":[{"href":"https:\/\/www.corumbaonline.com.br\/news\/wp-json\/wp\/v2\/media?parent=11720547"}],"wp:term":[{"taxonomy":"category","embeddable":true,"href":"https:\/\/www.corumbaonline.com.br\/news\/wp-json\/wp\/v2\/categories?post=11720547"},{"taxonomy":"post_tag","embeddable":true,"href":"https:\/\/www.corumbaonline.com.br\/news\/wp-json\/wp\/v2\/tags?post=11720547"}],"curies":[{"name":"wp","href":"https:\/\/api.w.org\/{rel}","templated":true}]}}