{"id":11720573,"date":"2021-12-06T08:37:00","date_gmt":"2021-12-06T12:37:00","guid":{"rendered":"http:\/\/www.corumbaonline.com.br\/news\/?p=11720573"},"modified":"2021-12-06T12:15:40","modified_gmt":"2021-12-06T16:15:40","slug":"ifms-convoca-para-heteroidentificacao-em-selecao-de-cursos-tecnicos-integrados","status":"publish","type":"post","link":"https:\/\/www.corumbaonline.com.br\/news\/ifms-convoca-para-heteroidentificacao-em-selecao-de-cursos-tecnicos-integrados\/","title":{"rendered":"IFMS convoca para heteroidentifica\u00e7\u00e3o em sele\u00e7\u00e3o de cursos t\u00e9cnicos integrados"},"content":{"rendered":"<p style=\"font-weight: 400;\">O Instituto Federal de Mato Grosso do Sul (IFMS) publicou na sexta-feira, 3, a\u00a0<a href=\"http:\/\/www.ifms.edu.br:9000\/lists\/lt.php?tid=KxkNUwEAVQcGB0taAwIATlBQB1dOAAheAxsKA1EDVAQFAAVQBgkfBgBXBVQFU1NOBlAEUU4NXltTGwADBQtPUFJRVwEHWwJRAAIHH1ICAwYCUlcDTghaXAYbDFZQBk8JVlZUH1AKVgBWAgNWVAIABw\">convoca\u00e7\u00e3o para a banca de heteroidentifica\u00e7\u00e3o<\/a>\u00a0no processo seletivo para ingresso nos cursos t\u00e9cnicos integrados ao ensino m\u00e9dio em 2022.<\/p>\n<p style=\"font-weight: 400;\">Todos os candidatos que se autodeclararam pretos e pardos no ato da inscri\u00e7\u00e3o devem\u00a0confirmar a veracidade da autodeclara\u00e7\u00e3o at\u00e9 quinta-feira, 9.<\/p>\n<p style=\"font-weight: 400;\">Os convocados precisam enviar a\u00a0<a href=\"http:\/\/www.ifms.edu.br:9000\/lists\/lt.php?tid=KxlUB1IMBVIBUUtTUgRdTlAABgFOAFwBUhsPAAoBV1IBXVNQBFofBgBXBVQFU1NOBlAEUU4NXltTGwADBQtPUFJRVwEHWwJRAAIHH1ICAwYCUlcDTghaXAYbDFZQBk8JVlZUH1AKVgBWAgNWVAIABw\">autodeclara\u00e7\u00e3o de pessoa preta ou parda<\/a>\u00a0(anexo XI do edital de abertura do processo seletivo)\u00a0preenchida e assinada, al\u00e9m de uma fotografia\u00a0recente e individual, com as seguintes especifica\u00e7\u00f5es:<\/p>\n<ol>\n<li style=\"font-weight: 400;\">a) a fotografia deve ser frontal, tirada a 1,5 metro do candidato;<br \/>\nb) o candidato deve estar sentado, com as m\u00e3os abertas sobre os joelhos;<br \/>\nc) o candidato deve estar sem maquiagem, sem \u00f3culos escuros e sem chap\u00e9u, bon\u00e9 ou gorro;<br \/>\nd) o ambiente deve estar bem iluminado e com o fundo branco;<br \/>\ne) a fotografia deve ter boa resolu\u00e7\u00e3o e estar sem filtros de edi\u00e7\u00e3o; e<br \/>\nf)\u00a0 o formato da fotografia deve ser JPEG.<\/li>\n<\/ol>\n<p style=\"font-weight: 400;\">Todas as orienta\u00e7\u00f5es sobre como nomear os arquivos e como envi\u00e1-los pelo\u00a0<a href=\"http:\/\/www.ifms.edu.br:9000\/lists\/lt.php?tid=KxkHVAMAWgEBUksGVgJUTlADAQdOAF0NBxsOVFMKUANbBgwDB10fBgBXBVQFU1NOBlAEUU4NXltTGwADBQtPUFJRVwEHWwJRAAIHH1ICAwYCUlcDTghaXAYbDFZQBk8JVlZUH1AKVgBWAgNWVAIABw\">sistema online<\/a>\u00a0est\u00e3o dispon\u00edveis na convoca\u00e7\u00e3o, que est\u00e1 publicada na\u00a0<a href=\"http:\/\/www.ifms.edu.br:9000\/lists\/lt.php?tid=KxkCVFINVVVRWUsGAVEBTlBcBVFOWAwNDxsBAgMCAwVRXFEDUlofBgBXBVQFU1NOBlAEUU4NXltTGwADBQtPUFJRVwEHWwJRAAIHH1ICAwYCUlcDTghaXAYbDFZQBk8JVlZUH1AKVgBWAgNWVAIABw\">Central de Sele\u00e7\u00e3o do IFMS<\/a>.<\/p>\n<p style=\"font-weight: 400;\">O resultado da heteroidentifica\u00e7\u00e3o,\u00a0<a href=\"http:\/\/www.ifms.edu.br:9000\/lists\/lt.php?tid=KxkMU1cMBgdQWEtUBgBdTlABV1dOWAhZBBsPAgFSVQdaVVFQBg0fBgBXBVQFU1NOBlAEUU4NXltTGwADBQtPUFJRVwEHWwJRAAIHH1ICAwYCUlcDTghaXAYbDFZQBk8JVlZUH1AKVgBWAgNWVAIABw\">de acordo com o cronograma atualizado da sele\u00e7\u00e3o<\/a>, ser\u00e1 publicado no dia 17 de dezembro. O resultado final do processo seletivo e a primeira chamada est\u00e3o previstos para 5 de janeiro.<\/p>\n<p style=\"font-weight: 400;\"><b><strong>Sele\u00e7\u00e3o 2022<\/strong><\/b>\u00a0\u2013 S\u00e3o ofertadas 1.440 vagas nos munic\u00edpios de Aquidauana, Campo Grande, Corumb\u00e1, Coxim, Dourados, Jardim, Navira\u00ed, Nova Andradina, Ponta Por\u00e3 e Tr\u00eas Lagoas.<\/p>\n<p style=\"font-weight: 400;\">As vagas s\u00e3o distribu\u00eddas em 11 op\u00e7\u00f5es de cursos: Agricultura, Agropecu\u00e1ria, Alimentos, Aquicultura, Desenvolvimento de Sistemas, Edifica\u00e7\u00f5es, Eletrot\u00e9cnica, Inform\u00e1tica, Inform\u00e1tica para Internet, Mec\u00e2nica e Metalurgia.<\/p>\n<p style=\"font-weight: 400;\">A\u00a0<a href=\"http:\/\/www.ifms.edu.br:9000\/lists\/lt.php?tid=KxlQU1xeUANUUEtTBFRVTlBUCwNOAQ8AVxsBVFcBA1QBBw1QUwofBgBXBVQFU1NOBlAEUU4NXltTGwADBQtPUFJRVwEHWwJRAAIHH1ICAwYCUlcDTghaXAYbDFZQBk8JVlZUH1AKVgBWAgNWVAIABw\">classifica\u00e7\u00e3o preliminar dos candidatos<\/a>, divulgada no \u00faltimo dia 1\u00ba, foi feita por meio da an\u00e1lise das notas\/conceitos obtidos em L\u00edngua Portuguesa, Matem\u00e1tica, Ci\u00eancias, Hist\u00f3ria e Geografia no 7\u00ba ano do ensino fundamental.<\/p>\n","protected":false},"excerpt":{"rendered":"<p>O Instituto Federal de Mato Grosso do Sul (IFMS) publicou na sexta-feira, 3, a\u00a0convoca\u00e7\u00e3o para&#8230;<\/p>\n","protected":false},"author":9,"featured_media":0,"comment_status":"closed","ping_status":"closed","sticky":false,"template":"","format":"standard","meta":{"footnotes":""},"categories":[10],"tags":[],"class_list":["post-11720573","post","type-post","status-publish","format-standard","hentry","category-educacao"],"_links":{"self":[{"href":"https:\/\/www.corumbaonline.com.br\/news\/wp-json\/wp\/v2\/posts\/11720573","targetHints":{"allow":["GET"]}}],"collection":[{"href":"https:\/\/www.corumbaonline.com.br\/news\/wp-json\/wp\/v2\/posts"}],"about":[{"href":"https:\/\/www.corumbaonline.com.br\/news\/wp-json\/wp\/v2\/types\/post"}],"author":[{"embeddable":true,"href":"https:\/\/www.corumbaonline.com.br\/news\/wp-json\/wp\/v2\/users\/9"}],"replies":[{"embeddable":true,"href":"https:\/\/www.corumbaonline.com.br\/news\/wp-json\/wp\/v2\/comments?post=11720573"}],"version-history":[{"count":1,"href":"https:\/\/www.corumbaonline.com.br\/news\/wp-json\/wp\/v2\/posts\/11720573\/revisions"}],"predecessor-version":[{"id":11720574,"href":"https:\/\/www.corumbaonline.com.br\/news\/wp-json\/wp\/v2\/posts\/11720573\/revisions\/11720574"}],"wp:attachment":[{"href":"https:\/\/www.corumbaonline.com.br\/news\/wp-json\/wp\/v2\/media?parent=11720573"}],"wp:term":[{"taxonomy":"category","embeddable":true,"href":"https:\/\/www.corumbaonline.com.br\/news\/wp-json\/wp\/v2\/categories?post=11720573"},{"taxonomy":"post_tag","embeddable":true,"href":"https:\/\/www.corumbaonline.com.br\/news\/wp-json\/wp\/v2\/tags?post=11720573"}],"curies":[{"name":"wp","href":"https:\/\/api.w.org\/{rel}","templated":true}]}}