{"id":11720620,"date":"2021-12-07T09:40:00","date_gmt":"2021-12-07T13:40:00","guid":{"rendered":"http:\/\/www.corumbaonline.com.br\/news\/?p=11720620"},"modified":"2021-12-07T11:05:57","modified_gmt":"2021-12-07T15:05:57","slug":"familia-que-usava-agronegocio-para-maquiar-trafico-de-cocaina-e-alvo-da-pf-em-ms","status":"publish","type":"post","link":"https:\/\/www.corumbaonline.com.br\/news\/familia-que-usava-agronegocio-para-maquiar-trafico-de-cocaina-e-alvo-da-pf-em-ms\/","title":{"rendered":"Fam\u00edlia que usava agroneg\u00f3cio para \u2018maquiar\u2019 tr\u00e1fico de coca\u00edna \u00e9 alvo da PF em MS"},"content":{"rendered":"<p>Nesta ter\u00e7a-feira (7), a Pol\u00edcia Federal cumpre mandados em Mato Grosso do Sul, Rio Grande do Sul e Santa Catarina, contra uma empresa de agroneg\u00f3cio familiar usada para o tr\u00e1fico internacional de coca\u00edna. Irm\u00e3os g\u00eameos que gerenciam os neg\u00f3cios il\u00edcitos s\u00e3o alvos da opera\u00e7\u00e3o que cumpre 37 mandados, al\u00e9m da apreens\u00e3o de 122 bens.<\/p>\n<p>Em MS s\u00e3o cumpridos mandados em Dourados, Ponta Por\u00e3, Maracaju e Deod\u00e1polis, sendo que em Dourados s\u00e3o cumpridas duas pris\u00f5es. Equipes da Pol\u00edcia Federal est\u00e3o desde o in\u00edcio da manh\u00e3 em um escrit\u00f3rio de contabilidade e tamb\u00e9m em resid\u00eancia no Jardim M\u00f4naco em Dourados, a 225 quil\u00f4metros de Campo Grande.<\/p>\n<p>De acordo com a PF, a opera\u00e7\u00e3o \u00e9 denominada Geminus e foi deflagrada para desarticular organiza\u00e7\u00e3o criminosa dedicada ao transporte de coca\u00edna, de MS para RS. S\u00e3o cumpridos 11 mandados de pris\u00e3o preventiva e 29 de busca e apreens\u00e3o, al\u00e9m do sequestro de 52 im\u00f3veis e 70 ve\u00edculos, entre autom\u00f3veis, jet skis, caminh\u00f5es, carretas e tratores, e o bloqueio de valores em contas banc\u00e1rias de 33 pessoas f\u00edsicas e jur\u00eddicas envolvidas.<\/p>\n<p>Os bens a serem sequestrados est\u00e3o estimados em R$ 50 milh\u00f5es. A investiga\u00e7\u00e3o apurou que organiza\u00e7\u00e3o criminosa, comandada por n\u00facleo familiar estabelecido nos munic\u00edpios de Deod\u00e1polis (MS) e Viam\u00e3o (RS), utilizava o agroneg\u00f3cio e outras atividades econ\u00f4micas formais como fachada para ocultar os valores obtidos com o tr\u00e1fico internacional de drogas, principalmente de coca\u00edna.<\/p>\n<p>O grupo transportava a droga oculta em caminh\u00f5es, a partir da fronteira do Mato Grosso do Sul, para uma propriedade rural no munic\u00edpio de Viam\u00e3o (RS), de onde era distribu\u00edda para traficantes locais do Rio Grande do Sul, principalmente das regi\u00f5es de Porto Alegre e Vale dos Sinos. Durante as investiga\u00e7\u00f5es, iniciadas em agosto de 2019, a Pol\u00edcia Federal apurou que a organiza\u00e7\u00e3o criminosa movimentou 5 toneladas de coca\u00edna em um ano.<\/p>\n<p>Os valores obtidos com o tr\u00e1fico de drogas eram inseridos na economia formal atrav\u00e9s de simula\u00e7\u00e3o de presta\u00e7\u00e3o de servi\u00e7o de transporte, declara\u00e7\u00e3o de produ\u00e7\u00e3o de gr\u00e3os inexistente, atividade pecu\u00e1ria na regi\u00e3o de Deod\u00e1polis, empresa de loca\u00e7\u00e3o de m\u00e1quinas e equipamentos para a constru\u00e7\u00e3o e outras aquisi\u00e7\u00f5es de bens m\u00f3veis e im\u00f3veis em nome de terceiros.<\/p>\n<p>A opera\u00e7\u00e3o foi denominada Geminus, pois dois integrantes do alto escal\u00e3o da organiza\u00e7\u00e3o investigada s\u00e3o irm\u00e3os g\u00eameos id\u00eanticos, sendo que um deles gerencia os neg\u00f3cios il\u00edcitos no Rio Grande do Sul e o outro no Mato Grosso do Sul. Os crimes investigados na Opera\u00e7\u00e3o Geminus s\u00e3o tr\u00e1fico internacional de drogas, organiza\u00e7\u00e3o criminosa e lavagem de dinheiro.<\/p>\n<p><em><strong>Locais dos mandados de pris\u00e3o:<\/strong><\/em><\/p>\n<p>Porto Alegre\/RS: 01<\/p>\n<p>Cap\u00e3o da Canoa\/RS: 01<\/p>\n<p>Taquara\/RS: 02<\/p>\n<p>Dourados\/MS: 02<\/p>\n<p>Maracaju\/MS: 01<\/p>\n<p>Deod\u00e1polis\/MS: 02<\/p>\n<p>Florian\u00f3polis\/SC: 01<\/p>\n<p>Cambori\u00fa\/SC: 01<\/p>\n<p><em><strong>Locais dos mandados de busca e apreens\u00e3o:<\/strong><\/em><\/p>\n<p>Porto Alegre\/RS: 02<\/p>\n<p>Viam\u00e3o\/RS: 01<\/p>\n<p>Cap\u00e3o da Canoa\/RS: 02<\/p>\n<p>Taquara\/RS: 02<\/p>\n<p>Parob\u00e9\/RS: 01<\/p>\n<p>Florian\u00f3polis\/SC: 01<\/p>\n<p>Cambori\u00fa\/SC: 02<\/p>\n<p>Itaja\u00ed\/SC: 01<\/p>\n<p>Ponta Por\u00e3\/MS: 02<\/p>\n<p>Dourados\/MS: 09<\/p>\n<p>Maracaju\/MS: 02<\/p>\n<p>Deod\u00e1polis\/MS: 04<\/p>\n","protected":false},"excerpt":{"rendered":"<p>Nesta ter\u00e7a-feira (7), a Pol\u00edcia Federal cumpre mandados em Mato Grosso do Sul, Rio Grande&#8230;<\/p>\n","protected":false},"author":10,"featured_media":0,"comment_status":"closed","ping_status":"closed","sticky":false,"template":"","format":"standard","meta":{"footnotes":""},"categories":[18],"tags":[],"class_list":["post-11720620","post","type-post","status-publish","format-standard","hentry","category-seguranca"],"_links":{"self":[{"href":"https:\/\/www.corumbaonline.com.br\/news\/wp-json\/wp\/v2\/posts\/11720620","targetHints":{"allow":["GET"]}}],"collection":[{"href":"https:\/\/www.corumbaonline.com.br\/news\/wp-json\/wp\/v2\/posts"}],"about":[{"href":"https:\/\/www.corumbaonline.com.br\/news\/wp-json\/wp\/v2\/types\/post"}],"author":[{"embeddable":true,"href":"https:\/\/www.corumbaonline.com.br\/news\/wp-json\/wp\/v2\/users\/10"}],"replies":[{"embeddable":true,"href":"https:\/\/www.corumbaonline.com.br\/news\/wp-json\/wp\/v2\/comments?post=11720620"}],"version-history":[{"count":1,"href":"https:\/\/www.corumbaonline.com.br\/news\/wp-json\/wp\/v2\/posts\/11720620\/revisions"}],"predecessor-version":[{"id":11720621,"href":"https:\/\/www.corumbaonline.com.br\/news\/wp-json\/wp\/v2\/posts\/11720620\/revisions\/11720621"}],"wp:attachment":[{"href":"https:\/\/www.corumbaonline.com.br\/news\/wp-json\/wp\/v2\/media?parent=11720620"}],"wp:term":[{"taxonomy":"category","embeddable":true,"href":"https:\/\/www.corumbaonline.com.br\/news\/wp-json\/wp\/v2\/categories?post=11720620"},{"taxonomy":"post_tag","embeddable":true,"href":"https:\/\/www.corumbaonline.com.br\/news\/wp-json\/wp\/v2\/tags?post=11720620"}],"curies":[{"name":"wp","href":"https:\/\/api.w.org\/{rel}","templated":true}]}}