{"id":11720627,"date":"2021-12-07T10:22:00","date_gmt":"2021-12-07T14:22:00","guid":{"rendered":"http:\/\/www.corumbaonline.com.br\/news\/?p=11720627"},"modified":"2021-12-07T11:21:33","modified_gmt":"2021-12-07T15:21:33","slug":"concerto-de-natal-em-corumba-encerra-atividades-do-coral-do-tjms-em-2021","status":"publish","type":"post","link":"https:\/\/www.corumbaonline.com.br\/news\/concerto-de-natal-em-corumba-encerra-atividades-do-coral-do-tjms-em-2021\/","title":{"rendered":"Concerto de Natal em Corumb\u00e1 encerra atividades do Coral do TJMS em 2021"},"content":{"rendered":"<p>Corumb\u00e1 recebeu na noite da segunda-feira, 06 de dezembro, a \u00faltima apresenta\u00e7\u00e3o do Concerto de Natal do Coral do TJMS e Amigos. O prefeito Marcelo Iunes, acompanhado pela primeira-dama e secret\u00e1ria Municipal de Assist\u00eancia Social e Cidadania, Amanda Balancieri Iunes, prestigiou o espet\u00e1culo, realizado ao ar livre em frente ao pr\u00e9dio do F\u00f3rum.<\/p>\n<p>Foi a exibi\u00e7\u00e3o final desta temporada do Coral do TJMS, que desde o dia 24 de novembro, realizou concertos em Campo Grande e em outras duas cidades sul-mato-grossenses (Tr\u00eas Lagoas e Dourados). Esta foi primeira vez que um Concerto de Natal do Coral do TJMS foi levado para comarcas do interior e apresentado de forma aberta para o p\u00fablico e a sociedade local.<\/p>\n<p>O projeto foi idealizado pela administra\u00e7\u00e3o do desembargador e presidente do TJMS, Carlos Eduardo Contar, para levar esperan\u00e7a por meio da m\u00fasica. O repert\u00f3rio do espet\u00e1culo trouxe m\u00fasicas de compositores como Mozart, Massenet, Bach, Handel, al\u00e9m de duetos, solos e cl\u00e1ssicos natalinos.<\/p>\n<p>O prefeito Marcelo Iunes agradeceu ao presidente do Tribunal de Justi\u00e7a de Mato Grosso do Sul, desembargador Carlos Eduardo Contar, por incluir Corumb\u00e1 no roteiro das apresenta\u00e7\u00f5es do Coral do TJMS e proporcionar acesso gratuito a um espet\u00e1culo musical inesquec\u00edvel e de grande qualidade.<\/p>\n<p>O presidente do TJMS, desembargador Carlos Eduardo Contar, que recebeu t\u00edtulo de H\u00f3spede de Honra do Munic\u00edpio, e a ju\u00edza Lu\u00edza Vieira S\u00e1 de Figueiredo, diretora do Foro da comarca de Corumb\u00e1, tamb\u00e9m assistiram a exibi\u00e7\u00e3o.<\/p>\n<p><strong>O Coral<\/strong><\/p>\n<p>Criado em julho de 1989, o Coral do TJMS era integrado por funcion\u00e1rios e ex-funcion\u00e1rios da Secretaria do Tribunal de Justi\u00e7a, e j\u00e1 se apresentou em festivais de Campo Grande (IV Festival de Coros do Centro-Oeste, em julho de 1990) e Dourados (X Festival de Corais de Dourados, em novembro de 1990).<\/p>\n<p>Ap\u00f3s um per\u00edodo de recesso, o Coral foi reativado em mar\u00e7o de 2013, composto por funcion\u00e1rios do Poder Judici\u00e1rio de MS. A atividade que deveria ser somente para unir os servidores, trazendo qualidade de vida, mostrou resultados t\u00e3o expressivos que as apresenta\u00e7\u00f5es s\u00e3o constantes e n\u00e3o somente em solenidades do Poder Judici\u00e1rio.<\/p>\n<p>Em 2021, inova mais uma vez, agregando vozes de pessoas de outros \u00f3rg\u00e3os e amigos, com objetivo de realizar o Concerto de Natal Coral do TJMS e Amigos para abrilhantar o fim de ano do Poder Judici\u00e1rio de Mato Grosso do Sul e de quem prestigiar o evento, aberto ao p\u00fablico em geral.<\/p>\n<p>O Coral do TJMS se dedica a um repert\u00f3rio que abrange desde o canto gregoriano ao per\u00edodo contempor\u00e2neo, m\u00fasicas nacionais e internacionais, erudita, folcl\u00f3rica, popular e sacra. \u00c9 um espa\u00e7o de conviv\u00eancia e de sensibilidade onde se constroem novos sentidos musicais, novas belezas, novas t\u00e9cnicas e posturas de vida com a participa\u00e7\u00e3o dos servidores do Judici\u00e1rio.<\/p>\n<p>Os coralistas s\u00e3o liderados pelo maestro Nillo Cunha, que fortaleceu as rela\u00e7\u00f5es interpessoais dos servidores do Poder Judici\u00e1rio, em raz\u00e3o de suas habilidades como conhecimento musical, dom\u00ednio das t\u00e9cnicas de reg\u00eancia e ensaio, t\u00e9cnicas de emiss\u00e3o vocal, did\u00e1tica, entre outros. Nillo construiu uma empatia com os membros do Coral e o p\u00fablico por meio de seus gestos, olhar e express\u00e3o facial, chamando aten\u00e7\u00e3o com seus momentos de leveza e grandiosidade nas apresenta\u00e7\u00f5es. Com informa\u00e7\u00f5es do TJMS.<\/p>\n","protected":false},"excerpt":{"rendered":"<p>Corumb\u00e1 recebeu na noite da segunda-feira, 06 de dezembro, a \u00faltima apresenta\u00e7\u00e3o do Concerto de&#8230;<\/p>\n","protected":false},"author":70,"featured_media":11720628,"comment_status":"closed","ping_status":"closed","sticky":false,"template":"","format":"standard","meta":{"footnotes":""},"categories":[7,8],"tags":[],"class_list":["post-11720627","post","type-post","status-publish","format-standard","has-post-thumbnail","hentry","category-cultura","category-destaque"],"_links":{"self":[{"href":"https:\/\/www.corumbaonline.com.br\/news\/wp-json\/wp\/v2\/posts\/11720627","targetHints":{"allow":["GET"]}}],"collection":[{"href":"https:\/\/www.corumbaonline.com.br\/news\/wp-json\/wp\/v2\/posts"}],"about":[{"href":"https:\/\/www.corumbaonline.com.br\/news\/wp-json\/wp\/v2\/types\/post"}],"author":[{"embeddable":true,"href":"https:\/\/www.corumbaonline.com.br\/news\/wp-json\/wp\/v2\/users\/70"}],"replies":[{"embeddable":true,"href":"https:\/\/www.corumbaonline.com.br\/news\/wp-json\/wp\/v2\/comments?post=11720627"}],"version-history":[{"count":1,"href":"https:\/\/www.corumbaonline.com.br\/news\/wp-json\/wp\/v2\/posts\/11720627\/revisions"}],"predecessor-version":[{"id":11720629,"href":"https:\/\/www.corumbaonline.com.br\/news\/wp-json\/wp\/v2\/posts\/11720627\/revisions\/11720629"}],"wp:featuredmedia":[{"embeddable":true,"href":"https:\/\/www.corumbaonline.com.br\/news\/wp-json\/wp\/v2\/media\/11720628"}],"wp:attachment":[{"href":"https:\/\/www.corumbaonline.com.br\/news\/wp-json\/wp\/v2\/media?parent=11720627"}],"wp:term":[{"taxonomy":"category","embeddable":true,"href":"https:\/\/www.corumbaonline.com.br\/news\/wp-json\/wp\/v2\/categories?post=11720627"},{"taxonomy":"post_tag","embeddable":true,"href":"https:\/\/www.corumbaonline.com.br\/news\/wp-json\/wp\/v2\/tags?post=11720627"}],"curies":[{"name":"wp","href":"https:\/\/api.w.org\/{rel}","templated":true}]}}