{"id":11720646,"date":"2021-12-08T08:36:00","date_gmt":"2021-12-08T12:36:00","guid":{"rendered":"http:\/\/www.corumbaonline.com.br\/news\/?p=11720646"},"modified":"2021-12-08T10:30:23","modified_gmt":"2021-12-08T14:30:23","slug":"ifms-divulga-lista-de-inscritos-e-convocacao-para-nivelamento-em-cursos-de-idiomas","status":"publish","type":"post","link":"https:\/\/www.corumbaonline.com.br\/news\/ifms-divulga-lista-de-inscritos-e-convocacao-para-nivelamento-em-cursos-de-idiomas\/","title":{"rendered":"IFMS divulga lista de inscritos e convoca\u00e7\u00e3o para nivelamento em cursos de idiomas"},"content":{"rendered":"<p>O Instituto Federal de Mato Grosso do Sul (IFMS) publicou nessa ter\u00e7a-feira, 7, a\u00a0<a title=\"rela\u00e7\u00e3o preliminar das inscri\u00e7\u00f5es homologadas\" href=\"http:\/\/www.ifms.edu.br:9000\/lists\/lt.php?tid=KxkABVZZAgkCWEsAA1NUTlBUAlROW1kJAhsOV1QKUVVVVFdQUAofVgJYA1NVBFJOUFILAU4NDl0EG1oEUwpPCQBQV1cEDVtUUVcAH1ICAwYCUlcDTghaXAYbDFZQBk8JVlZUH1AKVgBWAgNWVAIABw\" target=\"_blank\" rel=\"noopener noreferrer\">rela\u00e7\u00e3o preliminar das inscri\u00e7\u00f5es homologadas<\/a>\u00a0no processo seletivo para ingresso nos cursos de Espanhol, Ingl\u00eas e Libras do Centro de Idiomas (Cenid).<\/p>\n<p>Al\u00e9m da lista de inscritos, foi publicada tamb\u00e9m a\u00a0<a title=\"convoca\u00e7\u00e3o dos candidatos para a prova de nivelamento\" href=\"http:\/\/www.ifms.edu.br:9000\/lists\/lt.php?tid=KxkNC1wOU1YAU0taVAMHTlBSUwZOWwkJBxsMX1cHAFVaUQFTXVofVgJYA1NVBFJOUFILAU4NDl0EG1oEUwpPCQBQV1cEDVtUUVcAH1ICAwYCUlcDTghaXAYbDFZQBk8JVlZUH1AKVgBWAgNWVAIABw\" target=\"_blank\" rel=\"noopener noreferrer\">convoca\u00e7\u00e3o dos candidatos para a prova de nivelamento<\/a>, que dever\u00e1 ser feita para o\u00a0ingresso nas turmas em andamento.<\/p>\n<p>As 729 vagas ofertadas s\u00e3o distribu\u00eddas entre estudantes e servidores do IFMS, e p\u00fablico em geral. Os cursos ser\u00e3o oferecidos na modalidade Forma\u00e7\u00e3o Inicial e Continuada (FIC), com turmas nos campi Aquidauana, Campo Grande, Corumb\u00e1, Coxim, Dourados, Jardim, Navira\u00ed, Nova Andradina Ponta Por\u00e3 e Tr\u00eas Lagoas.<\/p>\n<p>O edital de abertura do processo seletivo est\u00e1 publicado na\u00a0<a title=\"Central de Sele\u00e7\u00e3o do IFMS\" href=\"http:\/\/www.ifms.edu.br:9000\/lists\/lt.php?tid=KxkNCwZbVARRVEtaVFgETlBVUFtOAQsMUxsPAgJWWgVbAQwEAV0fVgJYA1NVBFJOUFILAU4NDl0EG1oEUwpPCQBQV1cEDVtUUVcAH1ICAwYCUlcDTghaXAYbDFZQBk8JVlZUH1AKVgBWAgNWVAIABw\" target=\"_blank\" rel=\"noopener noreferrer\">Central de Sele\u00e7\u00e3o do IFMS<\/a>.<\/p>\n<p><strong>Nivelamento<\/strong>\u00a0&#8211; Visa avaliar o conhecimento pr\u00e9vio do candidato no idioma ao qual ele pretende ingressar em uma turma em andamento.<\/p>\n<p>Os candidatos dever\u00e3o fazer a prova de forma online, no hor\u00e1rio previsto na convoca\u00e7\u00e3o, a partir desta quinta-feira, 9, ou nos dias 10, 13, 14, 15, 16 e 17\u00a0de dezembro.<\/p>\n<p>A prova ser\u00e1 aplicada no\u00a0<a title=\"Moodle do IFMS\" href=\"http:\/\/www.ifms.edu.br:9000\/lists\/lt.php?tid=KxkGUQFaVwlTWEtRDlcDTlBRBlVOWA8BDxsOU1AHVwEFA1QDVg0fVgJYA1NVBFJOUFILAU4NDl0EG1oEUwpPCQBQV1cEDVtUUVcAH1ICAwYCUlcDTghaXAYbDFZQBk8JVlZUH1AKVgBWAgNWVAIABw\" target=\"_blank\" rel=\"noopener noreferrer\">Moodle do IFMS<\/a>. O candidato dever\u00e1 acessar o sistema com a senha gerada no ato da inscri\u00e7\u00e3o, na Central de Sele\u00e7\u00e3o, e tamb\u00e9m enviada ao e-mail de cadastro.<\/p>\n<p>O candidato dever\u00e1 fazer a prova no per\u00edodo das 6 horas \u00e0s 23 horas. Recomenda-se que inicie at\u00e9 as 21 horas, no m\u00e1ximo, para ter tempo h\u00e1bil de concluir as quest\u00f5es.<\/p>\n<p>Caso a prova de nivelamento n\u00e3o seja realizada, o candidato ser\u00e1 desclassificado do processo seletivo.<\/p>\n<p>Todas as\u00a0<a title=\"orienta\u00e7\u00f5es necess\u00e1rias para a realiza\u00e7\u00e3o da prova de nivelamento\" href=\"http:\/\/www.ifms.edu.br:9000\/lists\/lt.php?tid=KxkHVgcOAQEAVUtRB1lSTlAGBFJOWwgIAxsOUlQLBFRaAQALV1sfVgJYA1NVBFJOUFILAU4NDl0EG1oEUwpPCQBQV1cEDVtUUVcAH1ICAwYCUlcDTghaXAYbDFZQBk8JVlZUH1AKVgBWAgNWVAIABw\" target=\"_blank\" rel=\"noopener noreferrer\">orienta\u00e7\u00f5es necess\u00e1rias para a realiza\u00e7\u00e3o da prova de nivelamento<\/a>\u00a0est\u00e3o dispon\u00edveis na Central de Sele\u00e7\u00e3o.<\/p>\n<p><strong>Datas importantes<\/strong>\u00a0&#8211; Segundo o\u00a0<a title=\"cronograma do processo seletivo\" href=\"http:\/\/www.ifms.edu.br:9000\/lists\/lt.php?tid=KxkHA1IBAQUFWUsFBQNTTlBUVgZOWAsAUhsJVAsABgQCVwJUBAsfVgJYA1NVBFJOUFILAU4NDl0EG1oEUwpPCQBQV1cEDVtUUVcAH1ICAwYCUlcDTghaXAYbDFZQBk8JVlZUH1AKVgBWAgNWVAIABw\" target=\"_blank\" rel=\"noopener noreferrer\">cronograma do processo seletivo<\/a>, no dia 22 de dezembro ser\u00e3o divulgados o resultado da prova de nivelamento e a lista preliminar de candidatos aptos ao sorteio.<\/p>\n<p>No dia 3 de janeiro ser\u00e1 publicada a rela\u00e7\u00e3o final de candidatos aptos ao sorteio, previsto para o dia 4.<\/p>\n<p>O resultado preliminar, com a classifica\u00e7\u00e3o de todos os candidatos inscritos, ser\u00e1 divulgado no dia 6 de janeiro. A classifica\u00e7\u00e3o final e a primeira chamada est\u00e3o previstas para o dia 11 do mesmo m\u00eas.<\/p>\n<p>Os convocados em primeira chamada dever\u00e3o fazer a matr\u00edcula entre os dias 13 e 18 de janeiro. As aulas come\u00e7am no dia 7 de fevereiro.<\/p>\n<p><strong>Cursos<\/strong>\u00a0&#8211; O Centro de Idiomas (Cenid) oferta cursos gratuitos que buscam fomentar o processo de internacionaliza\u00e7\u00e3o no IFMS, conduzindo o estudante \u00e0 capacita\u00e7\u00e3o, ao aperfei\u00e7oamento e ao conhecimento de uma l\u00edngua adicional.<\/p>\n<p>O certificado tem validade nacional e certifica o n\u00edvel de compet\u00eancia lingu\u00edstica na conclus\u00e3o de cada etapa do curso.<\/p>\n<p>Mais informa\u00e7\u00f5es est\u00e3o dispon\u00edveis na\u00a0<a title=\"p\u00e1gina dos cursos de Idiomas do IFMS\" href=\"http:\/\/www.ifms.edu.br:9000\/lists\/lt.php?tid=KxkDU1QJAFZSVEsABVVRTlADCwROAF5dBBtaBFQHUgECBgALV1kfVgJYA1NVBFJOUFILAU4NDl0EG1oEUwpPCQBQV1cEDVtUUVcAH1ICAwYCUlcDTghaXAYbDFZQBk8JVlZUH1AKVgBWAgNWVAIABw\" target=\"_blank\" rel=\"noopener noreferrer\">p\u00e1gina dos cursos de Idiomas do IFMS<\/a>.<\/p>\n","protected":false},"excerpt":{"rendered":"<p>O Instituto Federal de Mato Grosso do Sul (IFMS) publicou nessa ter\u00e7a-feira, 7, a\u00a0rela\u00e7\u00e3o preliminar&#8230;<\/p>\n","protected":false},"author":9,"featured_media":0,"comment_status":"closed","ping_status":"closed","sticky":false,"template":"","format":"standard","meta":{"footnotes":""},"categories":[10],"tags":[],"class_list":["post-11720646","post","type-post","status-publish","format-standard","hentry","category-educacao"],"_links":{"self":[{"href":"https:\/\/www.corumbaonline.com.br\/news\/wp-json\/wp\/v2\/posts\/11720646","targetHints":{"allow":["GET"]}}],"collection":[{"href":"https:\/\/www.corumbaonline.com.br\/news\/wp-json\/wp\/v2\/posts"}],"about":[{"href":"https:\/\/www.corumbaonline.com.br\/news\/wp-json\/wp\/v2\/types\/post"}],"author":[{"embeddable":true,"href":"https:\/\/www.corumbaonline.com.br\/news\/wp-json\/wp\/v2\/users\/9"}],"replies":[{"embeddable":true,"href":"https:\/\/www.corumbaonline.com.br\/news\/wp-json\/wp\/v2\/comments?post=11720646"}],"version-history":[{"count":1,"href":"https:\/\/www.corumbaonline.com.br\/news\/wp-json\/wp\/v2\/posts\/11720646\/revisions"}],"predecessor-version":[{"id":11720647,"href":"https:\/\/www.corumbaonline.com.br\/news\/wp-json\/wp\/v2\/posts\/11720646\/revisions\/11720647"}],"wp:attachment":[{"href":"https:\/\/www.corumbaonline.com.br\/news\/wp-json\/wp\/v2\/media?parent=11720646"}],"wp:term":[{"taxonomy":"category","embeddable":true,"href":"https:\/\/www.corumbaonline.com.br\/news\/wp-json\/wp\/v2\/categories?post=11720646"},{"taxonomy":"post_tag","embeddable":true,"href":"https:\/\/www.corumbaonline.com.br\/news\/wp-json\/wp\/v2\/tags?post=11720646"}],"curies":[{"name":"wp","href":"https:\/\/api.w.org\/{rel}","templated":true}]}}