{"id":11720656,"date":"2021-12-08T09:42:00","date_gmt":"2021-12-08T13:42:00","guid":{"rendered":"http:\/\/www.corumbaonline.com.br\/news\/?p=11720656"},"modified":"2021-12-08T11:35:02","modified_gmt":"2021-12-08T15:35:02","slug":"mis-realiza-nesta-quarta-feira-a-primeira-sessao-noturna-presencial-com-filme-premiado-madalena","status":"publish","type":"post","link":"https:\/\/www.corumbaonline.com.br\/news\/mis-realiza-nesta-quarta-feira-a-primeira-sessao-noturna-presencial-com-filme-premiado-madalena\/","title":{"rendered":"MIS realiza nesta quarta-feira a primeira sess\u00e3o noturna presencial com filme premiado \u201cMadalena\u201d"},"content":{"rendered":"<p data-uw-styling-context=\"true\">O Museu da Imagem e do Som (MIS-MS), unidade da Funda\u00e7\u00e3o de Cultura de MS, realiza sua primeira sess\u00e3o presencial noturna de cinema com a exibi\u00e7\u00e3o do filme premiado \u201cMadalena\u201d, como uma forma de retomada dos eventos presenciais, respeitando os protocolos de biosseguran\u00e7a. A exibi\u00e7\u00e3o ser\u00e1 nesta quarta-feira (08), \u00e0s 19 horas, no MIS, que fica no 3\u00ba andar do Memorial da Cultura. O evento \u00e9 aberto ao p\u00fablico e a entrada \u00e9 franca.<\/p>\n<p><a href=\"https:\/\/www.fundacaodecultura.ms.gov.br\/wp-content\/webpc-passthru.php?src=https:\/\/www.fundacaodecultura.ms.gov.br\/wp-content\/uploads\/2021\/12\/filme-Madalena2.jpg&amp;nocache=1\"><img loading=\"lazy\" decoding=\"async\" class=\"wp-image-39886 alignleft\" src=\"https:\/\/www.fundacaodecultura.ms.gov.br\/wp-content\/webpc-passthru.php?src=https:\/\/www.fundacaodecultura.ms.gov.br\/wp-content\/uploads\/2021\/12\/filme-Madalena2-300x125.jpg&amp;nocache=1\" alt=\"\" width=\"564\" height=\"235\" \/><\/a><\/p>\n<p data-uw-styling-context=\"true\">O premiado \u201c<strong data-uw-styling-context=\"true\">Madalena\u201d<\/strong>, primeiro longa-metragem de fic\u00e7\u00e3o de Madiano Marcheti, tem como ponto de partida o corpo de Madalena, encontrado em uma planta\u00e7\u00e3o de soja. Na sequ\u00eancia a trama acompanha a hist\u00f3ria de tr\u00eas jovens &#8211; Luziane (Nat\u00e1lia Mazarim), Bianca (Pamella Yule) e Cristiano (Rafael de Bona), que vivem contextos diferentes em uma mesma cidade. Embora n\u00e3o se conhe\u00e7am, o esp\u00edrito de Madalena que esvoa\u00e7a sobre a cidade, torna-se um elo entre os tr\u00eas. O longa denuncia a viol\u00eancia constante do pa\u00eds que mais mata a popula\u00e7\u00e3o LGBTQIA+.\u00a0 \u201c<strong data-uw-styling-context=\"true\">Madalena<\/strong>&#8221; foi rodado em Dourados, e contou com mais de 20 atores do Estado no elenco.<\/p>\n<p data-uw-styling-context=\"true\">Cl\u00e9lia Bessa, Joel Pizzini, S\u00e9rgio Pedrosa, Marcos Pieri, Beatriz Martins s\u00e3o os produtores do longa. A produ\u00e7\u00e3o \u00e9 da P\u00f3loFilme e da Raccord, em coprodu\u00e7\u00e3o com Vira Lata e Terceira Margem. No elenco, Nat\u00e1lia Mazarim, Rafael de Bona, Pamella Yule, Chloe Milan, Mariane C\u00e1ceres, N\u00e1dja Mitidiero, Joana Castro, Edilton Ramos, Maria Leite, Antonio Salvador e Lucas Miralles.<\/p>\n<p><a href=\"https:\/\/www.fundacaodecultura.ms.gov.br\/wp-content\/webpc-passthru.php?src=https:\/\/www.fundacaodecultura.ms.gov.br\/wp-content\/uploads\/2021\/12\/filme-Madalena3.jpg&amp;nocache=1\"><img loading=\"lazy\" decoding=\"async\" class=\"wp-image-39887 alignright\" src=\"https:\/\/www.fundacaodecultura.ms.gov.br\/wp-content\/webpc-passthru.php?src=https:\/\/www.fundacaodecultura.ms.gov.br\/wp-content\/uploads\/2021\/12\/filme-Madalena3-300x125.jpg&amp;nocache=1\" alt=\"\" width=\"564\" height=\"235\" \/><\/a><\/p>\n<p data-uw-styling-context=\"true\">Com estreia mundial no 50\u00ba Festival Internacional de Cinema de Roterd\u00e3o (Holanda), o filme j\u00e1 foi selecionado para mais de 30 festivais internacionais e conquistou oito pr\u00eamios. Destaca-se a sele\u00e7\u00e3o para o Festival Internacional de San Sebastian (Espanha), Festival de Biarritz (Fran\u00e7a) e Festival de Cinema de Lima Pucp (Peru), neste \u00faltimo sendo consagrado com tr\u00eas pr\u00eamios: Melhor Filme, Melhor Interpreta\u00e7\u00e3o com o pr\u00eamio Gio aos filmes LGTBIQ+ de Cr\u00f4nicas de Diversidade) para Pamella Yulle e Melhor Dire\u00e7\u00e3o tamb\u00e9m com com pr\u00eamio Gio. No Brasil o filme teve sua estreia na 45\u00aa Mostra Internacional de Cinema de S\u00e3o Paulo e foi exibido no Festival Mix Brasil de Cultura e Diversidade conquistando o Pr\u00eamio de Melhor Diretor.<\/p>\n<p data-uw-styling-context=\"true\"><strong data-uw-styling-context=\"true\">Sinopse:<\/strong>\u00a0Entre as vidas de Luziane, Cristiano e Bianca h\u00e1 pouca coisa em comum al\u00e9m do fato de viverem em uma pequena cidade cercada de planta\u00e7\u00f5es de soja no interior do Brasil. Embora n\u00e3o se conhe\u00e7am, os tr\u00eas s\u00e3o afetados pelo desaparecimento de Madalena. Em regi\u00f5es diferentes da cidade, cada um deles encontra seu modo de responder a essa aus\u00eancia.\u00a0<strong>\u00a0<\/strong><\/p>\n<p><strong data-uw-styling-context=\"true\">FICHA T\u00c9CNICA<\/strong><\/p>\n<p data-uw-styling-context=\"true\">Diretor: Madiano Marcheti<\/p>\n<p data-uw-styling-context=\"true\">Produtores: Cl\u00e9lia Bessa, Joel Pizzini, S\u00e9rgio Pedrosa, Marcos Pieri, Beatriz Martins<\/p>\n<p data-uw-styling-context=\"true\">Roteiristas: Madiano Marcheti, Thiago Gallego, Thiago Ortman, Tiago Coelho<\/p>\n<p data-uw-styling-context=\"true\">Fot\u00f3grafos: Guilherme Tostes, Tiago Rios<\/p>\n<p data-uw-styling-context=\"true\">Montadora: Lia Kulakauskas<\/p>\n<p data-uw-styling-context=\"true\">Diretora de Arte: Rocio Moure<\/p>\n<p data-uw-styling-context=\"true\">Editor de Som e Mixador: Bernardo Uzeda<\/p>\n<p><strong data-uw-styling-context=\"true\">SERVI\u00c7O:<\/strong><\/p>\n<p data-uw-styling-context=\"true\">Exibi\u00e7\u00e3o do filme \u201cMadalena\u201d<\/p>\n<p data-uw-styling-context=\"true\">Data: 8 de dezembro, quarta-feira<\/p>\n<p data-uw-styling-context=\"true\">Hor\u00e1rio: 19 horas<\/p>\n<p data-uw-styling-context=\"true\">Local: Museu da Imagem e do Som<\/p>\n<p data-uw-styling-context=\"true\">Endere\u00e7o: Avenida Fernando Corr\u00eaa da Costa, 559, Centro.<\/p>\n<p><strong data-uw-styling-context=\"true\">Entrada franca<\/strong><\/p>\n","protected":false},"excerpt":{"rendered":"<p>O Museu da Imagem e do Som (MIS-MS), unidade da Funda\u00e7\u00e3o de Cultura de MS,&#8230;<\/p>\n","protected":false},"author":13,"featured_media":11720657,"comment_status":"closed","ping_status":"closed","sticky":false,"template":"","format":"standard","meta":{"footnotes":""},"categories":[7],"tags":[],"class_list":["post-11720656","post","type-post","status-publish","format-standard","has-post-thumbnail","hentry","category-cultura"],"_links":{"self":[{"href":"https:\/\/www.corumbaonline.com.br\/news\/wp-json\/wp\/v2\/posts\/11720656","targetHints":{"allow":["GET"]}}],"collection":[{"href":"https:\/\/www.corumbaonline.com.br\/news\/wp-json\/wp\/v2\/posts"}],"about":[{"href":"https:\/\/www.corumbaonline.com.br\/news\/wp-json\/wp\/v2\/types\/post"}],"author":[{"embeddable":true,"href":"https:\/\/www.corumbaonline.com.br\/news\/wp-json\/wp\/v2\/users\/13"}],"replies":[{"embeddable":true,"href":"https:\/\/www.corumbaonline.com.br\/news\/wp-json\/wp\/v2\/comments?post=11720656"}],"version-history":[{"count":1,"href":"https:\/\/www.corumbaonline.com.br\/news\/wp-json\/wp\/v2\/posts\/11720656\/revisions"}],"predecessor-version":[{"id":11720658,"href":"https:\/\/www.corumbaonline.com.br\/news\/wp-json\/wp\/v2\/posts\/11720656\/revisions\/11720658"}],"wp:featuredmedia":[{"embeddable":true,"href":"https:\/\/www.corumbaonline.com.br\/news\/wp-json\/wp\/v2\/media\/11720657"}],"wp:attachment":[{"href":"https:\/\/www.corumbaonline.com.br\/news\/wp-json\/wp\/v2\/media?parent=11720656"}],"wp:term":[{"taxonomy":"category","embeddable":true,"href":"https:\/\/www.corumbaonline.com.br\/news\/wp-json\/wp\/v2\/categories?post=11720656"},{"taxonomy":"post_tag","embeddable":true,"href":"https:\/\/www.corumbaonline.com.br\/news\/wp-json\/wp\/v2\/tags?post=11720656"}],"curies":[{"name":"wp","href":"https:\/\/api.w.org\/{rel}","templated":true}]}}