{"id":11720672,"date":"2021-12-08T10:51:00","date_gmt":"2021-12-08T14:51:00","guid":{"rendered":"http:\/\/www.corumbaonline.com.br\/news\/?p=11720672"},"modified":"2021-12-08T12:52:36","modified_gmt":"2021-12-08T16:52:36","slug":"eco-pantanal-extremo-vai-reunir-grandes-nomes-dos-esportes-de-aventura-em-corumba","status":"publish","type":"post","link":"https:\/\/www.corumbaonline.com.br\/news\/eco-pantanal-extremo-vai-reunir-grandes-nomes-dos-esportes-de-aventura-em-corumba\/","title":{"rendered":"Eco Pantanal Extremo vai reunir grandes nomes dos esportes de aventura em Corumb\u00e1"},"content":{"rendered":"<p>O Eco Pantanal Extremo \u2013 Jogos de Aventura 2021 vai reunir em Corumb\u00e1 os principais nomes do Stand Up Paddle (SUP), Tiro Pr\u00e1tico, Canoagem, Corrida de Trilha, Mountain Bike e Maratona Aqu\u00e1tica. Este ano, o Eco Pantanal Extremo vai reunir mais de mil atletas nestas seis modalidades\u00a0entre os dias 10 e 12 de dezembro.<\/p>\n<p>Dois medalhistas paraol\u00edmpicos v\u00e3o disputar as provas de Canoagem. V\u00e3o participar das provas em Corumb\u00e1 o campe\u00e3o paral\u00edmpico na categoria VL2 das Paralimp\u00edadas de T\u00f3quio 2020\/21, Fernando Rufino \u201cCowboy de A\u00e7o\u201d e o medalhista de prata na categoria VL3 das Paralimp\u00edadas de T\u00f3quio 2020\/21, Giovane Vieira \u201cPantera Negra\u201d.<\/p>\n<p>O Tiro Pr\u00e1tico trar\u00e1 a Corumb\u00e1 Julia Lagoeiro, que \u00e9 atleta de IPSC desde 2017. Julia \u00e9 quatro vezes campe\u00e3 estadual Production (damas); campe\u00e3 estadual Production 2018 (overall); bronze no Panamericano de 2018 na Jamaica, na divis\u00e3o Production, categoria damas; bicampe\u00e3 Brasileira Production (damas) 2019-2020 e campe\u00e3 Latino Americana em 2019 na Argentina, na divis\u00e3o Production, categoria damas. \u00c9 atleta Taurus\/CBC desde junho de 2020.<\/p>\n<p>Tamb\u00e9m vai competir no Tiro Pr\u00e1tico do Eco Pantanal Extremo \u2013 Jogos de Aventura 2021, o atleta amazonense, M\u00e1rio Neto, que \u00e9 campe\u00e3o Brasileiro Standard; terceiro lugar Mundial Standard J\u00fanior; 7 vezes campe\u00e3o Brasileiro Standard J\u00fanior e campe\u00e3o Pan Americano J\u00fanior. O campe\u00e3o Mundial S\u00eanior Rev\u00f3lver, Moacir Azevedo, vai participar das disputas em Corumb\u00e1.<\/p>\n<p>Ainda disputam o Tiro Pr\u00e1tico, o tetracampe\u00e3o brasileiro de IPSC Divis\u00e3o Standard (2015-2016-2019-2020), \u00c1lvaro Neto, e Akira Yamagushi, tri campe\u00e3o brasileiro Production Overall \u2013 2016-2018-2020.<\/p>\n<p>O t\u00e9cnico da sele\u00e7\u00e3o brasileira de Stand Up Paddle, Am\u00e9rico Pinheiro, e campe\u00e3 pan-americana de Stand Up Paddle, Lena Ribeiro, ser\u00e3o \u00e1rbitros da modalidade na competi\u00e7\u00e3o de Corumb\u00e1.<\/p>\n<p><strong>Programa\u00e7\u00e3o das provas<\/strong><\/p>\n<p>O Eco Pantanal Extremo \u2013 Jogos de Aventura 2021 ser\u00e1 aberto oficialmente nesta quinta-feira, 09 de dezembro, \u00e0s 19 horas, em cerim\u00f4nia aberta ao p\u00fablico, que seguir\u00e1 todas as medidas de biosseguran\u00e7a necess\u00e1rias contra a Covid-19.<\/p>\n<p>As provas come\u00e7am efetivamente na sexta-feira, dia 10, pela manh\u00e3. \u00c0s 07h30 ser\u00e1 realizado o pr\u00e9-match do Tiro Pr\u00e1tico no Clube de Tiro Esportivo do Pantanal. No mesmo dia, das 08h \u00e0s 17 horas, ser\u00e1 feita a entrega dos kits aos atletas e os congressos t\u00e9cnicos do SUP, Canoagem e Corrida de Trilha, \u00e0s 17h, 18h e 19 horas, respectivamente.<\/p>\n<p>No s\u00e1bado, dia 11, o SUP come\u00e7a \u00e0s 7 horas na Prainha do Porto Geral. \u00c0s 7h30, o match do Tiro Pr\u00e1tico volta a movimentar o Clube de Tiro Esportivo. \u00c0s 15 horas \u00e9 a vez da Canoagem ser a atra\u00e7\u00e3o principal na Prainha. \u00c0s 15h30 come\u00e7a a Corrida de Trilha, com largada e chegada na rua Manoel Cavassa. No local tamb\u00e9m ser\u00e1 montada uma pra\u00e7a de alimenta\u00e7\u00e3o para atender os competidores e o p\u00fablico presente no maior evento multiesportivo do Mato Grosso do Sul.<\/p>\n<p>Ainda no s\u00e1bado, acontecem os congressos t\u00e9cnicos do Mountain Bike da Maratona Aqu\u00e1tica. Fechando o evento no dia 12, domingo, o MTB ter\u00e1 largada \u00e0s 7 horas do p\u00f3rtico montado na rua Manoel Cavassa. A Maratona Aqu\u00e1tica, por sua vez, ter\u00e1 largada \u00e0s 8 horas do rio Paraguai e chegada na Prainha do Porto Geral.<\/p>\n<p>O Eco Pantanal Extremo \u2013 Jogos de Aventura 2021 tem o apoio t\u00e9cnica da Federa\u00e7\u00e3o MS de Ciclismo (FMSC); Federa\u00e7\u00e3o de Atletismo de Mato Grosso do Sul (FAMS); Federa\u00e7\u00e3o Sul-Mato-Grossense de Stand up Paddle (FSMSUP); Federa\u00e7\u00e3o de Desportos Aqu\u00e1ticos de Mato Grosso do Sul (FEDAMS); da Federa\u00e7\u00e3o Sul-Mato-Grossense de Tiro Pr\u00e1tico (FSMTP); e da Federa\u00e7\u00e3o de Canoagem de Mato Grosso do Sul.<\/p>\n<div id=\"gallery-1\" class=\"gallery galleryid-121858 gallery-columns-3 gallery-size-full\">\n<figure class=\"gallery-item\">\n<div class=\"gallery-icon landscape\"><a role=\"link\" href=\"https:\/\/www.corumba.ms.gov.br\/?attachment_id=121857\"><img loading=\"lazy\" decoding=\"async\" class=\"attachment-full size-full\" src=\"https:\/\/www.corumba.ms.gov.br\/wp-content\/uploads\/2021\/12\/Foto-Rene-Marcio-CarneiroCanoagem-6.jpg\" sizes=\"auto, (max-width: 1200px) 100vw, 1200px\" srcset=\"https:\/\/www.corumba.ms.gov.br\/wp-content\/uploads\/2021\/12\/Foto-Rene-Marcio-CarneiroCanoagem-6.jpg 1200w, https:\/\/www.corumba.ms.gov.br\/wp-content\/uploads\/2021\/12\/Foto-Rene-Marcio-CarneiroCanoagem-6-300x200.jpg 300w, https:\/\/www.corumba.ms.gov.br\/wp-content\/uploads\/2021\/12\/Foto-Rene-Marcio-CarneiroCanoagem-6-1024x683.jpg 1024w, https:\/\/www.corumba.ms.gov.br\/wp-content\/uploads\/2021\/12\/Foto-Rene-Marcio-CarneiroCanoagem-6-768x512.jpg 768w\" alt=\"\" width=\"1200\" height=\"800\" aria-describedby=\"gallery-1-121857\" \/><\/a><\/div><figcaption id=\"gallery-1-121857\" class=\"wp-caption-text gallery-caption\">Campe\u00e3o paral\u00edmpico em T\u00f3quio, Fernando Rufino \u201cCowboy de A\u00e7o\u201d, vai disputar provas de Canoagem (Ren\u00ea Marcio Carneiro\/PMC Arquivo)<\/figcaption><\/figure>\n<figure class=\"gallery-item\">\n<div class=\"gallery-icon landscape\"><a role=\"link\" href=\"https:\/\/www.corumba.ms.gov.br\/?attachment_id=121855\"><img loading=\"lazy\" decoding=\"async\" class=\"attachment-full size-full\" src=\"https:\/\/www.corumba.ms.gov.br\/wp-content\/uploads\/2021\/12\/Foto-Rene-Marcio-CarneiroCanoagem-4.jpg\" sizes=\"auto, (max-width: 1200px) 100vw, 1200px\" srcset=\"https:\/\/www.corumba.ms.gov.br\/wp-content\/uploads\/2021\/12\/Foto-Rene-Marcio-CarneiroCanoagem-4.jpg 1200w, https:\/\/www.corumba.ms.gov.br\/wp-content\/uploads\/2021\/12\/Foto-Rene-Marcio-CarneiroCanoagem-4-300x200.jpg 300w, https:\/\/www.corumba.ms.gov.br\/wp-content\/uploads\/2021\/12\/Foto-Rene-Marcio-CarneiroCanoagem-4-1024x683.jpg 1024w, https:\/\/www.corumba.ms.gov.br\/wp-content\/uploads\/2021\/12\/Foto-Rene-Marcio-CarneiroCanoagem-4-768x512.jpg 768w\" alt=\"\" width=\"1200\" height=\"800\" aria-describedby=\"gallery-1-121855\" \/><\/a><\/div><figcaption id=\"gallery-1-121855\" class=\"wp-caption-text gallery-caption\">Campe\u00e3o paral\u00edmpico em T\u00f3quio, Fernando Rufino \u201cCowboy de A\u00e7o\u201d, vai disputar provas de Canoagem (Ren\u00ea Marcio Carneiro\/PMC Arquivo)<\/figcaption><\/figure>\n<figure class=\"gallery-item\">\n<div class=\"gallery-icon landscape\"><a role=\"link\" href=\"https:\/\/www.corumba.ms.gov.br\/?attachment_id=121854\"><img loading=\"lazy\" decoding=\"async\" class=\"attachment-full size-full\" src=\"https:\/\/www.corumba.ms.gov.br\/wp-content\/uploads\/2021\/12\/Foto-Rene-Marcio-CarneiroCanoagem-3.jpg\" sizes=\"auto, (max-width: 1200px) 100vw, 1200px\" srcset=\"https:\/\/www.corumba.ms.gov.br\/wp-content\/uploads\/2021\/12\/Foto-Rene-Marcio-CarneiroCanoagem-3.jpg 1200w, https:\/\/www.corumba.ms.gov.br\/wp-content\/uploads\/2021\/12\/Foto-Rene-Marcio-CarneiroCanoagem-3-300x200.jpg 300w, https:\/\/www.corumba.ms.gov.br\/wp-content\/uploads\/2021\/12\/Foto-Rene-Marcio-CarneiroCanoagem-3-1024x683.jpg 1024w, https:\/\/www.corumba.ms.gov.br\/wp-content\/uploads\/2021\/12\/Foto-Rene-Marcio-CarneiroCanoagem-3-768x512.jpg 768w\" alt=\"\" width=\"1200\" height=\"800\" aria-describedby=\"gallery-1-121854\" \/><\/a><\/div><figcaption id=\"gallery-1-121854\" class=\"wp-caption-text gallery-caption\">Campe\u00e3o paral\u00edmpico em T\u00f3quio, Fernando Rufino \u201cCowboy de A\u00e7o\u201d, vai disputar provas de Canoagem (Ren\u00ea Marcio Carneiro\/PMC Arquivo)<\/figcaption><\/figure>\n<figure class=\"gallery-item\">\n<div class=\"gallery-icon landscape\"><a role=\"link\" href=\"https:\/\/www.corumba.ms.gov.br\/?attachment_id=121853\"><img loading=\"lazy\" decoding=\"async\" class=\"attachment-full size-full\" src=\"https:\/\/www.corumba.ms.gov.br\/wp-content\/uploads\/2021\/12\/Foto-Rene-Marcio-CarneiroCanoagem-2.jpg\" sizes=\"auto, (max-width: 1200px) 100vw, 1200px\" srcset=\"https:\/\/www.corumba.ms.gov.br\/wp-content\/uploads\/2021\/12\/Foto-Rene-Marcio-CarneiroCanoagem-2.jpg 1200w, https:\/\/www.corumba.ms.gov.br\/wp-content\/uploads\/2021\/12\/Foto-Rene-Marcio-CarneiroCanoagem-2-300x200.jpg 300w, https:\/\/www.corumba.ms.gov.br\/wp-content\/uploads\/2021\/12\/Foto-Rene-Marcio-CarneiroCanoagem-2-1024x683.jpg 1024w, https:\/\/www.corumba.ms.gov.br\/wp-content\/uploads\/2021\/12\/Foto-Rene-Marcio-CarneiroCanoagem-2-768x512.jpg 768w\" alt=\"\" width=\"1200\" height=\"800\" aria-describedby=\"gallery-1-121853\" \/><\/a><\/div><figcaption id=\"gallery-1-121853\" class=\"wp-caption-text gallery-caption\">Campe\u00e3o paral\u00edmpico em T\u00f3quio, Fernando Rufino \u201cCowboy de A\u00e7o\u201d, vai disputar provas de Canoagem (Ren\u00ea Marcio Carneiro\/PMC Arquivo)<\/figcaption><\/figure>\n<figure class=\"gallery-item\">\n<div class=\"gallery-icon landscape\"><a role=\"link\" href=\"https:\/\/www.corumba.ms.gov.br\/?attachment_id=121852\"><img loading=\"lazy\" decoding=\"async\" class=\"attachment-full size-full\" src=\"https:\/\/www.corumba.ms.gov.br\/wp-content\/uploads\/2021\/12\/Foto-Rene-Marcio-CarneiroCanoagem-1.jpg\" sizes=\"auto, (max-width: 1200px) 100vw, 1200px\" srcset=\"https:\/\/www.corumba.ms.gov.br\/wp-content\/uploads\/2021\/12\/Foto-Rene-Marcio-CarneiroCanoagem-1.jpg 1200w, https:\/\/www.corumba.ms.gov.br\/wp-content\/uploads\/2021\/12\/Foto-Rene-Marcio-CarneiroCanoagem-1-300x200.jpg 300w, https:\/\/www.corumba.ms.gov.br\/wp-content\/uploads\/2021\/12\/Foto-Rene-Marcio-CarneiroCanoagem-1-1024x683.jpg 1024w, https:\/\/www.corumba.ms.gov.br\/wp-content\/uploads\/2021\/12\/Foto-Rene-Marcio-CarneiroCanoagem-1-768x512.jpg 768w\" alt=\"\" width=\"1200\" height=\"800\" aria-describedby=\"gallery-1-121852\" \/><\/a><\/div><figcaption id=\"gallery-1-121852\" class=\"wp-caption-text gallery-caption\">Campe\u00e3o paral\u00edmpico em T\u00f3quio, Fernando Rufino \u201cCowboy de A\u00e7o\u201d, vai disputar provas de Canoagem (Ren\u00ea Marcio Carneiro\/PMC Arquivo)<\/figcaption><\/figure>\n<figure class=\"gallery-item\">\n<div class=\"gallery-icon landscape\"><a role=\"link\" href=\"https:\/\/www.corumba.ms.gov.br\/?attachment_id=121856\"><img loading=\"lazy\" decoding=\"async\" class=\"attachment-full size-full\" src=\"https:\/\/www.corumba.ms.gov.br\/wp-content\/uploads\/2021\/12\/Foto-Rene-Marcio-CarneiroCanoagem-5.jpg\" sizes=\"auto, (max-width: 1200px) 100vw, 1200px\" srcset=\"https:\/\/www.corumba.ms.gov.br\/wp-content\/uploads\/2021\/12\/Foto-Rene-Marcio-CarneiroCanoagem-5.jpg 1200w, https:\/\/www.corumba.ms.gov.br\/wp-content\/uploads\/2021\/12\/Foto-Rene-Marcio-CarneiroCanoagem-5-300x200.jpg 300w, https:\/\/www.corumba.ms.gov.br\/wp-content\/uploads\/2021\/12\/Foto-Rene-Marcio-CarneiroCanoagem-5-1024x683.jpg 1024w, https:\/\/www.corumba.ms.gov.br\/wp-content\/uploads\/2021\/12\/Foto-Rene-Marcio-CarneiroCanoagem-5-768x512.jpg 768w\" alt=\"\" width=\"1200\" height=\"800\" aria-describedby=\"gallery-1-121856\" \/><\/a><\/div><figcaption id=\"gallery-1-121856\" class=\"wp-caption-text gallery-caption\">Campe\u00e3o paral\u00edmpico em T\u00f3quio, Fernando Rufino \u201cCowboy de A\u00e7o\u201d, vai disputar provas de Canoagem (Ren\u00ea Marcio Carneiro\/PMC Arquivo)<\/figcaption><\/figure>\n<\/div>\n","protected":false},"excerpt":{"rendered":"<p>O Eco Pantanal Extremo \u2013 Jogos de Aventura 2021 vai reunir em Corumb\u00e1 os principais&#8230;<\/p>\n","protected":false},"author":70,"featured_media":11720673,"comment_status":"closed","ping_status":"closed","sticky":false,"template":"","format":"standard","meta":{"footnotes":""},"categories":[8,11],"tags":[],"class_list":["post-11720672","post","type-post","status-publish","format-standard","has-post-thumbnail","hentry","category-destaque","category-esporte"],"_links":{"self":[{"href":"https:\/\/www.corumbaonline.com.br\/news\/wp-json\/wp\/v2\/posts\/11720672","targetHints":{"allow":["GET"]}}],"collection":[{"href":"https:\/\/www.corumbaonline.com.br\/news\/wp-json\/wp\/v2\/posts"}],"about":[{"href":"https:\/\/www.corumbaonline.com.br\/news\/wp-json\/wp\/v2\/types\/post"}],"author":[{"embeddable":true,"href":"https:\/\/www.corumbaonline.com.br\/news\/wp-json\/wp\/v2\/users\/70"}],"replies":[{"embeddable":true,"href":"https:\/\/www.corumbaonline.com.br\/news\/wp-json\/wp\/v2\/comments?post=11720672"}],"version-history":[{"count":1,"href":"https:\/\/www.corumbaonline.com.br\/news\/wp-json\/wp\/v2\/posts\/11720672\/revisions"}],"predecessor-version":[{"id":11720674,"href":"https:\/\/www.corumbaonline.com.br\/news\/wp-json\/wp\/v2\/posts\/11720672\/revisions\/11720674"}],"wp:featuredmedia":[{"embeddable":true,"href":"https:\/\/www.corumbaonline.com.br\/news\/wp-json\/wp\/v2\/media\/11720673"}],"wp:attachment":[{"href":"https:\/\/www.corumbaonline.com.br\/news\/wp-json\/wp\/v2\/media?parent=11720672"}],"wp:term":[{"taxonomy":"category","embeddable":true,"href":"https:\/\/www.corumbaonline.com.br\/news\/wp-json\/wp\/v2\/categories?post=11720672"},{"taxonomy":"post_tag","embeddable":true,"href":"https:\/\/www.corumbaonline.com.br\/news\/wp-json\/wp\/v2\/tags?post=11720672"}],"curies":[{"name":"wp","href":"https:\/\/api.w.org\/{rel}","templated":true}]}}