{"id":11720682,"date":"2021-12-09T08:37:00","date_gmt":"2021-12-09T12:37:00","guid":{"rendered":"http:\/\/www.corumbaonline.com.br\/news\/?p=11720682"},"modified":"2021-12-09T10:39:34","modified_gmt":"2021-12-09T14:39:34","slug":"corumba-inicia-a-aplicacao-da-2a-dose-da-janssen-nesta-quinta","status":"publish","type":"post","link":"https:\/\/www.corumbaonline.com.br\/news\/corumba-inicia-a-aplicacao-da-2a-dose-da-janssen-nesta-quinta\/","title":{"rendered":"Corumb\u00e1 inicia a aplica\u00e7\u00e3o da 2\u00aa dose da Janssen nesta quinta"},"content":{"rendered":"<p>A Secretaria de Sa\u00fade de Corumb\u00e1 ir\u00e1 receber 5.280 doses da vacina da Janssen, o imunizante \u00e9 destinado para a aplica\u00e7\u00e3o da 2\u00aa dose para pessoas com mais de 30 anos que tenham se vacinado h\u00e1 mais de 2 meses.<\/p>\n<p>A vacina, deste laborat\u00f3rio, \u00e9 contra indicado para gestantes e pu\u00e9rperas (mulheres com ate 45 dias p\u00f3s-parto), que devem tomar a vacina da Pifizer, tamb\u00e9m dispon\u00edvel na rede de sa\u00fade.<\/p>\n<p>Ainda, est\u00e1 sendo\u00a0aplicada\u00a0a 1\u00aa dose para pessoas com 12 anos ou\u00a0mais. A\u00a02\u00aa dose da\u00a0Pfizer\u00a0para\u00a0quem tomou\u00a0a 1\u00aa dose\u00a0h\u00e1\u00a0mais de 21 dias;\u00a0e da\u00a0Astrazeneca para quem tomou a 1\u00aa dose h\u00e1 mais de 60 dias.<\/p>\n<p>Al\u00e9m do refor\u00e7o para pessoas a partir de\u00a018 anos\u00a0que tomaram a segunda dose da Astrazeneca, Pfizer ou Coronavac\u00a0h\u00e1 mais de 4 meses.<\/p>\n<p>Confira os pontos de imuniza\u00e7\u00e3o, desta quinta e sexta, dias 09 e 10 de dezembro:<\/p>\n<p>-Centro de Sa\u00fade da Ladeira<\/p>\n<p>Hor\u00e1rio: Das 7h \u00e0s 19h<\/p>\n<p>-Unidades B\u00e1sicas de Sa\u00fade da Fam\u00edlia<\/p>\n<p>Hor\u00e1rio: das 7h30 \u00e0s 10h30 e das 13h \u00e0s 16h<\/p>\n<p>Gast\u00e3o de Oliveira<\/p>\n<p>Padre Ernesto<\/p>\n<p>Bonif\u00e1cio Tiaen<\/p>\n<p>Ranulfo Vasconcellos<\/p>\n<p>Walter Vict\u00f3rio<\/p>\n<p>Beira Rio<\/p>\n<p>Breno de Medeiros<\/p>\n<p>Humberto Pereira<\/p>\n<p>Popular Velha<\/p>\n<p>Ang\u00e9lica Anache<\/p>\n<p>L\u00facia Maria\/Kadw\u00e9us<\/p>\n<p>Luiz Fragelli<\/p>\n<p>\u00c9 necess\u00e1rio levar comprovante vacinal e documento pessoal com foto.<\/p>\n","protected":false},"excerpt":{"rendered":"<p>A Secretaria de Sa\u00fade de Corumb\u00e1 ir\u00e1 receber 5.280 doses da vacina da Janssen, o&#8230;<\/p>\n","protected":false},"author":70,"featured_media":11720683,"comment_status":"closed","ping_status":"closed","sticky":false,"template":"","format":"standard","meta":{"footnotes":""},"categories":[116,8,21],"tags":[],"class_list":["post-11720682","post","type-post","status-publish","format-standard","has-post-thumbnail","hentry","category-coronavirus","category-destaque","category-saude"],"_links":{"self":[{"href":"https:\/\/www.corumbaonline.com.br\/news\/wp-json\/wp\/v2\/posts\/11720682","targetHints":{"allow":["GET"]}}],"collection":[{"href":"https:\/\/www.corumbaonline.com.br\/news\/wp-json\/wp\/v2\/posts"}],"about":[{"href":"https:\/\/www.corumbaonline.com.br\/news\/wp-json\/wp\/v2\/types\/post"}],"author":[{"embeddable":true,"href":"https:\/\/www.corumbaonline.com.br\/news\/wp-json\/wp\/v2\/users\/70"}],"replies":[{"embeddable":true,"href":"https:\/\/www.corumbaonline.com.br\/news\/wp-json\/wp\/v2\/comments?post=11720682"}],"version-history":[{"count":1,"href":"https:\/\/www.corumbaonline.com.br\/news\/wp-json\/wp\/v2\/posts\/11720682\/revisions"}],"predecessor-version":[{"id":11720684,"href":"https:\/\/www.corumbaonline.com.br\/news\/wp-json\/wp\/v2\/posts\/11720682\/revisions\/11720684"}],"wp:featuredmedia":[{"embeddable":true,"href":"https:\/\/www.corumbaonline.com.br\/news\/wp-json\/wp\/v2\/media\/11720683"}],"wp:attachment":[{"href":"https:\/\/www.corumbaonline.com.br\/news\/wp-json\/wp\/v2\/media?parent=11720682"}],"wp:term":[{"taxonomy":"category","embeddable":true,"href":"https:\/\/www.corumbaonline.com.br\/news\/wp-json\/wp\/v2\/categories?post=11720682"},{"taxonomy":"post_tag","embeddable":true,"href":"https:\/\/www.corumbaonline.com.br\/news\/wp-json\/wp\/v2\/tags?post=11720682"}],"curies":[{"name":"wp","href":"https:\/\/api.w.org\/{rel}","templated":true}]}}