{"id":11720701,"date":"2021-12-09T10:29:00","date_gmt":"2021-12-09T14:29:00","guid":{"rendered":"http:\/\/www.corumbaonline.com.br\/news\/?p=11720701"},"modified":"2021-12-09T13:08:45","modified_gmt":"2021-12-09T17:08:45","slug":"policia-cumpre-mandados-de-prisao-por-morte-de-meninos-em-belford-roxo","status":"publish","type":"post","link":"https:\/\/www.corumbaonline.com.br\/news\/policia-cumpre-mandados-de-prisao-por-morte-de-meninos-em-belford-roxo\/","title":{"rendered":"Pol\u00edcia cumpre mandados de pris\u00e3o por morte de meninos em Belford Roxo"},"content":{"rendered":"<p style=\"box-sizing: border-box; margin-right: 0px; margin-bottom: 1.3rem; margin-left: 0px; color: #495057; font-family: 'Source Serif Pro', serif; font-size: 16px; background-color: #f7f8f9;\">A opera\u00e7\u00e3o da Pol\u00edcia Civil do Rio na comunidade do Castelar, em Belford Roxo, na Baixada Fluminense, para cumprir 56 mandados de pris\u00e3o e finalizar o inqu\u00e9rito em andamento na Delegacia de Homic\u00eddios da Baixada Fluminense (DHBF), sobre o desaparecimento dos meninos Lucas Matheus, de 9 anos; Alexandre, de 11 anos e Fernando Henrique, de 12 anos, no dia\u00a027 de dezembro\u00a0do ano passado, resultou, at\u00e9 o momento, no cumprimento de 33 mandados de pris\u00e3o.<img decoding=\"async\" style=\"box-sizing: border-box; border-width: 0px; vertical-align: middle; height: 1px; width: 1px; display: inline;\" src=\"https:\/\/agenciabrasil.ebc.com.br\/ebc.png?id=1431104&amp;o=node\" \/><img decoding=\"async\" style=\"box-sizing: border-box; border-width: 0px; vertical-align: middle; height: 1px; width: 1px; display: inline;\" src=\"https:\/\/agenciabrasil.ebc.com.br\/ebc.gif?id=1431104&amp;o=node\" \/><\/p>\n<p style=\"box-sizing: border-box; margin: 0px 0px 1.3rem; color: #495057; font-family: 'Source Serif Pro', serif; font-size: 16px; background-color: #f7f8f9;\">Entre eles, 15\u00a0foram detidos na a\u00e7\u00e3o que come\u00e7ou\u00a0hoje\u00a0(9) cedo e tem a participa\u00e7\u00e3o de 250 policiais da delegacia, do Departamento Geral de Pol\u00edcia Especializada (DGPE), do Departamento Geral de Pol\u00edcia da Baixada (DGPB) e da Coordenadoria de Recursos Especiais (Core). Outros j\u00e1 estavam presos.<\/p>\n<p style=\"box-sizing: border-box; margin: 0px 0px 1.3rem; color: #495057; font-family: 'Source Serif Pro', serif; font-size: 16px; background-color: #f7f8f9;\">As investiga\u00e7\u00f5es da Pol\u00edcia Civil indicaram que os meninos foram mortos por traficantes da comunidade com autoriza\u00e7\u00e3o de um chefe de fac\u00e7\u00e3o que controla a venda de drogas na regi\u00e3o. O motivo seria um suposto roubo de uma gaiola de passarinho pelas crian\u00e7as. Moradores da comunidade do Castelar, os meninos foram vistos pela \u00faltima vez, como mostraram imagens de c\u00e2meras de seguran\u00e7a, pr\u00f3ximos de uma feira livre da regi\u00e3o.<\/p>\n<p style=\"box-sizing: border-box; margin: 0px 0px 1.3rem; color: #495057; font-family: 'Source Serif Pro', serif; font-size: 16px; background-color: #f7f8f9;\">A pol\u00edcia apurou que o chefe da fac\u00e7\u00e3o na Castelar n\u00e3o foi informado de que se tratavam de meninos quando recebeu o pedido do gerente para a autoriza\u00e7\u00e3o. O desaparecimento dos meninos teve muita repercuss\u00e3o e, por isso, o traficante apontado pelo assassinato foi morto como queima de arquivo no Conjunto de Favelas da Penha, na zona norte, para n\u00e3o atingir os integrantes do grupo.<\/p>\n<p style=\"box-sizing: border-box; margin: 0px 0px 1.3rem; color: #495057; font-family: 'Source Serif Pro', serif; font-size: 16px; background-color: #f7f8f9;\">Durante o inqu\u00e9rito, ap\u00f3s o depoimento de um homem, que denunciou a participa\u00e7\u00e3o de um irm\u00e3o no crime de oculta\u00e7\u00e3o dos corpos, os policiais fizeram uma opera\u00e7\u00e3o com a participa\u00e7\u00e3o de bombeiros para tentar localizar as ossadas em um rio da regi\u00e3o. As equipes chegaram a encontrar uma ossada, mas n\u00e3o foi identificada como sendo de um dos meninos.<\/p>\n<p style=\"box-sizing: border-box; margin: 0px 0px 1.3rem; color: #495057; font-family: 'Source Serif Pro', serif; font-size: 16px; background-color: #f7f8f9;\">A Pol\u00edcia Civil far\u00e1 uma coletiva de imprensa, ainda nesta manh\u00e3, na Cidade da Pol\u00edcia para dar informa\u00e7\u00f5es sobre as investiga\u00e7\u00f5es e uma linha do tempo sobre o caso.<\/p>\n","protected":false},"excerpt":{"rendered":"<p>A opera\u00e7\u00e3o da Pol\u00edcia Civil do Rio na comunidade do Castelar, em Belford Roxo, na&#8230;<\/p>\n","protected":false},"author":4,"featured_media":0,"comment_status":"closed","ping_status":"closed","sticky":false,"template":"","format":"standard","meta":{"footnotes":""},"categories":[18],"tags":[],"class_list":["post-11720701","post","type-post","status-publish","format-standard","hentry","category-seguranca"],"_links":{"self":[{"href":"https:\/\/www.corumbaonline.com.br\/news\/wp-json\/wp\/v2\/posts\/11720701","targetHints":{"allow":["GET"]}}],"collection":[{"href":"https:\/\/www.corumbaonline.com.br\/news\/wp-json\/wp\/v2\/posts"}],"about":[{"href":"https:\/\/www.corumbaonline.com.br\/news\/wp-json\/wp\/v2\/types\/post"}],"author":[{"embeddable":true,"href":"https:\/\/www.corumbaonline.com.br\/news\/wp-json\/wp\/v2\/users\/4"}],"replies":[{"embeddable":true,"href":"https:\/\/www.corumbaonline.com.br\/news\/wp-json\/wp\/v2\/comments?post=11720701"}],"version-history":[{"count":1,"href":"https:\/\/www.corumbaonline.com.br\/news\/wp-json\/wp\/v2\/posts\/11720701\/revisions"}],"predecessor-version":[{"id":11720702,"href":"https:\/\/www.corumbaonline.com.br\/news\/wp-json\/wp\/v2\/posts\/11720701\/revisions\/11720702"}],"wp:attachment":[{"href":"https:\/\/www.corumbaonline.com.br\/news\/wp-json\/wp\/v2\/media?parent=11720701"}],"wp:term":[{"taxonomy":"category","embeddable":true,"href":"https:\/\/www.corumbaonline.com.br\/news\/wp-json\/wp\/v2\/categories?post=11720701"},{"taxonomy":"post_tag","embeddable":true,"href":"https:\/\/www.corumbaonline.com.br\/news\/wp-json\/wp\/v2\/tags?post=11720701"}],"curies":[{"name":"wp","href":"https:\/\/api.w.org\/{rel}","templated":true}]}}