{"id":11720712,"date":"2021-12-10T08:31:00","date_gmt":"2021-12-10T12:31:00","guid":{"rendered":"http:\/\/www.corumbaonline.com.br\/news\/?p=11720712"},"modified":"2021-12-10T09:18:17","modified_gmt":"2021-12-10T13:18:17","slug":"alunos-da-reme-se-destacam-com-primeiras-colocacoes-de-premio-nacional-contra-o-trabalho-infantil","status":"publish","type":"post","link":"https:\/\/www.corumbaonline.com.br\/news\/alunos-da-reme-se-destacam-com-primeiras-colocacoes-de-premio-nacional-contra-o-trabalho-infantil\/","title":{"rendered":"Alunos da REME se destacam com primeiras coloca\u00e7\u00f5es de pr\u00eamio nacional contra o trabalho infantil"},"content":{"rendered":"<p>Alunos da Rede Municipal de Ensino (REME) conquistaram a premia\u00e7\u00e3o nacional do Pr\u00eamio MPT na Escola 2021 \u2013 \u201cA Escola no Combate ao Trabalho Infantil\u201d, que aconteceu de forma virtual, no in\u00edcio deste m\u00eas. Em Corumb\u00e1, doze escolas participaram da etapa municipal, o que gerou 31 trabalhos, dos quais sete foram encaminhados para a etapa estadual, e desses, dois para a etapa nacional.<\/p>\n<p>Na categoria Desenho, a aluna D\u00e9bora Sara Bruno Mariscal, da Escola Municipal Rural Eutr\u00f3pia Gomes Pedroso alcan\u00e7ou a segunda coloca\u00e7\u00e3o. J\u00e1 na categoria Conto, Andr\u00e9 Vin\u00edcius do Carmo Passos, aluno da Escola Municipal Doutor C\u00e1ssio Leite de Barros, ficou em terceiro lugar (leia o texto no final desta mat\u00e9ria).<\/p>\n<p>\u201cFoi muito dificultoso desenvolver o trabalho devido \u00e0 pandemia, mas todos, independentemente do resultado, vencemos. Para ano que vem ser\u00e1 melhor ainda. Agrade\u00e7o a todos os alunos, gestores e comunidade escolar\u201d, declarou a coordenadora municipal do projeto na REME, Rose Botelho.<\/p>\n<p>Ana Maria Villa Real, coordenadora nacional da Coordenadoria Nacional de Combate \u00e0 Explora\u00e7\u00e3o do Trabalho da Crian\u00e7a e do Adolescente (Coordinf\u00e2ncia), do Minist\u00e9rio P\u00fablico do Trabalho, destacou os objetivos do projeto que envolveu todo o pa\u00eds.<\/p>\n<p>\u201cO projeto MPT na Escola, \u00e9 uma importante contribui\u00e7\u00e3o para a orienta\u00e7\u00e3o, sensibiliza\u00e7\u00e3o e conscientiza\u00e7\u00e3o social sobre os malef\u00edcios do trabalho infantil a partir da escola. \u00c9 essencial a inser\u00e7\u00e3o de conte\u00fados relacionados aos direitos fundamentais sociais nos curr\u00edculos escolares e projetos pedag\u00f3gicos de ensino, e o MPT na Escola \u00e9 uma forte contribui\u00e7\u00e3o para que isso se concretize, atrav\u00e9s do di\u00e1logo social e do estabelecimento de parcerias e de coopera\u00e7\u00e3o entre o MPT e as Secretarias de Educa\u00e7\u00e3o, com o envolvimento da comunidade escolar. \u00c9, sem d\u00favidas, o projeto mais bonito da Coordinf\u00e2ncia\u201d, afirmou a coordenadora nacional da Coordinf\u00e2ncia, Ana Maria Villa Real.<\/p>\n<p><strong>Etapas Municipal e Estadual<\/strong><\/p>\n<p>Em Corumb\u00e1, a Secretaria Municipal de Corumb\u00e1 (SEMED) preparou uma cerim\u00f4nia para a entrega das premia\u00e7\u00f5es conquistadas nas etapas estadual e municipal. O evento aconteceu no audit\u00f3rio do Sindicato Rural, onde os vencedores da etapa estadual receberam diplomas, medalhas e brindes, entre eles, tablets e jogos educativos.<\/p>\n<p>\u201cQuero parabenizar todos os gestores pela participa\u00e7\u00e3o e incentivo no desenvolvimento desse projeto. Toda atividade que envolva aprendizagem a escola tem que se envolver, tem que ser estimulada. A gente v\u00ea as crian\u00e7as felizes e isso \u00e9 a melhor recompensa\u201d, avaliou o secret\u00e1rio municipal de Educa\u00e7\u00e3o, Genilson Canavarro de Abreu.<\/p>\n<p>Os trabalhos premiados na etapa estadual foram: 1\u00ba lugar, grupo II, categoria Desenho: D\u00e9bora Sara Bruno Mariscal, do 6\u00ba ano da Escola Municipal Rural de Educa\u00e7\u00e3o Integral Eutr\u00f3pia Gomes Pedroso; 1\u00ba lugar, grupo II, categoria Conto: Andr\u00e9 Vin\u00edcius do Carmo Passos, do 7\u00ba ano A, da Escola Municipal Dr. C\u00e1ssio Leite de Barros; 1\u00ba lugar, grupo II, categoria Poesia: Rafael Pereira Alencar do 7\u00ba ano B, da Escola Municipal Dr. C\u00e1ssio Leite de Barros; 2\u00ba lugar, grupo II, categoria M\u00fasica: Emanuelle Aparecida Fran\u00e7a da Rosa, do 6\u00ba ano A, da Escola Municipal Jos\u00e9 de Souza Damy; 3\u00ba lugar, grupo I, categoria Poesia: Jo\u00e3o C\u00e9sar Soares Kadowaki, do 4\u00ba ano da Escola Municipal Izabel Corr\u00eaa de Oliveira e; 3\u00ba lugar, grupo I, categoria M\u00fasica: Mariah Cristina Pinho de Souza, do 4\u00ba ano da Escola Municipal Izabel Corr\u00eaa de Oliveira.<\/p>\n<p><strong>A miss\u00e3o, por Andr\u00e9 Vin\u00edcius do Carmo Passos<\/strong><\/p>\n<p>Em uma cidadezinha do interior, morava um rapazinho chamado Paulo. Ele era cheio de sonhos, tinha 14 anos e queria se profissionalizar. De origem humilde, queria muito ajudar a fam\u00edlia.<\/p>\n<p>Ao saber que uma loja de materiais de constru\u00e7\u00e3o estava dando cursos profissionalizantes e oferecendo o primeiro emprego, agarrou a oportunidade, indo falar com o Sr. Jo\u00e3o, que era o respons\u00e1vel pelo curso.<\/p>\n<p>De cara, o senhor, que era muito rigoroso e competente, gostou do jovem, pois ele era din\u00e2mico e muito interessado em aprender. Sem falar que era extremamente comunicativo.<\/p>\n<p>Paulo teve todos os seus direitos respeitados: f\u00e9rias, e tudo o mais. Aprendeu a cumprir hor\u00e1rios, cumprir metas, atrair clientes, enfim! Tudo o que diz respeito ao funcionamento de estoque e pedidos. Sem falar do atendimento ao p\u00fablico.<\/p>\n<p>Passaram-se tr\u00eas anos e o jovem precisou sair de seu primeiro emprego, pois iria se alistar.<\/p>\n<p>Na despedida, o encarregado perguntou ao rapaz sobre seus planos para o futuro, e o mo\u00e7o respondeu:<\/p>\n<p>_ Vou ser pol\u00edtico e garantir a outros jovens a profissionaliza\u00e7\u00e3o e o primeiro emprego.<\/p>\n<p>Dito e feito! Paulo se tornou o vereador mais votado em sua cidade e cumpriu sua promessa.<\/p>\n<p>Depois de algum tempo, montou sua loja de materiais de constru\u00e7\u00e3o, oferecendo emprego para muitas pessoas\u2026<\/p>\n<p>Em um certo dia, o senhor Paulo atende um cliente bem idoso que lhe disse:<\/p>\n<p>_ Parab\u00e9ns! Voc\u00ea usou a sua intelig\u00eancia e for\u00e7a em benef\u00edcio dos outros. Voc\u00ea encontrou a sua miss\u00e3o!!! N\u00e3o se lembra de mim?! Eu sou o seu primeiro patr\u00e3o!<\/p>\n<p>E os dois, emocionados, fizeram um r\u00e1pido \u201cflashback\u201d, recordando tempos preciosos do passado\u2026<\/p>\n","protected":false},"excerpt":{"rendered":"<p>Alunos da Rede Municipal de Ensino (REME) conquistaram a premia\u00e7\u00e3o nacional do Pr\u00eamio MPT na&#8230;<\/p>\n","protected":false},"author":70,"featured_media":0,"comment_status":"closed","ping_status":"closed","sticky":false,"template":"","format":"standard","meta":{"footnotes":""},"categories":[10],"tags":[],"class_list":["post-11720712","post","type-post","status-publish","format-standard","hentry","category-educacao"],"_links":{"self":[{"href":"https:\/\/www.corumbaonline.com.br\/news\/wp-json\/wp\/v2\/posts\/11720712","targetHints":{"allow":["GET"]}}],"collection":[{"href":"https:\/\/www.corumbaonline.com.br\/news\/wp-json\/wp\/v2\/posts"}],"about":[{"href":"https:\/\/www.corumbaonline.com.br\/news\/wp-json\/wp\/v2\/types\/post"}],"author":[{"embeddable":true,"href":"https:\/\/www.corumbaonline.com.br\/news\/wp-json\/wp\/v2\/users\/70"}],"replies":[{"embeddable":true,"href":"https:\/\/www.corumbaonline.com.br\/news\/wp-json\/wp\/v2\/comments?post=11720712"}],"version-history":[{"count":1,"href":"https:\/\/www.corumbaonline.com.br\/news\/wp-json\/wp\/v2\/posts\/11720712\/revisions"}],"predecessor-version":[{"id":11720713,"href":"https:\/\/www.corumbaonline.com.br\/news\/wp-json\/wp\/v2\/posts\/11720712\/revisions\/11720713"}],"wp:attachment":[{"href":"https:\/\/www.corumbaonline.com.br\/news\/wp-json\/wp\/v2\/media?parent=11720712"}],"wp:term":[{"taxonomy":"category","embeddable":true,"href":"https:\/\/www.corumbaonline.com.br\/news\/wp-json\/wp\/v2\/categories?post=11720712"},{"taxonomy":"post_tag","embeddable":true,"href":"https:\/\/www.corumbaonline.com.br\/news\/wp-json\/wp\/v2\/tags?post=11720712"}],"curies":[{"name":"wp","href":"https:\/\/api.w.org\/{rel}","templated":true}]}}