{"id":11720714,"date":"2021-12-10T08:45:00","date_gmt":"2021-12-10T12:45:00","guid":{"rendered":"http:\/\/www.corumbaonline.com.br\/news\/?p=11720714"},"modified":"2021-12-10T10:28:34","modified_gmt":"2021-12-10T14:28:34","slug":"ifms-divulga-convocacao-para-bancas-de-heteroidentificacao-em-cursos-tecnicos","status":"publish","type":"post","link":"https:\/\/www.corumbaonline.com.br\/news\/ifms-divulga-convocacao-para-bancas-de-heteroidentificacao-em-cursos-tecnicos\/","title":{"rendered":"IFMS divulga convoca\u00e7\u00e3o para bancas de heteroidentifica\u00e7\u00e3o em cursos t\u00e9cnicos"},"content":{"rendered":"<p>O Instituto Federal de Mato Grosso do Sul (IFMS) publicou nessa quinta-feira, 9, o resultado final do sorteio e a\u00a0convoca\u00e7\u00e3o para a banca de\u00a0heteroidentifica\u00e7\u00e3o\u00a0nos processos seletivos para ingresso em\u00a0<a title=\"cursos t\u00e9cnicos subsequentes\" href=\"http:\/\/www.ifms.edu.br:9000\/lists\/lt.php?tid=KxkCBlcLBwRXUEsFAgJUTlBXVlFOW15cUxtdX1YDUggCVwVQBgofUVtRBFpVAlZOXVQHVE4NWgxTG1oEAgJPCQUHAFFWCQIJBVEHH1ICAwYCUlcDTghaXAYbDFZQBk8JVlZUH1AKVgBWAgNWVAIABw\" target=\"_blank\" rel=\"noopener noreferrer\">cursos t\u00e9cnicos subsequentes<\/a>\u00a0e\u00a0<a title=\"integrados na modalidade Educa\u00e7\u00e3o de Jovens e Adultos\" href=\"http:\/\/www.ifms.edu.br:9000\/lists\/lt.php?tid=KxkCA1FeVQNUA0tXVVYHTlBVAFpOWFxcVxtcXlZVVAUGBlFXBwofUVtRBFpVAlZOXVQHVE4NWgxTG1oEAgJPCQUHAFFWCQIJBVEHH1ICAwYCUlcDTghaXAYbDFZQBk8JVlZUH1AKVgBWAgNWVAIABw\" target=\"_blank\" rel=\"noopener noreferrer\">integrados na modalidade Educa\u00e7\u00e3o de Jovens e Adultos<\/a>\u00a0(Proeja).<\/p>\n<p>Todos os candidatos que se autodeclararam pretos e pardos no ato da inscri\u00e7\u00e3o devem\u00a0confirmar a veracidade da autodeclara\u00e7\u00e3o at\u00e9 o pr\u00f3ximo domingo, 12.<\/p>\n<p>Os convocados precisam enviar a\u00a0autodeclara\u00e7\u00e3o de pessoa preta ou parda\u00a0(anexo VIII dos respectivos editais de abertura) preenchida e assinada, al\u00e9m de uma fotografia\u00a0recente e individual, com as seguintes especifica\u00e7\u00f5es:<\/p>\n<p>a) a fotografia deve ser frontal, tirada a 1,5 metro do candidato;<br \/>\nb) o candidato deve estar sentado, com as m\u00e3os abertas sobre os joelhos;<br \/>\nc) o candidato deve estar sem maquiagem, sem \u00f3culos escuros e sem chap\u00e9u, bon\u00e9 ou gorro;<br \/>\nd) o ambiente deve estar bem iluminado e com o fundo branco;<br \/>\ne) a fotografia deve ter boa resolu\u00e7\u00e3o e estar sem filtros de edi\u00e7\u00e3o; e<br \/>\nf)\u00a0 o formato da fotografia deve ser JPEG.<\/p>\n<p>Todas as orienta\u00e7\u00f5es sobre como nomear os arquivos e como envi\u00e1-los pelo\u00a0<a title=\"sistema online\" href=\"http:\/\/www.ifms.edu.br:9000\/lists\/lt.php?tid=KxkHVAMAWgEBUksGVgJUTlADAQdOAF0NBxsOVFMKUANbBgwDB10fUVtRBFpVAlZOXVQHVE4NWgxTG1oEAgJPCQUHAFFWCQIJBVEHH1ICAwYCUlcDTghaXAYbDFZQBk8JVlZUH1AKVgBWAgNWVAIABw\" target=\"_blank\" rel=\"noopener noreferrer\">sistema online<\/a>\u00a0est\u00e3o dispon\u00edveis nos editais de convoca\u00e7\u00e3o, publicados na\u00a0<a title=\"Central de Sele\u00e7\u00e3o do IFMS\" href=\"http:\/\/www.ifms.edu.br:9000\/lists\/lt.php?tid=KxkHA1wPW1YCV0sFD1kATlAAV1pOAF1eVBsBVFZRUFVRBlAAUlsfUVtRBFpVAlZOXVQHVE4NWgxTG1oEAgJPCQUHAFFWCQIJBVEHH1ICAwYCUlcDTghaXAYbDFZQBk8JVlZUH1AKVgBWAgNWVAIABw\" target=\"_blank\" rel=\"noopener noreferrer\">Central de Sele\u00e7\u00e3o do IFMS<\/a>.<\/p>\n<p>O resultado da\u00a0heteroidentifica\u00e7\u00e3o das duas sele\u00e7\u00f5es ser\u00e1 publicado no dia 17 de dezembro. O resultado final e a primeira chamada dos processos seletivos est\u00e3o previstos para o dia 21. As matr\u00edculas dever\u00e3o ser feitas entre 19 e 24 de janeiro.<\/p>\n<p>De acordo com os cronogramas das sele\u00e7\u00f5es, as aulas ter\u00e3o in\u00edcio em fevereiro.<\/p>\n<p><b>Sele\u00e7\u00e3o<\/b>\u00a0&#8211; Foram registrados 206 inscritos para as 160 vagas em cursos t\u00e9cnicos subsequentes ao ensino m\u00e9dio. As op\u00e7\u00f5es eram Agricultura (Navira\u00ed e Ponta Por\u00e3), Marketing (Dourados) e Zootecnia (Nova Andradina).<\/p>\n<p>J\u00e1 para as 200 vagas em cursos t\u00e9cnicos integrados na modalidade Proeja, o n\u00famero de inscritos registrados foi de 346. As op\u00e7\u00f5es eram Administra\u00e7\u00e3o (Dourados e Tr\u00eas Lagoas) e Manuten\u00e7\u00e3o e Suporte em Inform\u00e1tica (Corumb\u00e1 e Navira\u00ed).<\/p>\n","protected":false},"excerpt":{"rendered":"<p>O Instituto Federal de Mato Grosso do Sul (IFMS) publicou nessa quinta-feira, 9, o resultado&#8230;<\/p>\n","protected":false},"author":9,"featured_media":0,"comment_status":"closed","ping_status":"closed","sticky":false,"template":"","format":"standard","meta":{"footnotes":""},"categories":[10],"tags":[],"class_list":["post-11720714","post","type-post","status-publish","format-standard","hentry","category-educacao"],"_links":{"self":[{"href":"https:\/\/www.corumbaonline.com.br\/news\/wp-json\/wp\/v2\/posts\/11720714","targetHints":{"allow":["GET"]}}],"collection":[{"href":"https:\/\/www.corumbaonline.com.br\/news\/wp-json\/wp\/v2\/posts"}],"about":[{"href":"https:\/\/www.corumbaonline.com.br\/news\/wp-json\/wp\/v2\/types\/post"}],"author":[{"embeddable":true,"href":"https:\/\/www.corumbaonline.com.br\/news\/wp-json\/wp\/v2\/users\/9"}],"replies":[{"embeddable":true,"href":"https:\/\/www.corumbaonline.com.br\/news\/wp-json\/wp\/v2\/comments?post=11720714"}],"version-history":[{"count":1,"href":"https:\/\/www.corumbaonline.com.br\/news\/wp-json\/wp\/v2\/posts\/11720714\/revisions"}],"predecessor-version":[{"id":11720715,"href":"https:\/\/www.corumbaonline.com.br\/news\/wp-json\/wp\/v2\/posts\/11720714\/revisions\/11720715"}],"wp:attachment":[{"href":"https:\/\/www.corumbaonline.com.br\/news\/wp-json\/wp\/v2\/media?parent=11720714"}],"wp:term":[{"taxonomy":"category","embeddable":true,"href":"https:\/\/www.corumbaonline.com.br\/news\/wp-json\/wp\/v2\/categories?post=11720714"},{"taxonomy":"post_tag","embeddable":true,"href":"https:\/\/www.corumbaonline.com.br\/news\/wp-json\/wp\/v2\/tags?post=11720714"}],"curies":[{"name":"wp","href":"https:\/\/api.w.org\/{rel}","templated":true}]}}