{"id":11720770,"date":"2021-12-13T10:46:00","date_gmt":"2021-12-13T14:46:00","guid":{"rendered":"http:\/\/www.corumbaonline.com.br\/news\/?p=11720770"},"modified":"2021-12-13T12:25:55","modified_gmt":"2021-12-13T16:25:55","slug":"pantanegra-2021-celebra-racas-e-culturas-no-encerramento-do-ano-letivo-na-ee-julia-goncalves-passarinho","status":"publish","type":"post","link":"https:\/\/www.corumbaonline.com.br\/news\/pantanegra-2021-celebra-racas-e-culturas-no-encerramento-do-ano-letivo-na-ee-julia-goncalves-passarinho\/","title":{"rendered":"Pantanegra 2021 celebra ra\u00e7as e culturas no encerramento do ano Letivo na EE J\u00falia Gon\u00e7alves Passarinho"},"content":{"rendered":"<p data-uw-styling-context=\"true\">A Escola Estadual J\u00falia Gon\u00e7alves Passarinho, que oferta ensino em tempo integral atrav\u00e9s do Programa \u201cEscola da Autoria\u201d, em Corumb\u00e1, realizou, no come\u00e7o do m\u00eas de dezembro, a tradicional \u201cFesta Pantanegra 2021\u201d, que ocorre desde o ano de 2012 na unidade escolar.<\/p>\n<figure id=\"attachment_49254\" class=\"wp-caption alignleft\">\n<p><figure id=\"attachment_49254\" aria-describedby=\"caption-attachment-49254\" style=\"width: 267px\" class=\"wp-caption alignleft\"><a href=\"https:\/\/www.sed.ms.gov.br\/wp-content\/uploads\/2021\/12\/24.jpeg\"><img loading=\"lazy\" decoding=\"async\" class=\"wp-image-49254\" src=\"https:\/\/www.sed.ms.gov.br\/wp-content\/uploads\/2021\/12\/24-287x300.jpeg\" alt=\"\" width=\"267\" height=\"279\" \/><\/a><figcaption id=\"caption-attachment-49254\" class=\"wp-caption-text\">Vencedores Beleza Negra Corumb\u00e1 2021, Ana Fl\u00e1via e Jo\u00e3o Vitor<\/figcaption><\/figure><\/figure>\n<p data-uw-styling-context=\"true\">&#8220;Neste ano de 2021 a celebra\u00e7\u00e3o de todas as ra\u00e7as, cores e sabores culminou com nosso encerramento de ano letivo. Foi um momento de muita alegria, de conhecer as culturas enraizadas no Pantanal e de apreciar os dons art\u00edsticos de nossos estudantes&#8221;, explicou a diretora \u00c9rica Oliveira.<\/p>\n<p><strong data-uw-styling-context=\"true\">Beleza Negra<\/strong><\/p>\n<p data-uw-styling-context=\"true\">A festa contou a presen\u00e7a especial dos vencedores Beleza Negra Corumb\u00e1 2021, Ana Fl\u00e1via e Jo\u00e3o Vitor. O casal realizou a abertura do Desfile Garoto e Garota Pantanegra e tamb\u00e9m fez composi\u00e7\u00e3o da mesa de jurados. \u201cA Escola da Autoria tem esse diferencial, ela trabalha diretamente com a comunidade, dividindo seu trabalho e despertando o Protagonismo dos estudantes. Percebemos em cada dan\u00e7a que o respeito \u00e0 diversidade \u00e9 presente na Escola da Autoria JGP, frisou a coordenadora da CRE-3, Patricia Acioly.<a href=\"https:\/\/www.sed.ms.gov.br\/wp-content\/uploads\/2021\/12\/23.jpeg\"><img loading=\"lazy\" decoding=\"async\" class=\"alignright wp-image-49253 \" src=\"https:\/\/www.sed.ms.gov.br\/wp-content\/uploads\/2021\/12\/23-288x300.jpeg\" alt=\"\" width=\"271\" height=\"282\" \/><\/a><\/p>\n<p data-uw-styling-context=\"true\">Como convidados da noite, a Escola da Autoria JGP recebeu Patricia Acioly, coordenadora da CRE-3; Davi Ros\u00e1rio, padrinho da Escola da Autoria; o promoter JB e da artes\u00e3 Gisele. Desde j\u00e1, a Escola da Autoria agradece a participa\u00e7\u00e3o da mesa de jurados deste evento.<\/p>\n<p data-uw-styling-context=\"true\">Os ganhadores do desfile Garoto e Garota Pantanegra foram: Lav\u00ednia e Ronald, que cursam o 2\u00ba Ano, turma C, do curso t\u00e9cnico jur\u00eddico. &#8220;Agradecemos ao empenho de nossa equipe da Escola JGP, todos se envolveram e doaram o seu melhor para a organiza\u00e7\u00e3o, realiza\u00e7\u00e3o e conclus\u00e3o de nossa celebra\u00e7\u00e3o. Desejamos a todos excelentes festas de final de ano e que em 2022 possamos ser t\u00e3o aben\u00e7oados como fomos em 2021&#8221;, concluiu o diretor adjunto Jo\u00e3o Paulo Santana.<\/p>\n<div id=\"gallery-1\" class=\"gallery galleryid-382985 gallery-columns-3 gallery-size-medium\">\n<figure class=\"gallery-item\">\n<div class=\"gallery-icon landscape\"><a href=\"http:\/\/www.ms.gov.br\/wp-content\/uploads\/sites\/150\/2021\/12\/25.jpeg\"><img loading=\"lazy\" decoding=\"async\" class=\"attachment-medium size-medium\" src=\"http:\/\/www.ms.gov.br\/wp-content\/uploads\/sites\/150\/2021\/12\/25-300x169.jpeg\" sizes=\"auto, (max-width: 300px) 100vw, 300px\" srcset=\"http:\/\/www.ms.gov.br\/wp-content\/uploads\/sites\/150\/2021\/12\/25-300x169.jpeg 300w, http:\/\/www.ms.gov.br\/wp-content\/uploads\/sites\/150\/2021\/12\/25-768x432.jpeg 768w, http:\/\/www.ms.gov.br\/wp-content\/uploads\/sites\/150\/2021\/12\/25-1024x576.jpeg 1024w, http:\/\/www.ms.gov.br\/wp-content\/uploads\/sites\/150\/2021\/12\/25-350x197.jpeg 350w, http:\/\/www.ms.gov.br\/wp-content\/uploads\/sites\/150\/2021\/12\/25.jpeg 1600w\" alt=\"\" width=\"300\" height=\"169\" \/><\/a><\/div>\n<\/figure>\n<figure class=\"gallery-item\">\n<div class=\"gallery-icon landscape\"><a href=\"http:\/\/www.ms.gov.br\/wp-content\/uploads\/sites\/150\/2021\/12\/21.jpeg\"><img loading=\"lazy\" decoding=\"async\" class=\"attachment-medium size-medium\" src=\"http:\/\/www.ms.gov.br\/wp-content\/uploads\/sites\/150\/2021\/12\/21-300x168.jpeg\" sizes=\"auto, (max-width: 300px) 100vw, 300px\" srcset=\"http:\/\/www.ms.gov.br\/wp-content\/uploads\/sites\/150\/2021\/12\/21-300x168.jpeg 300w, http:\/\/www.ms.gov.br\/wp-content\/uploads\/sites\/150\/2021\/12\/21-768x431.jpeg 768w, http:\/\/www.ms.gov.br\/wp-content\/uploads\/sites\/150\/2021\/12\/21.jpeg 1024w, http:\/\/www.ms.gov.br\/wp-content\/uploads\/sites\/150\/2021\/12\/21-350x196.jpeg 350w\" alt=\"\" width=\"300\" height=\"168\" \/><\/a><\/div>\n<\/figure>\n<figure class=\"gallery-item\">\n<div class=\"gallery-icon landscape\"><a href=\"http:\/\/www.ms.gov.br\/wp-content\/uploads\/sites\/150\/2021\/12\/26.jpeg\"><img loading=\"lazy\" decoding=\"async\" class=\"attachment-medium size-medium\" src=\"http:\/\/www.ms.gov.br\/wp-content\/uploads\/sites\/150\/2021\/12\/26-300x169.jpeg\" sizes=\"auto, (max-width: 300px) 100vw, 300px\" srcset=\"http:\/\/www.ms.gov.br\/wp-content\/uploads\/sites\/150\/2021\/12\/26-300x169.jpeg 300w, http:\/\/www.ms.gov.br\/wp-content\/uploads\/sites\/150\/2021\/12\/26-768x432.jpeg 768w, http:\/\/www.ms.gov.br\/wp-content\/uploads\/sites\/150\/2021\/12\/26-350x197.jpeg 350w, http:\/\/www.ms.gov.br\/wp-content\/uploads\/sites\/150\/2021\/12\/26.jpeg 808w\" alt=\"\" width=\"300\" height=\"169\" \/><\/a><\/div>\n<\/figure>\n<\/div>\n","protected":false},"excerpt":{"rendered":"<p>A Escola Estadual J\u00falia Gon\u00e7alves Passarinho, que oferta ensino em tempo integral atrav\u00e9s do Programa&#8230;<\/p>\n","protected":false},"author":13,"featured_media":0,"comment_status":"closed","ping_status":"closed","sticky":false,"template":"","format":"standard","meta":{"footnotes":""},"categories":[7,10],"tags":[],"class_list":["post-11720770","post","type-post","status-publish","format-standard","hentry","category-cultura","category-educacao"],"_links":{"self":[{"href":"https:\/\/www.corumbaonline.com.br\/news\/wp-json\/wp\/v2\/posts\/11720770","targetHints":{"allow":["GET"]}}],"collection":[{"href":"https:\/\/www.corumbaonline.com.br\/news\/wp-json\/wp\/v2\/posts"}],"about":[{"href":"https:\/\/www.corumbaonline.com.br\/news\/wp-json\/wp\/v2\/types\/post"}],"author":[{"embeddable":true,"href":"https:\/\/www.corumbaonline.com.br\/news\/wp-json\/wp\/v2\/users\/13"}],"replies":[{"embeddable":true,"href":"https:\/\/www.corumbaonline.com.br\/news\/wp-json\/wp\/v2\/comments?post=11720770"}],"version-history":[{"count":1,"href":"https:\/\/www.corumbaonline.com.br\/news\/wp-json\/wp\/v2\/posts\/11720770\/revisions"}],"predecessor-version":[{"id":11720771,"href":"https:\/\/www.corumbaonline.com.br\/news\/wp-json\/wp\/v2\/posts\/11720770\/revisions\/11720771"}],"wp:attachment":[{"href":"https:\/\/www.corumbaonline.com.br\/news\/wp-json\/wp\/v2\/media?parent=11720770"}],"wp:term":[{"taxonomy":"category","embeddable":true,"href":"https:\/\/www.corumbaonline.com.br\/news\/wp-json\/wp\/v2\/categories?post=11720770"},{"taxonomy":"post_tag","embeddable":true,"href":"https:\/\/www.corumbaonline.com.br\/news\/wp-json\/wp\/v2\/tags?post=11720770"}],"curies":[{"name":"wp","href":"https:\/\/api.w.org\/{rel}","templated":true}]}}