{"id":11720806,"date":"2021-12-14T10:04:00","date_gmt":"2021-12-14T14:04:00","guid":{"rendered":"http:\/\/www.corumbaonline.com.br\/news\/?p=11720806"},"modified":"2021-12-14T10:22:00","modified_gmt":"2021-12-14T14:22:00","slug":"na-camara-vereador-solicita-seguranca-nas-pracas-e-predios-publicos-para-evitar-vandalismo","status":"publish","type":"post","link":"https:\/\/www.corumbaonline.com.br\/news\/na-camara-vereador-solicita-seguranca-nas-pracas-e-predios-publicos-para-evitar-vandalismo\/","title":{"rendered":"Na C\u00e2mara, vereador solicita seguran\u00e7a nas pra\u00e7as e pr\u00e9dios p\u00fablicos para evitar vandalismo"},"content":{"rendered":"<p>O vereador Chic\u00e3o Vianna est\u00e1 buscando junto \u00e0 Prefeitura, a presen\u00e7a de integrantes da Guarda Civil Municipal para evitar atos de vandalismos nas pra\u00e7as e pr\u00e9dios p\u00fablicos do Munic\u00edpio. A solicita\u00e7\u00e3o foi feita durante sess\u00e3o do Poder Legislativo, e direcionada ao prefeito Marcelo Iunes.<\/p>\n<p>Chic\u00e3o afirmou que isso \u00e9 necess\u00e1rio para salvaguardar o patrim\u00f4nio p\u00fablico. \u201c\u00c9 preciso manter integrantes da Guarda Civil Municipal nestes locais, pelo menos no per\u00edodo noturno, para inibir a a\u00e7\u00e3o de criminosos e contraventores, que se sentem incentivados \u00e0 praticar os delitos contra o Patrim\u00f4nio P\u00fablico\u201d, observou.<\/p>\n<p>SERVI\u00c7OS NECESS\u00c1RIOS<\/p>\n<p>Ainda sobre pra\u00e7a p\u00fablica, o vereador pediu informa\u00e7\u00f5es junto ao Executivo Municipal, informa\u00e7\u00f5es \u00e0 respeito da obra de reforma\/manuten\u00e7\u00e3o da pra\u00e7a localizada na esquina da Rua Ant\u00f4nio Jo\u00e3o com a Avenida General Rondon, no centro da cidade. \u201cJ\u00e1 fizemos essa solicita\u00e7\u00e3o e estamos refor\u00e7ando diante da aus\u00eancia de servi\u00e7os de manuten\u00e7\u00e3o, com a necessidade inclusive de uma reforma para deixar o local em condi\u00e7\u00f5es de uso por parte da comunidade\u201d, justificou.<\/p>\n<p>A mesma reivindica\u00e7\u00e3o foi feita em rela\u00e7\u00e3o ao Parque Marina Gatass e ao Mirante da Capivara, dois pontos tur\u00edsticos da cidade. Chic\u00e3o afirmou que, durante o Pantanal Extremo, observou-se as condi\u00e7\u00f5es atuais dessas dois espa\u00e7os que necessitam de melhorias urgentes, para bem receber turistas e moradores da cidade.<\/p>\n<p>ESPA\u00c7O APROPRIADO<\/p>\n<p>O vereador sugeriu tamb\u00e9m ao Poder Executivo, a cria\u00e7\u00e3o em Corumb\u00e1 de um espa\u00e7o espec\u00edfico para as crian\u00e7as \u2018soltar pipa\u2019, principalmente nesse final e in\u00edcio de ano, com as f\u00e9rias escolares. \u201cSeria uma \u00e1rea de lazer infantil segura para evitar que nossas crian\u00e7as fiquem pelas ruas, soltando pipa e at\u00e9 mesmo correndo, o que \u00e9 um risco de serem atropeladas\u201d, refor\u00e7ou.<\/p>\n<p>SINALIZA\u00c7\u00c3O ADEQUADA<\/p>\n<p>Por outro lado, o vereador pediu que seja realizada intensa fiscaliza\u00e7\u00e3o na \u00e1rea urbana de Corumb\u00e1, para fazer cumprir a legisla\u00e7\u00e3o e evitar instala\u00e7\u00e3o de ca\u00e7ambas de entulhos de constru\u00e7\u00f5es, sem as condi\u00e7\u00f5es de seguran\u00e7a necess\u00e1rias para evitar acidentes.<\/p>\n<p>Explicou que \u201cmuitas est\u00e3o em claro desacordo com as normas brasileira de seguran\u00e7a, como aus\u00eancia de fitas refletoras para localiza\u00e7\u00e3o noturna, o que \u00e9 um risco, podendo causar acidentes\u201d.<\/p>\n<p>PAVIMENTA\u00c7\u00c3O<\/p>\n<p>Em outra reivindica\u00e7\u00e3o \u00e0 Prefeitura, o vereador solicitou execu\u00e7\u00e3o\u00a0 obras de pavimenta\u00e7\u00e3o da Alameda Esperan\u00e7a, localizada entre a terceira e quarta paralela \u00e0 Rua Rubi, no Bairro Previsul, como forma de melhorar as condi\u00e7\u00f5es de vida da comunidade local, bem como as condi\u00e7\u00f5es de tr\u00e1fego de ve\u00edculos e pedestres.<\/p>\n<p>HOMENAGENS<\/p>\n<p>Durante a sess\u00e3o de ontem, segunda-feira (13), a C\u00e2mara aprovou dois requerimentos do vereador. Em um deles, Chic\u00e3o homenageia com Mo\u00e7\u00e3o de Congratula\u00e7\u00e3o a Gilson de Ara\u00fajo Barros, empossado como novo Presidente do Sindicato Rural de Corumb\u00e1, desejando-lhe \u201cos mais sinceros votos de estima e considera\u00e7\u00e3o, para que venha desempenhar os trabalhos com maestria e honradez \u00e0 frente desta respeit\u00e1vel institui\u00e7\u00e3o\u201d.<\/p>\n<p>No segundo, o vereador homenageia com Mo\u00e7\u00f5es de Congratula\u00e7\u00f5es Jo\u00e3o Martins da Costa e Silva Neto, Patr\u00e3o; Joacir Franco de Andrade, Capataz; Lourival Vieira Costa, Tesoureiro, e Milton Morinigo de Oliveira, Secret\u00e1rio, todos membros do Clube do La\u00e7o Pantanal de Corumb\u00e1, pelo brilhantismo, determina\u00e7\u00e3o e honradez no desempenho dos trabalhos \u00e0 frente da institui\u00e7\u00e3o, \u201csempre fomentando a preserva\u00e7\u00e3o da cultura regional, com a realiza\u00e7\u00e3o de eventos festivos, culturais de pr\u00e1tica do La\u00e7o Comprido, atividade esportiva de grande import\u00e2ncia para cultura rural.<\/p>\n","protected":false},"excerpt":{"rendered":"<p>O vereador Chic\u00e3o Vianna est\u00e1 buscando junto \u00e0 Prefeitura, a presen\u00e7a de integrantes da Guarda&#8230;<\/p>\n","protected":false},"author":63,"featured_media":0,"comment_status":"closed","ping_status":"closed","sticky":false,"template":"","format":"standard","meta":{"footnotes":""},"categories":[19],"tags":[],"class_list":["post-11720806","post","type-post","status-publish","format-standard","hentry","category-politica"],"_links":{"self":[{"href":"https:\/\/www.corumbaonline.com.br\/news\/wp-json\/wp\/v2\/posts\/11720806","targetHints":{"allow":["GET"]}}],"collection":[{"href":"https:\/\/www.corumbaonline.com.br\/news\/wp-json\/wp\/v2\/posts"}],"about":[{"href":"https:\/\/www.corumbaonline.com.br\/news\/wp-json\/wp\/v2\/types\/post"}],"author":[{"embeddable":true,"href":"https:\/\/www.corumbaonline.com.br\/news\/wp-json\/wp\/v2\/users\/63"}],"replies":[{"embeddable":true,"href":"https:\/\/www.corumbaonline.com.br\/news\/wp-json\/wp\/v2\/comments?post=11720806"}],"version-history":[{"count":1,"href":"https:\/\/www.corumbaonline.com.br\/news\/wp-json\/wp\/v2\/posts\/11720806\/revisions"}],"predecessor-version":[{"id":11720807,"href":"https:\/\/www.corumbaonline.com.br\/news\/wp-json\/wp\/v2\/posts\/11720806\/revisions\/11720807"}],"wp:attachment":[{"href":"https:\/\/www.corumbaonline.com.br\/news\/wp-json\/wp\/v2\/media?parent=11720806"}],"wp:term":[{"taxonomy":"category","embeddable":true,"href":"https:\/\/www.corumbaonline.com.br\/news\/wp-json\/wp\/v2\/categories?post=11720806"},{"taxonomy":"post_tag","embeddable":true,"href":"https:\/\/www.corumbaonline.com.br\/news\/wp-json\/wp\/v2\/tags?post=11720806"}],"curies":[{"name":"wp","href":"https:\/\/api.w.org\/{rel}","templated":true}]}}