{"id":11720816,"date":"2021-12-15T08:12:00","date_gmt":"2021-12-15T12:12:00","guid":{"rendered":"http:\/\/www.corumbaonline.com.br\/news\/?p=11720816"},"modified":"2021-12-15T08:28:23","modified_gmt":"2021-12-15T12:28:23","slug":"por-causa-da-chuva-abertura-do-jardim-do-natal-acontece-nesta-quarta-feira","status":"publish","type":"post","link":"https:\/\/www.corumbaonline.com.br\/news\/por-causa-da-chuva-abertura-do-jardim-do-natal-acontece-nesta-quarta-feira\/","title":{"rendered":"Por causa da chuva, abertura do Jardim do Natal acontece nesta quarta-feira"},"content":{"rendered":"<p>Por causa do tempo chuvoso, a Prefeitura de Corumb\u00e1 transferiu a abertura do Jardim do Natal para a noite desta quarta-feira, dia 15, \u00e0s 19 horas.<\/p>\n<p>Montado no Jardim da Independ\u00eancia, a \u00e1rea reserva uma s\u00e9rie de atra\u00e7\u00f5es para toda fam\u00edlia.<\/p>\n<p>A solenidade de abertura contar\u00e1 com a presen\u00e7a do Papai Noel, al\u00e9m de diversas apresenta\u00e7\u00f5es musicais e de dan\u00e7a.<\/p>\n<p>A programa\u00e7\u00e3o completa do Jardim do Natal tamb\u00e9m ser\u00e1 anunciada pela Funda\u00e7\u00e3o da Cultura e do Patrim\u00f4nio Hist\u00f3rico durante a solenidade.<\/p>\n","protected":false},"excerpt":{"rendered":"<p>Por causa do tempo chuvoso, a Prefeitura de Corumb\u00e1 transferiu a abertura do Jardim do&#8230;<\/p>\n","protected":false},"author":70,"featured_media":0,"comment_status":"closed","ping_status":"closed","sticky":false,"template":"","format":"standard","meta":{"footnotes":""},"categories":[7],"tags":[],"class_list":["post-11720816","post","type-post","status-publish","format-standard","hentry","category-cultura"],"_links":{"self":[{"href":"https:\/\/www.corumbaonline.com.br\/news\/wp-json\/wp\/v2\/posts\/11720816","targetHints":{"allow":["GET"]}}],"collection":[{"href":"https:\/\/www.corumbaonline.com.br\/news\/wp-json\/wp\/v2\/posts"}],"about":[{"href":"https:\/\/www.corumbaonline.com.br\/news\/wp-json\/wp\/v2\/types\/post"}],"author":[{"embeddable":true,"href":"https:\/\/www.corumbaonline.com.br\/news\/wp-json\/wp\/v2\/users\/70"}],"replies":[{"embeddable":true,"href":"https:\/\/www.corumbaonline.com.br\/news\/wp-json\/wp\/v2\/comments?post=11720816"}],"version-history":[{"count":1,"href":"https:\/\/www.corumbaonline.com.br\/news\/wp-json\/wp\/v2\/posts\/11720816\/revisions"}],"predecessor-version":[{"id":11720817,"href":"https:\/\/www.corumbaonline.com.br\/news\/wp-json\/wp\/v2\/posts\/11720816\/revisions\/11720817"}],"wp:attachment":[{"href":"https:\/\/www.corumbaonline.com.br\/news\/wp-json\/wp\/v2\/media?parent=11720816"}],"wp:term":[{"taxonomy":"category","embeddable":true,"href":"https:\/\/www.corumbaonline.com.br\/news\/wp-json\/wp\/v2\/categories?post=11720816"},{"taxonomy":"post_tag","embeddable":true,"href":"https:\/\/www.corumbaonline.com.br\/news\/wp-json\/wp\/v2\/tags?post=11720816"}],"curies":[{"name":"wp","href":"https:\/\/api.w.org\/{rel}","templated":true}]}}