{"id":11720822,"date":"2021-12-15T08:46:00","date_gmt":"2021-12-15T12:46:00","guid":{"rendered":"http:\/\/www.corumbaonline.com.br\/news\/?p=11720822"},"modified":"2021-12-15T10:57:36","modified_gmt":"2021-12-15T14:57:36","slug":"ifms-abre-inscricoes-para-24-vagas-no-mestrado-profissional","status":"publish","type":"post","link":"https:\/\/www.corumbaonline.com.br\/news\/ifms-abre-inscricoes-para-24-vagas-no-mestrado-profissional\/","title":{"rendered":"IFMS abre inscri\u00e7\u00f5es para 24 vagas no Mestrado Profissional"},"content":{"rendered":"<p>Est\u00e3o abertas as inscri\u00e7\u00f5es para o Mestrado Profissional do Programa de P\u00f3s-Gradua\u00e7\u00e3o em Educa\u00e7\u00e3o Profissional e Tecnol\u00f3gica (ProfEPT),\u00a0com ingresso em\u00a02022, do Campus Campo Grande do Instituto Federal de Mato Grosso do Sul (IFMS).<\/p>\n<p>S\u00e3o ofertadas 24 vagas, sendo 12 vagas reservadas a servidores e 12 para o p\u00fablico externo. Dentro de cada p\u00fablico da sele\u00e7\u00e3o, h\u00e1 vagas para pessoas com defici\u00eancia (1) e para autodeclarados pretos, pardos e ind\u00edgenas (2).<\/p>\n<p>Podem se inscrever portadores de diploma de curso superior ou declara\u00e7\u00e3o de conclus\u00e3o de cursos superior. As inscri\u00e7\u00f5es devem ser feitas\u00a0<a title=\"Sistema de inscri\u00e7\u00f5es\" href=\"http:\/\/www.ifms.edu.br:9000\/lists\/lt.php?tid=KxlXAlcLV1RbWEtVDldTTlBcVlFOAAsPVxsMVQcEWgJQVFZQUAofBwdVXgZTAAROXVEHBk4NDlsBGwBfUVZPVwAAAgEEXQIAVVVSH1ICAwYCUlcDTghaXAYbDFZQBk8JVlZUH1AKVgBWAgNWVAIABw\" target=\"_blank\" rel=\"noopener noreferrer\">\u00a0exclusivamente\u00a0<\/a><a title=\"exclusivamente pelo sistema de inscri\u00e7\u00f5es\" href=\"http:\/\/www.ifms.edu.br:9000\/lists\/lt.php?tid=KxlRClZbVVUAA0taA1YDTlBWV1dOWAAPABsPUlQEU1BWAFMHV1ofBwdVXgZTAAROXVEHBk4NDlsBGwBfUVZPVwAAAgEEXQIAVVVSH1ICAwYCUlcDTghaXAYbDFZQBk8JVlZUH1AKVgBWAgNWVAIABw\" target=\"_blank\" rel=\"noopener noreferrer\">pelo sistema de inscri\u00e7\u00f5es<\/a>, na\u00a0p\u00e1gina do Programa, at\u00e9 o dia 10 de janeiro de 2022.\u00a0A taxa \u00e9 de R$ 95.<\/p>\n<p>Neste ano, a sele\u00e7\u00e3o ser\u00e1 feita por meio da an\u00e1lise do Hist\u00f3rico Profissional e Acad\u00eamico, possibilitando que os candidatos apresentem aspectos referentes do desempenho de suas fun\u00e7\u00f5es profissionais e produ\u00e7\u00f5es acad\u00eamicas relevantes ao ProfEPT.<\/p>\n<p>Os itens a serem considerados na pontua\u00e7\u00e3o est\u00e3o no\u00a0<a title=\"edital de abertura da sele\u00e7\u00e3o\" href=\"http:\/\/www.ifms.edu.br:9000\/lists\/lt.php?tid=KxkNClQPBgFSBEtWAwBXTlBWA1NOAA8JVRtdUgsCBAUAUQwBUF4fBwdVXgZTAAROXVEHBk4NDlsBGwBfUVZPVwAAAgEEXQIAVVVSH1ICAwYCUlcDTghaXAYbDFZQBk8JVlZUH1AKVgBWAgNWVAIABw\" target=\"_blank\" rel=\"noopener noreferrer\">edital de abertura da sele\u00e7\u00e3o<\/a>, onde tamb\u00e9m \u00e9 poss\u00edvel consultar os procedimentos para envio dos documentos comprobat\u00f3rios de acordo com as fases do processo seletivo.<\/p>\n<p>A previs\u00e3o \u00e9 que o resultado dos selecionados seja publicado no dia 25 de fevereiro. O in\u00edcio previsto das aulas \u00e9 para abril de 2022, \u00e0s segundas-feiras, no per\u00edodo da manh\u00e3, tarde e noite.<\/p>\n<p><b>Isen\u00e7\u00e3o<\/b>\u00a0&#8211;\u00a0Candidatos\u00a0inscritos no Cadastro \u00danico para Programas Sociais do Governo Federal (Cad\u00danico) e que sejam membros de fam\u00edlia de baixa renda t\u00eam direito \u00e0 isen\u00e7\u00e3o do pagamento da taxa de inscri\u00e7\u00e3o.<\/p>\n<p>A solicita\u00e7\u00e3o precisa ser feita at\u00e9 23 de dezembro, no ato da inscri\u00e7\u00e3o,\u00a0<a title=\"de acordo com as instru\u00e7\u00f5es do edital\" href=\"http:\/\/www.ifms.edu.br:9000\/lists\/lt.php?tid=KxlTBFABBVUAUUtXBVQATlAGAVROAAAKUhtZAAsFA1BTAQ1QVg4fBwdVXgZTAAROXVEHBk4NDlsBGwBfUVZPVwAAAgEEXQIAVVVSH1ICAwYCUlcDTghaXAYbDFZQBk8JVlZUH1AKVgBWAgNWVAIABw\" target=\"_blank\" rel=\"noopener noreferrer\">de acordo com as\u00a0instru\u00e7\u00f5es do edital<\/a>.<\/p>\n<p><b>Curso<\/b>\u00a0&#8211;\u00a0Coordenado por um\u00a0<a title=\"Comit\u00ea Gestor do Instituto Federal do Esp\u00edrito Santo (Ifes)\" href=\"http:\/\/www.ifms.edu.br:9000\/lists\/lt.php?tid=KxkGC1cJVlYFUUsHDlkGTlBXVAdOAV5aVxsLBFRQAwlVVwZQXQ8fBwdVXgZTAAROXVEHBk4NDlsBGwBfUVZPVwAAAgEEXQIAVVVSH1ICAwYCUlcDTghaXAYbDFZQBk8JVlZUH1AKVgBWAgNWVAIABw\" target=\"_blank\" rel=\"noopener noreferrer\">Comit\u00ea Gestor do Instituto Federal do Esp\u00edrito Santo (Ifes)<\/a>\u00a0e pela Comiss\u00e3o Acad\u00eamica Nacional, o Mestrado em Educa\u00e7\u00e3o Profissional e Tecnol\u00f3gica \u00e9 ofertado na modalidade semipresencial em 40 institui\u00e7\u00f5es da Rede Federal de Educa\u00e7\u00e3o Profissional, Cient\u00edfica e Tecnol\u00f3gica (RFEPCT), sendo 38 Institutos Federais, um Centro Federal de Educa\u00e7\u00e3o Profissional (Cefet) e o Col\u00e9gio Pedro II.<\/p>\n<p>As linhas de pesquisa do mestrado s\u00e3o:<\/p>\n<p><strong>Pr\u00e1ticas Educativas em Educa\u00e7\u00e3o Profissional e Tecnol\u00f3gica<\/strong>: trata dos fundamentos das pr\u00e1ticas educativas e do desenvolvimento curricular na Educa\u00e7\u00e3o Profissional e Tecnol\u00f3gica, em suas diversas formas de oferta, a partir de uma abordagem inclusiva, interdisciplinar, em espa\u00e7os formais e n\u00e3o formais, em conformidade com a perspectiva do trabalho como princ\u00edpio educativo e do curr\u00edculo integrado;<\/p>\n<p><strong>Gest\u00e3o e Organiza\u00e7\u00e3o do Espa\u00e7o Pedag\u00f3gico em Educa\u00e7\u00e3o Profissional e Tecnol\u00f3gica<\/strong>: trata dos processos de gest\u00e3o e organiza\u00e7\u00e3o do espa\u00e7o pedag\u00f3gico que contribuam diretamente com os processos de ensino, com foco nas estrat\u00e9gias transversais e interdisciplinares que possibilitem forma\u00e7\u00e3o integral e significativa do educando.<\/p>\n","protected":false},"excerpt":{"rendered":"<p>Est\u00e3o abertas as inscri\u00e7\u00f5es para o Mestrado Profissional do Programa de P\u00f3s-Gradua\u00e7\u00e3o em Educa\u00e7\u00e3o Profissional&#8230;<\/p>\n","protected":false},"author":9,"featured_media":0,"comment_status":"closed","ping_status":"closed","sticky":false,"template":"","format":"standard","meta":{"footnotes":""},"categories":[10],"tags":[],"class_list":["post-11720822","post","type-post","status-publish","format-standard","hentry","category-educacao"],"_links":{"self":[{"href":"https:\/\/www.corumbaonline.com.br\/news\/wp-json\/wp\/v2\/posts\/11720822","targetHints":{"allow":["GET"]}}],"collection":[{"href":"https:\/\/www.corumbaonline.com.br\/news\/wp-json\/wp\/v2\/posts"}],"about":[{"href":"https:\/\/www.corumbaonline.com.br\/news\/wp-json\/wp\/v2\/types\/post"}],"author":[{"embeddable":true,"href":"https:\/\/www.corumbaonline.com.br\/news\/wp-json\/wp\/v2\/users\/9"}],"replies":[{"embeddable":true,"href":"https:\/\/www.corumbaonline.com.br\/news\/wp-json\/wp\/v2\/comments?post=11720822"}],"version-history":[{"count":1,"href":"https:\/\/www.corumbaonline.com.br\/news\/wp-json\/wp\/v2\/posts\/11720822\/revisions"}],"predecessor-version":[{"id":11720823,"href":"https:\/\/www.corumbaonline.com.br\/news\/wp-json\/wp\/v2\/posts\/11720822\/revisions\/11720823"}],"wp:attachment":[{"href":"https:\/\/www.corumbaonline.com.br\/news\/wp-json\/wp\/v2\/media?parent=11720822"}],"wp:term":[{"taxonomy":"category","embeddable":true,"href":"https:\/\/www.corumbaonline.com.br\/news\/wp-json\/wp\/v2\/categories?post=11720822"},{"taxonomy":"post_tag","embeddable":true,"href":"https:\/\/www.corumbaonline.com.br\/news\/wp-json\/wp\/v2\/tags?post=11720822"}],"curies":[{"name":"wp","href":"https:\/\/api.w.org\/{rel}","templated":true}]}}