{"id":11720824,"date":"2021-12-15T08:57:00","date_gmt":"2021-12-15T12:57:00","guid":{"rendered":"http:\/\/www.corumbaonline.com.br\/news\/?p=11720824"},"modified":"2021-12-15T10:59:49","modified_gmt":"2021-12-15T14:59:49","slug":"prefeitura-vai-antecipar-pagamento-do-1-3-de-ferias-dos-professores-para-dezembro","status":"publish","type":"post","link":"https:\/\/www.corumbaonline.com.br\/news\/prefeitura-vai-antecipar-pagamento-do-1-3-de-ferias-dos-professores-para-dezembro\/","title":{"rendered":"Prefeitura vai antecipar pagamento do 1\/3 de f\u00e9rias dos professores para dezembro"},"content":{"rendered":"<p>Todos os 985 profissionais de educa\u00e7\u00e3o da Rede Municipal de Ensino de Corumb\u00e1 (REME) v\u00e3o receber o 1\/3 de f\u00e9rias juntamente com o sal\u00e1rio de dezembro, programado para ser liberado no pr\u00f3ximo dia 28. Essa \u00e9 a primeira vez que a Prefeitura de Corumb\u00e1 antecipa o pagamento do benef\u00edcio dos professores para antes do m\u00eas de janeiro.<\/p>\n<p>\u201c\u00c9 uma forma que encontramos de prestigiar nossos professores, que apesar de todas as dificuldades impostas pela pandemia ao longo de quase 2 anos, n\u00e3o mediram esfor\u00e7os para desempenhar sua principal miss\u00e3o, que \u00e9 ensinar nossas crian\u00e7as\u201d, afirmou o prefeito Marcelo Iunes.<\/p>\n<p>O chefe do Executivo municipal observou ainda que a antecipa\u00e7\u00e3o do direito trabalhista favorece o com\u00e9rcio local e permite que os educadores planejem seu descanso com maior seguran\u00e7a. \u201cIsso s\u00f3 foi poss\u00edvel gra\u00e7as ao planejamento que fizemos e seguimos ao longo de todo ano\u201d, prosseguiu o prefeito.<\/p>\n<p>\u201cMesmo nos momentos em que a economia mundial sentiu os piores efeitos da pandemia de Covid-19, n\u00f3s n\u00e3o atrasamos em um dia sequer o pagamento dos servidores p\u00fablicos de Corumb\u00e1. E fizemos isso sem paralisar obras e os servi\u00e7os essenciais \u00e0 popula\u00e7\u00e3o. \u00c9 uma prova do respeito, do cuidado e da transpar\u00eancia na aplica\u00e7\u00e3o dos recursos p\u00fablicos\u201d, finalizou Marcelo Iunes.<\/p>\n<p>Para o secret\u00e1rio municipal de Educa\u00e7\u00e3o, Genilson Canavarro de Abreu a atitude de Executivo comprova o comprometimento que a atual gest\u00e3o possui com os professores, que \u00e9 um dos pilares da Educa\u00e7\u00e3o.<\/p>\n<p>\u201cAl\u00e9m das melhorias em estruturas f\u00edsicas com reformas de unidades escolares, aquisi\u00e7\u00e3o de ve\u00edculo para transporte de merenda, entre outras a\u00e7\u00f5es, fica claro o investimento tamb\u00e9m na parte de pessoal, com processos seletivos, capacita\u00e7\u00f5es e, agora, o pagamento antecipado, reconhecendo o papel determinante do profissional da Educa\u00e7\u00e3o em nossa sociedade\u201d.<\/p>\n<p>A Secretaria Municipal de Educa\u00e7\u00e3o esclareceu ainda que 331 professores contratados que tem direto ao benef\u00edcio v\u00e3o receber, tamb\u00e9m no dia 28 de dezembro, o proporcional aos 17 dias trabalhados neste m\u00eas, al\u00e9m da indeniza\u00e7\u00e3o dos dias de f\u00e9rias devidos.<\/p>\n","protected":false},"excerpt":{"rendered":"<p>Todos os 985 profissionais de educa\u00e7\u00e3o da Rede Municipal de Ensino de Corumb\u00e1 (REME) v\u00e3o&#8230;<\/p>\n","protected":false},"author":70,"featured_media":0,"comment_status":"closed","ping_status":"closed","sticky":false,"template":"","format":"standard","meta":{"footnotes":""},"categories":[10],"tags":[],"class_list":["post-11720824","post","type-post","status-publish","format-standard","hentry","category-educacao"],"_links":{"self":[{"href":"https:\/\/www.corumbaonline.com.br\/news\/wp-json\/wp\/v2\/posts\/11720824","targetHints":{"allow":["GET"]}}],"collection":[{"href":"https:\/\/www.corumbaonline.com.br\/news\/wp-json\/wp\/v2\/posts"}],"about":[{"href":"https:\/\/www.corumbaonline.com.br\/news\/wp-json\/wp\/v2\/types\/post"}],"author":[{"embeddable":true,"href":"https:\/\/www.corumbaonline.com.br\/news\/wp-json\/wp\/v2\/users\/70"}],"replies":[{"embeddable":true,"href":"https:\/\/www.corumbaonline.com.br\/news\/wp-json\/wp\/v2\/comments?post=11720824"}],"version-history":[{"count":1,"href":"https:\/\/www.corumbaonline.com.br\/news\/wp-json\/wp\/v2\/posts\/11720824\/revisions"}],"predecessor-version":[{"id":11720825,"href":"https:\/\/www.corumbaonline.com.br\/news\/wp-json\/wp\/v2\/posts\/11720824\/revisions\/11720825"}],"wp:attachment":[{"href":"https:\/\/www.corumbaonline.com.br\/news\/wp-json\/wp\/v2\/media?parent=11720824"}],"wp:term":[{"taxonomy":"category","embeddable":true,"href":"https:\/\/www.corumbaonline.com.br\/news\/wp-json\/wp\/v2\/categories?post=11720824"},{"taxonomy":"post_tag","embeddable":true,"href":"https:\/\/www.corumbaonline.com.br\/news\/wp-json\/wp\/v2\/tags?post=11720824"}],"curies":[{"name":"wp","href":"https:\/\/api.w.org\/{rel}","templated":true}]}}